{"id":135539,"date":"2026-01-12T13:47:10","date_gmt":"2026-01-12T13:47:10","guid":{"rendered":"https:\/\/www.europesays.com\/no\/135539\/"},"modified":"2026-01-12T13:47:10","modified_gmt":"2026-01-12T13:47:10","slug":"klar-advarsel-til-bilister","status":"publish","type":"post","link":"https:\/\/www.europesays.com\/no\/135539\/","title":{"rendered":"Klar advarsel til bilister"},"content":{"rendered":"<p class=\"kicker \" style=\"\">V\u00e6ret:\u00a0<\/p>\n<p>    Etter g\u00e5rsdagens farevarsel for kraftig sn\u00f8 i Agder, er det n\u00e5 meldt om kolonnekj\u00f8ring og krevende kj\u00f8reforhold flere steder.\u00a0<\/p>\n<p>\n    GLATTE VEIER: Det varsles mildv\u00e6r og regn som kan gj\u00f8re veiene speilglatte. Foto: Stian Lysberg Solum \/ NTB\n  <\/p>\n<p>    Kort fortalt<\/p>\n<ul lang=\"nb-NO\">\n<li>Et lavtrykk mellom Skottland og Island gir kraftig vind og sn\u00f8 i Norge.<\/li>\n<li>Vegvesenet advarer om kolonnekj\u00f8ring og stengte veier p\u00e5 grunn av sn\u00f8fall.<\/li>\n<li>Meteorologer varsler opptil 40 cm sn\u00f8 og risiko for str\u00f8mbrudd.<\/li>\n<li>Mildv\u00e6r kan f\u00f8re til isete veier, og folk oppfordres til \u00e5 m\u00e5ke sn\u00f8 raskt.<\/li>\n<\/ul>\n<p class=\"italic ai-disclaimer\" data-lab-italic=\"italic\">Sammendraget er laget av ChatGPT og godkjent av Dagbladet.<\/p>\n<p>      Vis mer<br \/>\n      Vis mindre<\/p>\n<p>Et lavtrykk mellom Skottland og Island trekker n\u00e5 inn over Norge og gir kraftig vind p\u00e5 Vestlandet og nordover til Nordland.\u00a0<\/p>\n<p>Samtidig f\u00f8rer systemet med seg store sn\u00f8mengder i flere deler av landet, s\u00e6rlig i omr\u00e5der med gult og oransje farevarsel.<\/p>\n<p>Kolonnekj\u00f8ring og stengte veier\t<\/p>\n<p>Entrepren\u00f8rer er forberedt og har mannskap i beredskap, men Vegvesenet advarer likevel om at det kan bli venting, s\u00e6rlig der det er kolonnekj\u00f8ring.\u00a0<\/p>\n<p>Anniken Island, trafikkoperat\u00f8r i Veitrafikksentralen S\u00f8r, kommer med en tydelig oppfordring til alle som skal ut og kj\u00f8re i dag.\u00a0<\/p>\n<p>&#8211; Skal du kj\u00f8re der det er kolonnekj\u00f8ring, m\u00e5 du ha bilen full av drivstoff eller fulladet, og ha med deg mat og varme kl\u00e6r. Det kan fort bli venting, sier Island til Dagbladet.<\/p>\n<p>    <a itemprop=\"url\" href=\"https:\/\/www.dagbladet.no\/nyheter\/pagar-etterforskning\/84086092\" rel=\"nofollow noopener\" target=\"_blank\"><\/p>\n<p>        <img loading=\"lazy\" decoding=\"async\" src=\"https:\/\/www.europesays.com\/no\/wp-content\/uploads\/2026\/01\/84060749.webp.webp\" width=\"980\" height=\"441\" title=\"P\u00e5g\u00e5r etterforskning\" alt=\"\" class=\"lazyload\" style=\"--aspect-ratio-image: 2.22; \"\/><\/p>\n<p>        P\u00e5g\u00e5r etterforskning<\/p>\n<p>    <\/a><\/p>\n<p>Statens vegvesen melder om kolonnekj\u00f8ringer p\u00e5 flere <a href=\"https:\/\/www.vegvesen.no\/trafikk\/hvaskjer?layers=fo&amp;lat=65&amp;lng=15&amp;zoom=3\" rel=\"nofollow noopener\" target=\"_blank\">fjelloverganger<\/a> mandag formiddag.\u00a0<\/p>\n<p>&#8211; Det er kolonnekj\u00f8ring p\u00e5 Hol-Aurland, Hardangervidda og Haukelifjell, p\u00e5 vestsiden mellom Liamyrene og Haukelitunnelen.\u00a0<\/p>\n<p> Forel\u00f8pig har trafikken i lavlandet g\u00e5tt relativt greit, men Vegvesenet understreker at situasjonen raskt kan endre seg utover dagen etter hvert som sn\u00f8v\u00e6ret tiltar. <\/p>\n<p> P\u00e5 E18 i Telemark og Vestfold er det for det meste bart og v\u00e5tt, mens det p\u00e5 E39 i Agder ligger sn\u00f8 i veibanen. <\/p>\n<p>&#8211; Kj\u00f8r etter forholdene\t<\/p>\n<p> Vegvesenet ber bilister ta det rolig og tilpasse kj\u00f8ringen.\u00a0<\/p>\n<p>&#8211; Folk m\u00e5 kj\u00f8re etter forholdene, holde god avstand og beregne god tid. Man m\u00e5 ikke ha det travelt.\u00a0<\/p>\n<p>Flere biler har kj\u00f8rt av veien mandag, men Vegvesenet opplyser at det ikke har v\u00e6rt noen alvorlige ulykker s\u00e5 langt.\u00a0<\/p>\n<p>Opptil 40 centimeter sn\u00f8\t<\/p>\n<p> Meteorolog Sigrid Augan\u00e6s sier at det i omr\u00e5der med det oransje farevarselet kan komme mellom 25 og 40 centimeter sn\u00f8 i l\u00f8pet av 24 timer.\u00a0<\/p>\n<p class=\"font-weight-bold m-font-weight-bold\" data-lab-font_weight=\"font-weight-bold\">&#8211; Sn\u00f8en kommer ikke ferdig m\u00e5ket. Den m\u00e5 bort fra veiene, og det kan skape vanskelige kj\u00f8reforhold og forsinkelser i trafikken, sier hun.\u00a0<\/p>\n<p>Den tunge sn\u00f8en kan ogs\u00e5 legge seg p\u00e5 str\u00f8mnettet.<\/p>\n<p>&#8211; Det er mulighet for str\u00f8mbrudd fordi tung sn\u00f8 kan legge seg p\u00e5 kraftlinjer, sier meteorologen.\u00a0<\/p>\n<p>I gule fareomr\u00e5der er det ventet mellom 10 og 25 centimeter sn\u00f8 det neste d\u00f8gnet, mens det i omr\u00e5der med oransje varsel kan komme mellom 25 og 40 centimeter p\u00e5 24 timer.<\/p>\n<p>P\u00e5 Vestlandet, M\u00f8re og Romsdal, Tr\u00f8ndelag og deler av Nordland er det ogs\u00e5 kraftig vind, noe som kan forsterke problemene.\u00a0<\/p>\n<p>        <img loading=\"lazy\" decoding=\"async\" src=\"https:\/\/www.europesays.com\/no\/wp-content\/uploads\/2026\/01\/84085934.webp.webp\" width=\"980\" height=\"559\" title=\"ORANSJE FAREVARSEL: Agder v\u00e5knet mandag morgen opp til sn\u00f8 og vind. Foto: Yr.no \/ NTB\" alt=\"\" class=\"\" style=\"--aspect-ratio-image: 1.75; \"\/><\/p>\n<p>\n        ORANSJE FAREVARSEL: Agder v\u00e5knet mandag morgen opp til sn\u00f8 og vind. Foto: Yr.no \/ NTB\n    <\/p>\n<p>    <a itemprop=\"url\" href=\"https:\/\/www.dagbladet.no\/sport\/jeg-er-erklaert-frisk\/84086931\" rel=\"nofollow noopener\" target=\"_blank\"><\/p>\n<p>        <img loading=\"lazy\" decoding=\"async\" src=\"https:\/\/www.europesays.com\/no\/wp-content\/uploads\/2026\/01\/84086965.webp.webp\" width=\"980\" height=\"441\" title=\"- Jeg er erkl\u00e6rt frisk\" alt=\"\" class=\"lazyload\" style=\"--aspect-ratio-image: 2.22; \"\/><\/p>\n<p>        &#8211; Jeg er erkl\u00e6rt frisk<\/p>\n<p>    <\/a><\/p>\n<p>Mildv\u00e6r gir is og slaps\t<\/p>\n<p> Samtidig som sn\u00f8v\u00e6ret p\u00e5g\u00e5r, er et v\u00e6rskifte p\u00e5 vei.<\/p>\n<p>\u00a0Det varsles temperaturstigning p\u00e5 Vestlandet de neste dagene, noe som \u00f8ker faren for is.\u00a0<\/p>\n<p>&#8211; N\u00e5r det blir mildere og det kommer regn p\u00e5 bakken og sn\u00f8dekte veier, kan regnet fryse til is. Da blir det speilblankt, forklarer Augan\u00e6s.<\/p>\n<p>Det gjelder b\u00e5de p\u00e5 Vestlandet og etter hvert p\u00e5 \u00d8stlandet.\u00a0<\/p>\n<p>P\u00e5 \u00d8stlandet g\u00e5r det mot mildere og v\u00e5tere v\u00e6r, med perioder med regn og sludd som temperaturer rundt null til noen f\u00e5 plussgrader.\u00a0<\/p>\n<p>&#8211; P\u00e5 \u00d8stlandet starter nedb\u00f8ren som sn\u00f8, f\u00f8r den g\u00e5r over til sludd og regn. Da f\u00e5r vi en overgang som ofte gir sv\u00e6rt glatt f\u00f8re, sier hun.\u00a0<\/p>\n<p>Meteorologene vurderer ogs\u00e5 \u00e5 sende ut egne glattf\u00f8revarsler for deler av \u00d8stlandet senere i uka.\u00a0<\/p>\n<p>&#8211; M\u00e5k f\u00f8r det fryser\u00a0\t<\/p>\n<p> B\u00e5de Vegvesenet og meteorologene har et klart r\u00e5d til folk hjemme.\u00a0<\/p>\n<p>&#8211; F\u00e5r du p\u00e5fyll av sn\u00f8, s\u00e5 m\u00e5k det bort s\u00e5 fort som mulig f\u00f8r mildv\u00e6ret kommer. N\u00e5r det f\u00f8rst fryser til is, blir det veldig vanskelig \u00e5 f\u00e5 bort, sier Augan\u00e6s.\u00a0<\/p>\n<p>Hun anbefaler ogs\u00e5 \u00e5 bruke brodder.\u00a0<\/p>\n<p>&#8211; Ta heller p\u00e5 brodder en gang for mye enn for lite. Det blir glatt, sier hun.\u00a0<\/p>\n","protected":false},"excerpt":{"rendered":"V\u00e6ret:\u00a0 Etter g\u00e5rsdagens farevarsel for kraftig sn\u00f8 i Agder, er det n\u00e5 meldt om kolonnekj\u00f8ring og krevende kj\u00f8reforhold&hellip;\n","protected":false},"author":2,"featured_media":135540,"comment_status":"","ping_status":"","sticky":false,"template":"","format":"standard","meta":{"footnotes":""},"categories":[10],"tags":[20,21,24,25,15,22,23,13,30,28,29,14,16,26,27,412,387],"class_list":{"0":"post-135539","1":"post","2":"type-post","3":"status-publish","4":"format-standard","5":"has-post-thumbnail","7":"category-norge","8":"tag-breaking-news","9":"tag-breakingnews","10":"tag-featured-news","11":"tag-featurednews","12":"tag-headlines","13":"tag-latest-news","14":"tag-latestnews","15":"tag-news","16":"tag-no","17":"tag-norge","18":"tag-norway","19":"tag-nyheter","20":"tag-overskrifter","21":"tag-top-stories","22":"tag-topstories","23":"tag-utenriks","24":"tag-vaeret"},"share_on_mastodon":{"url":"https:\/\/pubeurope.com\/@no\/115882442298532984","error":""},"_links":{"self":[{"href":"https:\/\/www.europesays.com\/no\/wp-json\/wp\/v2\/posts\/135539","targetHints":{"allow":["GET"]}}],"collection":[{"href":"https:\/\/www.europesays.com\/no\/wp-json\/wp\/v2\/posts"}],"about":[{"href":"https:\/\/www.europesays.com\/no\/wp-json\/wp\/v2\/types\/post"}],"author":[{"embeddable":true,"href":"https:\/\/www.europesays.com\/no\/wp-json\/wp\/v2\/users\/2"}],"replies":[{"embeddable":true,"href":"https:\/\/www.europesays.com\/no\/wp-json\/wp\/v2\/comments?post=135539"}],"version-history":[{"count":0,"href":"https:\/\/www.europesays.com\/no\/wp-json\/wp\/v2\/posts\/135539\/revisions"}],"wp:featuredmedia":[{"embeddable":true,"href":"https:\/\/www.europesays.com\/no\/wp-json\/wp\/v2\/media\/135540"}],"wp:attachment":[{"href":"https:\/\/www.europesays.com\/no\/wp-json\/wp\/v2\/media?parent=135539"}],"wp:term":[{"taxonomy":"category","embeddable":true,"href":"https:\/\/www.europesays.com\/no\/wp-json\/wp\/v2\/categories?post=135539"},{"taxonomy":"post_tag","embeddable":true,"href":"https:\/\/www.europesays.com\/no\/wp-json\/wp\/v2\/tags?post=135539"}],"curies":[{"name":"wp","href":"https:\/\/api.w.org\/{rel}","templated":true}]}}