{"id":135545,"date":"2026-01-12T14:01:19","date_gmt":"2026-01-12T14:01:19","guid":{"rendered":"https:\/\/www.europesays.com\/no\/135545\/"},"modified":"2026-01-12T14:01:19","modified_gmt":"2026-01-12T14:01:19","slug":"ulykker-og-hendelser-asker-bil-havnet-pa-taket-sjafor-mistet-lappen","status":"publish","type":"post","link":"https:\/\/www.europesays.com\/no\/135545\/","title":{"rendered":"Ulykker og hendelser, Asker | Bil havnet p\u00e5 taket \u2013 sj\u00e5f\u00f8r mistet lappen"},"content":{"rendered":"\n<p>\u2013 N\u00f8detatene er p\u00e5 stedet ved Tofteveien ved Kana, hvor det er meldt om en bil som har kj\u00f8rt av veien, og har havnet p\u00e5 taket, meldte politiets operasjonsleder \u00d8yvind Hammervold i Politiloggen klokken 08.33.<\/p>\n<p>F\u00f8rer, som var den eneste i bilen, skal if\u00f8lge politiet v\u00e6re ute og ved bevissthet. Til Budstikka opplyser Hammervold at mannen i 20-\u00e5rene er fratatt f\u00f8rerkortet.<\/p>\n<p>\u2013 Han skal ikke ha tilpasset farten til forholdene. Det er veitrafikklovens paragraf 3 vi bruker her, sier Hammervold.<\/p>\n<p>Mannen ble kj\u00f8rt til sykehus for sjekk, men det er ikke snakk om alvorlige skader. Veien ble stengt i et kort tidsrom, mens bilen ble fjernet.<\/p>\n<p>Mandag morgen <a href=\"https:\/\/www.budstikka.no\/front-mot-front-i-asker\/s\/5-55-2181146\" rel=\"Follow nofollow noopener\" target=\"_blank\">krasjet to biler p\u00e5 Heggedalsveien<\/a> ved Dikemark.<\/p>\n","protected":false},"excerpt":{"rendered":"\u2013 N\u00f8detatene er p\u00e5 stedet ved Tofteveien ved Kana, hvor det er meldt om en bil som har&hellip;\n","protected":false},"author":2,"featured_media":135546,"comment_status":"","ping_status":"","sticky":false,"template":"","format":"standard","meta":{"footnotes":""},"categories":[10],"tags":[36,996,20,21,24,25,15,5575,22,23,13,30,28,29,14,16,254,1510,26,27,941],"class_list":{"0":"post-135545","1":"post","2":"type-post","3":"status-publish","4":"format-standard","5":"has-post-thumbnail","7":"category-norge","8":"tag-art","9":"tag-asker","10":"tag-breaking-news","11":"tag-breakingnews","12":"tag-featured-news","13":"tag-featurednews","14":"tag-headlines","15":"tag-hurum","16":"tag-latest-news","17":"tag-latestnews","18":"tag-news","19":"tag-no","20":"tag-norge","21":"tag-norway","22":"tag-nyheter","23":"tag-overskrifter","24":"tag-politi","25":"tag-story","26":"tag-top-stories","27":"tag-topstories","28":"tag-ulykker-og-hendelser"},"share_on_mastodon":{"url":"https:\/\/pubeurope.com\/@no\/115882497325635727","error":""},"_links":{"self":[{"href":"https:\/\/www.europesays.com\/no\/wp-json\/wp\/v2\/posts\/135545","targetHints":{"allow":["GET"]}}],"collection":[{"href":"https:\/\/www.europesays.com\/no\/wp-json\/wp\/v2\/posts"}],"about":[{"href":"https:\/\/www.europesays.com\/no\/wp-json\/wp\/v2\/types\/post"}],"author":[{"embeddable":true,"href":"https:\/\/www.europesays.com\/no\/wp-json\/wp\/v2\/users\/2"}],"replies":[{"embeddable":true,"href":"https:\/\/www.europesays.com\/no\/wp-json\/wp\/v2\/comments?post=135545"}],"version-history":[{"count":0,"href":"https:\/\/www.europesays.com\/no\/wp-json\/wp\/v2\/posts\/135545\/revisions"}],"wp:featuredmedia":[{"embeddable":true,"href":"https:\/\/www.europesays.com\/no\/wp-json\/wp\/v2\/media\/135546"}],"wp:attachment":[{"href":"https:\/\/www.europesays.com\/no\/wp-json\/wp\/v2\/media?parent=135545"}],"wp:term":[{"taxonomy":"category","embeddable":true,"href":"https:\/\/www.europesays.com\/no\/wp-json\/wp\/v2\/categories?post=135545"},{"taxonomy":"post_tag","embeddable":true,"href":"https:\/\/www.europesays.com\/no\/wp-json\/wp\/v2\/tags?post=135545"}],"curies":[{"name":"wp","href":"https:\/\/api.w.org\/{rel}","templated":true}]}}