{"id":135549,"date":"2026-01-12T14:08:07","date_gmt":"2026-01-12T14:08:07","guid":{"rendered":"https:\/\/www.europesays.com\/no\/135549\/"},"modified":"2026-01-12T14:08:07","modified_gmt":"2026-01-12T14:08:07","slug":"savnet-eldre-kvinne-bekreftet-dod-etter-a-ha-blitt-funnet-livlos-utendors","status":"publish","type":"post","link":"https:\/\/www.europesays.com\/no\/135549\/","title":{"rendered":"Savnet eldre kvinne bekreftet d\u00f8d etter \u00e5 ha blitt funnet livl\u00f8s utend\u00f8rs"},"content":{"rendered":"\n<p class=\"_lead_o9xde_2 _lead_xtcu6_50 layout-component text-serif-m layout-normal text-serif-l layout-component layout-wide layout-padded _wide_17hqh_1 layout-padded\">En kvinne i 80-\u00e5rene som tidlig s\u00f8ndag morgen forsvant fra boligen sin p\u00e5 N\u00f8tter\u00f8y, og senere ble funnet livl\u00f8s utend\u00f8rs, er bekreftet d\u00f8d.<\/p>\n<ul aria-hidden=\"true\" class=\"_images_ntbth_112\">\n<li><a class=\"_link_ntbth_117\" href=\"https:\/\/www.vg.no\/forfatter\/ntb\" style=\"z-index:1\" title=\"NTB\" rel=\"nofollow noopener\" target=\"_blank\"><img alt=\"Bilde av NTB\" class=\"_image_ntbth_93\" fetchpriority=\"low\" loading=\"lazy\" decoding=\"async\" itemprop=\"image\"  src=\"https:\/\/www.europesays.com\/no\/wp-content\/uploads\/2026\/01\/1768226887_353_c33980b0-5d07-4027-84a1-813f90a7c8d6.png\"  width=\"480\"\/><\/a><\/li>\n<\/ul>\n<p> Oppdatert mandag 12. januar kl. 14:26     <\/p>\n<p class=\"_paragraph_o9xde_4 _paragraph_xtcu6_10 layout-component text-serif-m layout-normal text-serif-m layout-padded\"> Det opplyser avsnittsleder for etterforskningsavdelingen ved T\u00f8nsberg politistasjon, Trine Berg, til <a href=\"https:\/\/www.tb.no\/savnet-kvinne-funnet-livlos-politiet-bekrefter-dodsfall\/s\/5-76-2766229\" class=\"_link_o9xde_39\" rel=\"nofollow noopener\" target=\"_blank\">T\u00f8nsbergs Blad<\/a> mandag.<\/p>\n<p class=\"_paragraph_o9xde_4 _paragraph_xtcu6_10 layout-component text-serif-m layout-normal text-serif-m layout-padded\">Politiet meldte i 8.30-tiden s\u00f8ndag at det var iverksatt leteaksjon etter en savnet kvinne i 80-\u00e5rene.<\/p>\n<p class=\"_paragraph_o9xde_4 _paragraph_xtcu6_10 layout-component text-serif-m layout-normal text-serif-m layout-padded\">Hun forsvant fra sin egen bolig i omr\u00e5det Vestskogen p\u00e5 <a href=\"https:\/\/www.vg.no\/tag\/noetteroey?utm_source=vg-article&amp;utm_medium=auto-tagger&amp;utm_campaign=e7KGB9\" class=\"_link_o9xde_39\" rel=\"nofollow noopener\" target=\"_blank\">N\u00f8tter\u00f8y<\/a> i 4-tiden s\u00f8ndag, og var kun if\u00f8rt natt\u00f8y. Det ble s\u00f8ndag morgen m\u00e5lt 14 minusgrader i omr\u00e5det.<\/p>\n<p class=\"_paragraph_o9xde_4 _paragraph_xtcu6_10 layout-component text-serif-m layout-normal text-serif-m layout-padded\">Litt over klokken 10 samme dag meldte politiet at det etter tips fra publikum var funnet en livl\u00f8s kvinne og at det p\u00e5gikk livreddende f\u00f8rstehjelp.<\/p>\n<p class=\"_paragraph_o9xde_4 _paragraph_xtcu6_10 layout-component text-serif-m layout-normal text-serif-m layout-padded\">T\u00f8nsbergs Blad har mandag v\u00e6rt i kontakt med p\u00e5r\u00f8rende, som ikke \u00f8nsker \u00e5 uttale seg i saken.<\/p>\n","protected":false},"excerpt":{"rendered":"En kvinne i 80-\u00e5rene som tidlig s\u00f8ndag morgen forsvant fra boligen sin p\u00e5 N\u00f8tter\u00f8y, og senere ble funnet&hellip;\n","protected":false},"author":2,"featured_media":135550,"comment_status":"","ping_status":"","sticky":false,"template":"","format":"standard","meta":{"footnotes":""},"categories":[10],"tags":[20,21,24,25,15,22,23,13,30,28,29,4202,14,16,26,27,431],"class_list":{"0":"post-135549","1":"post","2":"type-post","3":"status-publish","4":"format-standard","5":"has-post-thumbnail","7":"category-norge","8":"tag-breaking-news","9":"tag-breakingnews","10":"tag-featured-news","11":"tag-featurednews","12":"tag-headlines","13":"tag-latest-news","14":"tag-latestnews","15":"tag-news","16":"tag-no","17":"tag-norge","18":"tag-norway","19":"tag-notteroy","20":"tag-nyheter","21":"tag-overskrifter","22":"tag-top-stories","23":"tag-topstories","24":"tag-tonsberg"},"share_on_mastodon":{"url":"https:\/\/pubeurope.com\/@no\/115882525060699877","error":""},"_links":{"self":[{"href":"https:\/\/www.europesays.com\/no\/wp-json\/wp\/v2\/posts\/135549","targetHints":{"allow":["GET"]}}],"collection":[{"href":"https:\/\/www.europesays.com\/no\/wp-json\/wp\/v2\/posts"}],"about":[{"href":"https:\/\/www.europesays.com\/no\/wp-json\/wp\/v2\/types\/post"}],"author":[{"embeddable":true,"href":"https:\/\/www.europesays.com\/no\/wp-json\/wp\/v2\/users\/2"}],"replies":[{"embeddable":true,"href":"https:\/\/www.europesays.com\/no\/wp-json\/wp\/v2\/comments?post=135549"}],"version-history":[{"count":0,"href":"https:\/\/www.europesays.com\/no\/wp-json\/wp\/v2\/posts\/135549\/revisions"}],"wp:featuredmedia":[{"embeddable":true,"href":"https:\/\/www.europesays.com\/no\/wp-json\/wp\/v2\/media\/135550"}],"wp:attachment":[{"href":"https:\/\/www.europesays.com\/no\/wp-json\/wp\/v2\/media?parent=135549"}],"wp:term":[{"taxonomy":"category","embeddable":true,"href":"https:\/\/www.europesays.com\/no\/wp-json\/wp\/v2\/categories?post=135549"},{"taxonomy":"post_tag","embeddable":true,"href":"https:\/\/www.europesays.com\/no\/wp-json\/wp\/v2\/tags?post=135549"}],"curies":[{"name":"wp","href":"https:\/\/api.w.org\/{rel}","templated":true}]}}