{"id":135551,"date":"2026-01-12T14:09:09","date_gmt":"2026-01-12T14:09:09","guid":{"rendered":"https:\/\/www.europesays.com\/no\/135551\/"},"modified":"2026-01-12T14:09:09","modified_gmt":"2026-01-12T14:09:09","slug":"nato-legger-planer-for-gronland-styrke","status":"publish","type":"post","link":"https:\/\/www.europesays.com\/no\/135551\/","title":{"rendered":"Nato legger planer for Gr\u00f8nland-styrke"},"content":{"rendered":"\n<p class=\"_lead_o9xde_2 _lead_xtcu6_50 layout-component text-serif-m layout-normal text-serif-l layout-component layout-wide layout-padded _wide_17hqh_1 layout-padded\">Norge er med i en intern diskusjon i Nato om \u00e5 \u00f8ke alliansens milit\u00e6re n\u00e6rv\u00e6r rundt Gr\u00f8nland, if\u00f8lge VGs opplysninger. <\/p>\n<p><img alt=\"TIL GR\u00d8NLANDS FORSVAR: I september 2025 deltok HV-soldater fra Norge, Danmark og Sverige i en \u00f8velse p\u00e5 Gr\u00f8nland.  Foto: Helene Sofie Thorkildsen \/ Forsvaret\" class=\"_image_qp4xg_65 layout-component layout-wide\" data-fullscreen- data-track-element-type=\"Article image fullscreen\" data-track-name=\"ImageFullscreen\" fetchpriority=\"high\" decoding=\"sync\" loading=\"eager\" height=\"3375\" itemprop=\"image\"  src=\"https:\/\/www.europesays.com\/no\/wp-content\/uploads\/2026\/01\/d6a73fc3-9410-4630-97e9-d94d580dc00d.jpeg\"  style=\"object-position:0% 0%\" width=\"6000\"\/>TIL GR\u00d8NLANDS FORSVAR: I september 2025 deltok HV-soldater fra Norge, Danmark og Sverige i en \u00f8velse p\u00e5 Gr\u00f8nland.  Foto: Helene Sofie Thorkildsen \/ Forsvaret<\/p>\n<ul aria-hidden=\"true\" class=\"_images_ntbth_112\">\n<li><a class=\"_link_ntbth_117\" href=\"https:\/\/www.vg.no\/forfatter\/alf-bjarne-johnsen\" style=\"z-index:1\" title=\"Alf Bjarne Johnsen\" rel=\"nofollow noopener\" target=\"_blank\"><img alt=\"Bilde av Alf Bjarne Johnsen\" class=\"_image_ntbth_93\" fetchpriority=\"low\" loading=\"lazy\" decoding=\"async\" itemprop=\"image\"  src=\"https:\/\/www.europesays.com\/no\/wp-content\/uploads\/2026\/01\/1768226948_821_a8952b63-f4d3-424e-ab5c-93e67076c9b0.jpeg\"  width=\"480\"\/><\/a><\/li>\n<\/ul>\n<p> Oppdatert mandag 12. januar kl. 15:06     <\/p>\n<p class=\"_paragraph_o9xde_4 _paragraph_xtcu6_10 layout-component text-serif-m layout-normal text-serif-m layout-padded\">En sentralt plassert Nato-kilde bekrefter overfor VG at det n\u00e5 tas nye initiativer for \u00e5 styrke Natos \u00e5rv\u00e5kenhet rundt <a href=\"https:\/\/www.vg.no\/tag\/groenland?utm_source=vg-article&amp;utm_medium=auto-tagger&amp;utm_campaign=5p68LW\" class=\"_link_o9xde_39\" rel=\"nofollow noopener\" target=\"_blank\">Gr\u00f8nland<\/a>.<\/p>\n<p class=\"_paragraph_o9xde_4 _paragraph_xtcu6_10 layout-component text-serif-m layout-normal text-serif-m layout-padded\"><strong class=\"_strong_o9xde_25\">Temaet er p\u00e5 Natos bord etter at USAs president Donald Trump p\u00e5 nytt har sagt at <a href=\"https:\/\/www.vg.no\/nyheter\/i\/zOGm45\/danmark-holder-krisemoete-om-groenland-i-lukket-lokale-uten-vinduer\" data-track-element-type=\"Link\" data-track-id=\"link:zOGm45\" class=\"_link_o9xde_39\" rel=\"nofollow noopener\" target=\"_blank\">USA m\u00e5 ha Gr\u00f8nland <\/a>for \u00e5 styrke sin nasjonale sikkerhet.<\/strong><\/p>\n<p class=\"_paragraph_o9xde_4 _paragraph_xtcu6_10 layout-component text-serif-m layout-normal text-serif-m layout-padded\">En aktuell skisse er \u00e5 sette opp en ny Nato-kommando etter m\u00f8nster fra \u00abBaltic Sentry\u00bb. Det er en egen styrke med fly og fart\u00f8yer som Nato etablerte for \u00e5 beskytte undervannskabler og annen kritisk infrastruktur i \u00d8stersj\u00f8en for ett \u00e5r siden.  <\/p>\n<p class=\"_paragraph_o9xde_4 _paragraph_xtcu6_10 layout-component text-serif-m layout-normal text-serif-m layout-padded\">Tyskland skal ha lansert et forslag om \u00e5 lage en \u00abArctic Sentry\u00bb-kommando i Nato, if\u00f8lge nyhetsbyr\u00e5et<a href=\"https:\/\/www.bloomberg.com\/news\/articles\/2026-01-11\/germany-to-pitch-nato-mission-in-arctic-to-ease-greenland-strife\" class=\"_link_o9xde_39\" rel=\"nofollow noopener\" target=\"_blank\"> Bloomberg<\/a>. <\/p>\n<p class=\"_paragraph_o9xde_4 _paragraph_xtcu6_10 layout-component text-serif-m layout-normal text-serif-m layout-padded\"><strong class=\"_strong_o9xde_25\">Men n\u00e5 er det f\u00f8rst og fremst opp til Danmark \u00e5 bestemme retning og tempo for et fremtidig Nato-engasjement, f\u00e5r VG opplyst. <\/strong><\/p>\n<p><img alt=\"Foto: Fredrik Solstad \/ VG\" class=\"_image_qp4xg_65 layout-component layout-normal\" data-fullscreen- data-track-element-type=\"Article image fullscreen\" data-track-name=\"ImageFullscreen\" decoding=\"async\" loading=\"lazy\" height=\"2217\" itemprop=\"image\"  src=\"https:\/\/www.europesays.com\/no\/wp-content\/uploads\/2026\/01\/13647a8e-4d41-4681-b214-3262852287c9.png\"  style=\"object-position:0% 0%\" width=\"2747\"\/>Foto: Fredrik Solstad \/ VGI tr\u00e5d med norsk \u00f8nske<\/p>\n<p class=\"_paragraph_o9xde_4 _paragraph_xtcu6_10 layout-component text-serif-m layout-normal text-serif-m layout-padded\">Danmark har f\u00e5tt en rekke politiske st\u00f8tteerkl\u00e6ringer de siste dagene. <\/p>\n<p class=\"_paragraph_o9xde_4 _paragraph_xtcu6_10 layout-component text-serif-m layout-normal text-serif-m layout-padded\">De fleste av Natos \u00f8vrige 31 medlemsland har tatt stilling mot Trumps krav og erkl\u00e6rt at Gr\u00f8nlands status er et sp\u00f8rsm\u00e5l som bare Gr\u00f8nland og Danmark kan avgj\u00f8re. <\/p>\n<p class=\"_paragraph_o9xde_4 _paragraph_xtcu6_10 layout-component text-serif-m layout-normal text-serif-m layout-padded\"><strong class=\"_strong_o9xde_25\">Mer Nato-n\u00e6rv\u00e6r i Arktisk er helt i tr\u00e5d med et norsk \u00f8nske over tid, om \u00e5 f\u00e5 til et tyngre Nato-engasjement i nordomr\u00e5dene, f\u00e5r VG opplyst. Norge har over flere \u00e5r levert b\u00e5de skriftlige og muntlige innspill om dette. <\/strong><\/p>\n<p class=\"_paragraph_o9xde_4 _paragraph_xtcu6_10 layout-component text-serif-m layout-normal text-serif-m layout-padded\">Overfor VG vises det til at Norge deltok i en milit\u00e6r\u00f8velse p\u00e5 Gr\u00f8nland i september i fjor. <a href=\"https:\/\/www.forsvaret.no\/heimevernet\/aktuelt\/heimevernet-over-pa-gronland\" class=\"_link_o9xde_39\" rel=\"nofollow noopener\" target=\"_blank\">En gruppe soldater fra Heimevernet<\/a> var med i \u00f8velsen \u00abArctic Light\u00bb sammen med HV-soldater fra Danmark og Sverige.   <\/p>\n<p><img alt=\"Foto: Ebrahim Noroozi \/ AP\" class=\"_image_qp4xg_65 layout-component layout-normal\" data-fullscreen- data-track-element-type=\"Article image fullscreen\" data-track-name=\"ImageFullscreen\" decoding=\"async\" loading=\"lazy\" height=\"5376\" itemprop=\"image\"  src=\"https:\/\/www.europesays.com\/no\/wp-content\/uploads\/2026\/01\/f83ed43a-4543-48d4-a93c-adc785601c1b.png\"  style=\"object-position:0% 0%\" width=\"8063\"\/>Foto: Ebrahim Noroozi \/ AP<\/p>\n<p class=\"_paragraph_o9xde_4 _paragraph_xtcu6_10 layout-component text-serif-m layout-normal text-serif-m layout-padded\">N\u00e5 er det h\u00f8yaktuelt med ytterligere Nato-n\u00e6rv\u00e6r, etter USAs \u00f8kte press mot Danmark for \u00e5 overgi verdens st\u00f8rste \u00f8y til USA. <\/p>\n<p class=\"_paragraph_o9xde_4 _paragraph_xtcu6_10 layout-component text-serif-m layout-normal text-serif-m layout-padded\">Flere land deltar i et \u00f8kt diplomatisk press mot Trump for \u00e5 f\u00e5 han til \u00e5 oppgi ideen om \u00e5 ta Gr\u00f8nland. <\/p>\n<p>Skal m\u00f8te USA <\/p>\n<p class=\"_paragraph_o9xde_4 _paragraph_xtcu6_10 layout-component text-serif-m layout-normal text-serif-m layout-padded\">Allerede onsdag skal Danmarks utenriksminister Lars L\u00f8kke Rasmussen og hans kollega fra Gr\u00f8nland Vivian Motzfeldt, m\u00f8te USAs utenriksminister Marco Rubio, if\u00f8lge <a href=\"https:\/\/www.cbsnews.com\/news\/trump-greenland-meeting-danish-officials\/\" class=\"_link_o9xde_39\" rel=\"nofollow noopener\" target=\"_blank\">CBS News.<\/a> <\/p>\n<p class=\"_paragraph_o9xde_4 _paragraph_xtcu6_10 layout-component text-serif-m layout-normal text-serif-m layout-padded\">Den danske utenriksministeren har <a href=\"https:\/\/www.vg.no\/nyheter\/i\/zOGm45\/danmark-holder-krisemoete-om-groenland-i-lukket-lokale-uten-vinduer\" data-track-element-type=\"Link\" data-track-id=\"link:zOGm45\" class=\"_link_o9xde_39\" rel=\"nofollow noopener\" target=\"_blank\">avvist p\u00e5standen fra USAs president<\/a>, om at russiske og kinesiske interesser er p\u00e5 plass i og rundt Gr\u00f8nland:<\/p>\n<p class=\"_paragraph_o9xde_4 _paragraph_xtcu6_10 layout-component text-serif-m layout-normal text-serif-m layout-padded\">\u2013 Vi deler ikke det bildet, at Gr\u00f8nland er plastret med kinesiske investeringer. Denne situasjonen beror p\u00e5 feil lesning, sa Rasmussen etter et m\u00f8te i Folketinget tirsdag kveld. <\/p>\n<p class=\"_paragraph_o9xde_4 _paragraph_xtcu6_10 layout-component text-serif-m layout-normal text-serif-m layout-padded\">Ogs\u00e5 statsminister Jonas Gahr St\u00f8re (Ap) har avvist Trumps beskrivelse av at Gr\u00f8nland er utsatt for \u00f8kt russisk og kinesisk aktivitet:<\/p>\n<p class=\"_paragraph_o9xde_4 _paragraph_xtcu6_10 layout-component text-serif-m layout-normal text-serif-m layout-padded\"><strong class=\"_strong_o9xde_25\">\u2013 Dette er en region med lavspenning, og ryktene om russiske og kinesiske styrker rundt Gr\u00f8nland medf\u00f8rer ikke riktighet. Samtidig er det opplagt at regionen er av stor strategisk betydning. Danmark tar konsekvensen av det ved \u00e5 styrke overv\u00e5king og kontroll. Norge og andre allierte st\u00f8tter opp om dette, sa St\u00f8re i en tale til Aps sentralstyre mandag, if\u00f8lge NTB. <\/strong><\/p>\n<p class=\"_paragraph_o9xde_4 _paragraph_xtcu6_10 layout-component text-serif-m layout-normal text-serif-m layout-padded\">Ogs\u00e5 Canada, som over tid har v\u00e6rt skeptisk til et sterkere Nato-fokus i nordomr\u00e5dene, stiller seg n\u00e5 positiv til styrket Nato-engasjement lengst nord i alliansens ansvarsomr\u00e5de, if\u00f8lge VGs opplysninger.<\/p>\n","protected":false},"excerpt":{"rendered":"Norge er med i en intern diskusjon i Nato om \u00e5 \u00f8ke alliansens milit\u00e6re n\u00e6rv\u00e6r rundt Gr\u00f8nland, if\u00f8lge&hellip;\n","protected":false},"author":2,"featured_media":135552,"comment_status":"","ping_status":"","sticky":false,"template":"","format":"standard","meta":{"footnotes":""},"categories":[5],"tags":[20,21,55,24,25,1903,2112,15,19,22,23,17,18,233,13,30,28,29,14,16,26,27,205],"class_list":{"0":"post-135551","1":"post","2":"type-post","3":"status-publish","4":"format-standard","5":"has-post-thumbnail","7":"category-overskrifter","8":"tag-breaking-news","9":"tag-breakingnews","10":"tag-donald-trump","11":"tag-featured-news","12":"tag-featurednews","13":"tag-forsvaret","14":"tag-gronland","15":"tag-headlines","16":"tag-hovedoppslag","17":"tag-latest-news","18":"tag-latestnews","19":"tag-main-news","20":"tag-mainnews","21":"tag-nato","22":"tag-news","23":"tag-no","24":"tag-norge","25":"tag-norway","26":"tag-nyheter","27":"tag-overskrifter","28":"tag-top-stories","29":"tag-topstories","30":"tag-vgsamfunn"},"share_on_mastodon":{"url":"https:\/\/pubeurope.com\/@no\/115882528882241228","error":""},"_links":{"self":[{"href":"https:\/\/www.europesays.com\/no\/wp-json\/wp\/v2\/posts\/135551","targetHints":{"allow":["GET"]}}],"collection":[{"href":"https:\/\/www.europesays.com\/no\/wp-json\/wp\/v2\/posts"}],"about":[{"href":"https:\/\/www.europesays.com\/no\/wp-json\/wp\/v2\/types\/post"}],"author":[{"embeddable":true,"href":"https:\/\/www.europesays.com\/no\/wp-json\/wp\/v2\/users\/2"}],"replies":[{"embeddable":true,"href":"https:\/\/www.europesays.com\/no\/wp-json\/wp\/v2\/comments?post=135551"}],"version-history":[{"count":0,"href":"https:\/\/www.europesays.com\/no\/wp-json\/wp\/v2\/posts\/135551\/revisions"}],"wp:featuredmedia":[{"embeddable":true,"href":"https:\/\/www.europesays.com\/no\/wp-json\/wp\/v2\/media\/135552"}],"wp:attachment":[{"href":"https:\/\/www.europesays.com\/no\/wp-json\/wp\/v2\/media?parent=135551"}],"wp:term":[{"taxonomy":"category","embeddable":true,"href":"https:\/\/www.europesays.com\/no\/wp-json\/wp\/v2\/categories?post=135551"},{"taxonomy":"post_tag","embeddable":true,"href":"https:\/\/www.europesays.com\/no\/wp-json\/wp\/v2\/tags?post=135551"}],"curies":[{"name":"wp","href":"https:\/\/api.w.org\/{rel}","templated":true}]}}