{"id":135553,"date":"2026-01-12T14:14:13","date_gmt":"2026-01-12T14:14:13","guid":{"rendered":"https:\/\/www.europesays.com\/no\/135553\/"},"modified":"2026-01-12T14:14:13","modified_gmt":"2026-01-12T14:14:13","slug":"spania-avdekket-ti-tonn-kokain-pa-skip-sitt-storste-beslag-til-sjos-noensinne","status":"publish","type":"post","link":"https:\/\/www.europesays.com\/no\/135553\/","title":{"rendered":"Spania avdekket ti tonn kokain p\u00e5 skip \u2013 sitt st\u00f8rste beslag til sj\u00f8s noensinne"},"content":{"rendered":"\n<p class=\"_lead_o9xde_2 _lead_xtcu6_50 layout-component text-serif-m layout-normal text-serif-l layout-component layout-wide layout-padded _wide_17hqh_1 layout-padded\">Spansk politi sier de har gjort sitt st\u00f8rste kokainbeslag til sj\u00f8s noensinne. Nesten ti tonn av det narkotiske stoffet ble funnet p\u00e5 et skip i Atlanterhavet.<\/p>\n<ul aria-hidden=\"true\" class=\"_images_ntbth_112\">\n<li><a class=\"_link_ntbth_117\" href=\"https:\/\/www.vg.no\/forfatter\/ntb\" style=\"z-index:1\" title=\"NTB\" rel=\"nofollow noopener\" target=\"_blank\"><img alt=\"Bilde av NTB\" class=\"_image_ntbth_93\" fetchpriority=\"low\" loading=\"lazy\" decoding=\"async\" itemprop=\"image\"  src=\"https:\/\/www.europesays.com\/no\/wp-content\/uploads\/2026\/01\/1768227253_923_c33980b0-5d07-4027-84a1-813f90a7c8d6.png\"  width=\"480\"\/><\/a><\/li>\n<\/ul>\n<p> Oppdatert mandag 12. januar kl. 14:22     <\/p>\n<p class=\"_paragraph_o9xde_4 _paragraph_xtcu6_10 layout-component text-serif-m layout-normal text-serif-m layout-padded\">Skipet ble stanset og gjennoms\u00f8kt i forrige uke, opplyser politiet i en uttalelse mandag.<\/p>\n<p class=\"_paragraph_o9xde_4 _paragraph_xtcu6_10 layout-component text-serif-m layout-normal text-serif-m layout-padded\">Det seilte med kamerunsk flagg og var p\u00e5 vei til Europa fra Brasil. Om bord p\u00e5 b\u00e5ten ble det funnet 9994 kilo kokain skjult i til sammen 294 pakker. Skipet var i utgangspunktet lastet med salt. <\/p>\n<p class=\"_paragraph_o9xde_4 _paragraph_xtcu6_10 layout-component text-serif-m layout-normal text-serif-m layout-padded\">Hele mannskapet p\u00e5 13 ble p\u00e5grepet etter at v\u00e6pnede styrker gikk om bord. Myndighetene i USA, Brasil, Storbritannia, Frankrike og Portugal har samarbeidet om etterforskningen. <\/p>\n<p class=\"_paragraph_o9xde_4 _paragraph_xtcu6_10 layout-component text-serif-m layout-normal text-serif-m layout-padded\">I 2024 fant spansk politi 13 tonn kokain p\u00e5 et annet konteinerskip etter at det hadde ankommet havnen Algeciras. B\u00e5ten kom fra Ecuador. <\/p>\n<p class=\"_paragraph_o9xde_4 _paragraph_xtcu6_10 layout-component text-serif-m layout-normal text-serif-m layout-padded\"> Nettavisen <a href=\"https:\/\/www.canariajournalen.no\/nyheter\/2026\/01\/tidenes-storste-kokainbeslag-pa-kanarioyene-10-tonn\" class=\"_link_o9xde_39\" rel=\"nofollow noopener\" target=\"_blank\">Canaria Journalen <\/a> skriver at beslaget ble gjort ved Kanari\u00f8yene, p\u00e5 et handelsskip over 50 mil vest for \u00f8ya El Hierro. <\/p>\n<p class=\"_paragraph_o9xde_4 _paragraph_xtcu6_10 layout-component text-serif-m layout-normal text-serif-m layout-padded\">If\u00f8lge avisen ligger skipet n\u00e5 til havn i Santa Cruz p\u00e5 <a href=\"https:\/\/www.vg.no\/tag\/tenerife?utm_source=vg-article&amp;utm_medium=auto-tagger&amp;utm_campaign=d4l7Bw\" class=\"_link_o9xde_39\" rel=\"nofollow noopener\" target=\"_blank\">Tenerife<\/a>, der narkotikaen er blitt losset og veid. <\/p>\n","protected":false},"excerpt":{"rendered":"Spansk politi sier de har gjort sitt st\u00f8rste kokainbeslag til sj\u00f8s noensinne. Nesten ti tonn av det narkotiske&hellip;\n","protected":false},"author":2,"featured_media":135554,"comment_status":"","ping_status":"","sticky":false,"template":"","format":"standard","meta":{"footnotes":""},"categories":[12],"tags":[20,21,4994,24,25,15,15564,22,23,13,30,28,29,14,16,6775,26,27,42,43,44,45],"class_list":{"0":"post-135553","1":"post","2":"type-post","3":"status-publish","4":"format-standard","5":"has-post-thumbnail","7":"category-verden","8":"tag-breaking-news","9":"tag-breakingnews","10":"tag-ecuador","11":"tag-featured-news","12":"tag-featurednews","13":"tag-headlines","14":"tag-konteinerskip","15":"tag-latest-news","16":"tag-latestnews","17":"tag-news","18":"tag-no","19":"tag-norge","20":"tag-norway","21":"tag-nyheter","22":"tag-overskrifter","23":"tag-tenerife","24":"tag-top-stories","25":"tag-topstories","26":"tag-verden","27":"tag-world","28":"tag-world-news","29":"tag-worldnews"},"share_on_mastodon":{"url":"https:\/\/pubeurope.com\/@no\/115882548565098904","error":""},"_links":{"self":[{"href":"https:\/\/www.europesays.com\/no\/wp-json\/wp\/v2\/posts\/135553","targetHints":{"allow":["GET"]}}],"collection":[{"href":"https:\/\/www.europesays.com\/no\/wp-json\/wp\/v2\/posts"}],"about":[{"href":"https:\/\/www.europesays.com\/no\/wp-json\/wp\/v2\/types\/post"}],"author":[{"embeddable":true,"href":"https:\/\/www.europesays.com\/no\/wp-json\/wp\/v2\/users\/2"}],"replies":[{"embeddable":true,"href":"https:\/\/www.europesays.com\/no\/wp-json\/wp\/v2\/comments?post=135553"}],"version-history":[{"count":0,"href":"https:\/\/www.europesays.com\/no\/wp-json\/wp\/v2\/posts\/135553\/revisions"}],"wp:featuredmedia":[{"embeddable":true,"href":"https:\/\/www.europesays.com\/no\/wp-json\/wp\/v2\/media\/135554"}],"wp:attachment":[{"href":"https:\/\/www.europesays.com\/no\/wp-json\/wp\/v2\/media?parent=135553"}],"wp:term":[{"taxonomy":"category","embeddable":true,"href":"https:\/\/www.europesays.com\/no\/wp-json\/wp\/v2\/categories?post=135553"},{"taxonomy":"post_tag","embeddable":true,"href":"https:\/\/www.europesays.com\/no\/wp-json\/wp\/v2\/tags?post=135553"}],"curies":[{"name":"wp","href":"https:\/\/api.w.org\/{rel}","templated":true}]}}