{"id":135555,"date":"2026-01-12T14:15:17","date_gmt":"2026-01-12T14:15:17","guid":{"rendered":"https:\/\/www.europesays.com\/no\/135555\/"},"modified":"2026-01-12T14:15:17","modified_gmt":"2026-01-12T14:15:17","slug":"os-bjornafjorden-stor-vannlekkasje-i-os-sentrum-spruter-ut-fra-kobberror","status":"publish","type":"post","link":"https:\/\/www.europesays.com\/no\/135555\/","title":{"rendered":"Os, Bj\u00f8rnafjorden | Stor vannlekkasje i Os sentrum: \u2013 Spruter ut fra kobberr\u00f8r"},"content":{"rendered":"\n<p>Mandag formiddag har brannvesenet rykket ut til Brugata i Os sentrum etter melding om en stor vannlekkasje.<\/p>\n<p>\u2013 Det spruter vann ut av et kobberr\u00f8r, meldte B\u00f8rre Brekkvassmo, vaktleder ved 110-sentralen.<\/p>\n<p>Det aktuelle bygget skal v\u00e6re et n\u00e6ringsbygg som ikke er i bruk.<\/p>\n<p>   <img decoding=\"async\" width=\"5712\" height=\"4284\" fetchpriority=\"low\"  loading=\"lazy\"  src=\"https:\/\/www.europesays.com\/no\/wp-content\/uploads\/2026\/01\/IMG_2793.jpg\" alt=\"\" class=\"brick-c-cFOWSL\" style=\"--brick-image-ratio: 5712 \/ 4284;\"\/><\/p>\n<p>      Det drypper fra listene til vinduene.<br \/>\n      Foto: Simen Vik\u00f8yr\n    <\/p>\n<p>Klokken 1031 sa innsatsleder i Bj\u00f8rnafjorden brann og redning, Arne R\u00f8dberg, at brannvesenet var p\u00e5 stedet.<\/p>\n<p>Det skal v\u00e6re lekkasje i tre etasjer.<\/p>\n<p>   <img decoding=\"async\" width=\"5712\" height=\"4284\" fetchpriority=\"low\"  loading=\"lazy\"  src=\"https:\/\/www.europesays.com\/no\/wp-content\/uploads\/2026\/01\/IMG_2787.jpg\" alt=\"\" class=\"brick-c-cFOWSL\" style=\"--brick-image-ratio: 5712 \/ 4284;\"\/><\/p>\n<p>      Brannvesenet er p\u00e5 stedet.<br \/>\n      Foto: Simen Vik\u00f8yr\n    <\/p>\n<p>   <img decoding=\"async\" width=\"756\" height=\"958\" fetchpriority=\"low\"  loading=\"lazy\"  src=\"https:\/\/www.europesays.com\/no\/wp-content\/uploads\/2026\/01\/Resized_20260112_103707.jpg\" alt=\"\" class=\"brick-c-cFOWSL\" style=\"--brick-image-ratio: 756 \/ 958;\"\/><\/p>\n<p>      Hele gulvet i 1. etasje var dekket med vann da brannvesenet kom til stedet.<br \/>\n      Foto: Bj\u00f8rnafjorden brann og redning\n    <\/p>\n<p>  \u2013 Frostsprengte r\u00f8r<\/p>\n<p>En tilfeldig forbipasserende meldte ifra om vannlekkasjen, if\u00f8lge R\u00f8dberg.<\/p>\n<p>  <a data-static=\"\" href=\"#skip-\" class=\"brick-c-fgNmNC\">Hopp over karusellen.<\/a><\/p>\n<p data-static=\"\" class=\"brick-c-fgNmNC\" id=\"carousel-title-\">Innholdskarusell med 20 artikler.<\/p>\n<p>\u2013 Vi er i kontakt med eier. Dette blir nok en forsikringssak etter hvert.<\/p>\n<p>Utrykningsleder for brannvesenet, Andr\u00e9 Solbakken, sier at tre av totalt fire etasjer i bygget er rammet.<\/p>\n<p>\u2013 \u00c5rsaken er mest sannsynlig frostsprengte vannr\u00f8r, forteller han til BA.<\/p>\n<p>Bygget er, if\u00f8lge Solbakken, ubebodd.<\/p>\n<p>\u2013 Det er kanskje derfor det har skjedd.<\/p>\n<p>   <img decoding=\"async\" width=\"5712\" height=\"4284\" fetchpriority=\"low\"  loading=\"lazy\"  src=\"https:\/\/www.europesays.com\/no\/wp-content\/uploads\/2026\/01\/IMG_2798.jpg\" alt=\"\" class=\"brick-c-cFOWSL\" style=\"--brick-image-ratio: 5712 \/ 4284;\"\/><\/p>\n<p>      Utrykningsleder Andr\u00e8 Solbakken sier at frostsprengte r\u00f8r trolig har skylden i lekkasjen.<br \/>\n      Foto: Simen Vik\u00f8yr\n    <\/p>\n<p>  Kaster sn\u00f8 ut av vinduet<\/p>\n<p>Solbakken sier at de n\u00e5 jobber i tredje etasje.<\/p>\n<p>\u2013 Vi suger ut vann og jobber oss nedover. Vannet er koblet av og r\u00f8rlegger holder p\u00e5 \u00e5 fikse r\u00f8rene, forklarer han.<\/p>\n<p>N\u00e5r BA er p\u00e5 stedet klokken 1127, holder mannskapet p\u00e5 \u00e5 kaste sn\u00f8 og slaps ut fra vinduet i \u00f8verste etasje.<\/p>\n<p>    Vil du se neste video?<\/p>\n<p>    <a href=\"https:\/\/www.ba.no\/oppsig-s3-e8-go-fiket\/v\/5-8-3257095\" class=\"recommend-poster\" data-adp-clicklabel=\"video-recommend\" data-adp-clickvalue=\"poster\" rel=\"nofollow noopener\" target=\"_blank\"><br \/>\n      <img decoding=\"async\" width=\"200\" height=\"200\" loading=\"lazy\" src=\"https:\/\/www.europesays.com\/no\/wp-content\/uploads\/2026\/01\/v-i-80b0b7ae-7dec-4843-b6b9-05e273c45bad-5.jpg\" alt=\"\" class=\"brick-c-cFOWSL\" style=\"--brick-image-ratio: 200 \/ 200;\"\/><\/p>\n<p>Oppsig S3 E8: Go&#8217;fiket9:10<\/p>\n<p>    <\/a><\/p>\n","protected":false},"excerpt":{"rendered":"Mandag formiddag har brannvesenet rykket ut til Brugata i Os sentrum etter melding om en stor vannlekkasje. \u2013&hellip;\n","protected":false},"author":2,"featured_media":135556,"comment_status":"","ping_status":"","sticky":false,"template":"","format":"standard","meta":{"footnotes":""},"categories":[10],"tags":[36,6769,20,21,24,25,15,22,23,13,30,28,29,14,2932,16,1510,26,27],"class_list":{"0":"post-135555","1":"post","2":"type-post","3":"status-publish","4":"format-standard","5":"has-post-thumbnail","7":"category-norge","8":"tag-art","9":"tag-bjornafjorden","10":"tag-breaking-news","11":"tag-breakingnews","12":"tag-featured-news","13":"tag-featurednews","14":"tag-headlines","15":"tag-latest-news","16":"tag-latestnews","17":"tag-news","18":"tag-no","19":"tag-norge","20":"tag-norway","21":"tag-nyheter","22":"tag-os","23":"tag-overskrifter","24":"tag-story","25":"tag-top-stories","26":"tag-topstories"},"share_on_mastodon":{"url":"https:\/\/pubeurope.com\/@no\/115882552502076429","error":""},"_links":{"self":[{"href":"https:\/\/www.europesays.com\/no\/wp-json\/wp\/v2\/posts\/135555","targetHints":{"allow":["GET"]}}],"collection":[{"href":"https:\/\/www.europesays.com\/no\/wp-json\/wp\/v2\/posts"}],"about":[{"href":"https:\/\/www.europesays.com\/no\/wp-json\/wp\/v2\/types\/post"}],"author":[{"embeddable":true,"href":"https:\/\/www.europesays.com\/no\/wp-json\/wp\/v2\/users\/2"}],"replies":[{"embeddable":true,"href":"https:\/\/www.europesays.com\/no\/wp-json\/wp\/v2\/comments?post=135555"}],"version-history":[{"count":0,"href":"https:\/\/www.europesays.com\/no\/wp-json\/wp\/v2\/posts\/135555\/revisions"}],"wp:featuredmedia":[{"embeddable":true,"href":"https:\/\/www.europesays.com\/no\/wp-json\/wp\/v2\/media\/135556"}],"wp:attachment":[{"href":"https:\/\/www.europesays.com\/no\/wp-json\/wp\/v2\/media?parent=135555"}],"wp:term":[{"taxonomy":"category","embeddable":true,"href":"https:\/\/www.europesays.com\/no\/wp-json\/wp\/v2\/categories?post=135555"},{"taxonomy":"post_tag","embeddable":true,"href":"https:\/\/www.europesays.com\/no\/wp-json\/wp\/v2\/tags?post=135555"}],"curies":[{"name":"wp","href":"https:\/\/api.w.org\/{rel}","templated":true}]}}