{"id":135557,"date":"2026-01-12T14:16:09","date_gmt":"2026-01-12T14:16:09","guid":{"rendered":"https:\/\/www.europesays.com\/no\/135557\/"},"modified":"2026-01-12T14:16:09","modified_gmt":"2026-01-12T14:16:09","slug":"strom-strombrudd-strommen-borte-i-fire-timer-igjen-feilen-er-rettet-provisorisk","status":"publish","type":"post","link":"https:\/\/www.europesays.com\/no\/135557\/","title":{"rendered":"Str\u00f8m, Str\u00f8mbrudd | Str\u00f8mmen borte i fire timer (igjen): \u2013 Feilen er rettet provisorisk"},"content":{"rendered":"\n<p>\u2013 Det er frustrerende. Vi hadde jo et str\u00f8mbrudd forrige uke ogs\u00e5.<\/p>\n<p>Thomas Torjusen bor i Fagerligveien p\u00e5 Hassingen. Bare fire dager etter at et str\u00f8mbrudd rammet 711 kunder p\u00e5 Hassingen, Wilbergjordet og Falch\u00e5sen, er str\u00f8mmen igjen borte.<\/p>\n<p>  <a href=\"https:\/\/www.f-b.no\/5-59-3796953\" class=\"related-teaser has-image default-story-teaser article--c-eRUmMG article--c-eRUmMG-jKCPdD-design-default\" rel=\"nofollow noopener\" target=\"_blank\"><\/p>\n<p>    <img decoding=\"async\" loading=\"lazy\"  src=\"https:\/\/www.europesays.com\/no\/wp-content\/uploads\/2026\/01\/99cbd895-d8a3-4703-b4c3-38ea47ce4188.jfif.jpeg\" alt=\"\" class=\"brick-c-cFOWSL\" style=\"\"\/><\/p>\n<p>\n            Les ogs\u00e5<\/p>\n<p>              Str\u00f8mbrudd i kulda: \u2013 Hele nabolaget er uten str\u00f8m\n        <\/p>\n<p>  <\/a><\/p>\n<p>I dag var str\u00f8mmen v\u00e6rt borte i fire timer fra rundt klokken 07.45.<\/p>\n<p>\u2013 Etter \u00e5 ha trykket meg igjennom menyer og tall p\u00e5 telefonen, fikk jeg tak i en oppeg\u00e5ende kar hos str\u00f8mleverand\u00f8ren. Han innr\u00f8mmet at jobben de gjorde forrige uke ikke var bra nok, sier han.<\/p>\n<p>Torjusen har f\u00e5tt str\u00f8mmen tilbake n\u00e5, men frykter flere str\u00f8mbrudd hvis ikke feilen rettes.<\/p>\n<p>\u2013 Men han jeg snakket med lovte \u00e5 rette feilen i dag.<\/p>\n<p>Kommunikasjonssjef Therese Nordnes hos Norgesnett, svarer dette i en sms:<\/p>\n<p>\u00abDet stemmer at vi hadde et mindre str\u00f8mbrudd i dag. Feilen oppsto i lavspentnettet, og ettersom dette gir et begrenset s\u00f8keomr\u00e5de, ble feilen funnet relativt raskt. <\/p>\n<p>29 kunder var uten str\u00f8m i cirka tre timer. Feilen er midlertidig rettet med en provisorisk kabel, og vil f\u00e5 en endelig utbedring p\u00e5 et senere tidspunkt.\u00bb<\/p>\n","protected":false},"excerpt":{"rendered":"\u2013 Det er frustrerende. Vi hadde jo et str\u00f8mbrudd forrige uke ogs\u00e5. Thomas Torjusen bor i Fagerligveien p\u00e5&hellip;\n","protected":false},"author":2,"featured_media":6241,"comment_status":"","ping_status":"","sticky":false,"template":"","format":"standard","meta":{"footnotes":""},"categories":[5],"tags":[36,20,21,15565,24,25,15567,15,19,22,23,17,18,13,30,28,29,14,16,1510,243,2245,26,27,15566],"class_list":{"0":"post-135557","1":"post","2":"type-post","3":"status-publish","4":"format-standard","5":"has-post-thumbnail","7":"category-overskrifter","8":"tag-art","9":"tag-breaking-news","10":"tag-breakingnews","11":"tag-falchasen","12":"tag-featured-news","13":"tag-featurednews","14":"tag-hassingen","15":"tag-headlines","16":"tag-hovedoppslag","17":"tag-latest-news","18":"tag-latestnews","19":"tag-main-news","20":"tag-mainnews","21":"tag-news","22":"tag-no","23":"tag-norge","24":"tag-norway","25":"tag-nyheter","26":"tag-overskrifter","27":"tag-story","28":"tag-strom","29":"tag-strombrudd","30":"tag-top-stories","31":"tag-topstories","32":"tag-wilbergjordet"},"share_on_mastodon":{"url":"https:\/\/pubeurope.com\/@no\/115882556352033442","error":""},"_links":{"self":[{"href":"https:\/\/www.europesays.com\/no\/wp-json\/wp\/v2\/posts\/135557","targetHints":{"allow":["GET"]}}],"collection":[{"href":"https:\/\/www.europesays.com\/no\/wp-json\/wp\/v2\/posts"}],"about":[{"href":"https:\/\/www.europesays.com\/no\/wp-json\/wp\/v2\/types\/post"}],"author":[{"embeddable":true,"href":"https:\/\/www.europesays.com\/no\/wp-json\/wp\/v2\/users\/2"}],"replies":[{"embeddable":true,"href":"https:\/\/www.europesays.com\/no\/wp-json\/wp\/v2\/comments?post=135557"}],"version-history":[{"count":0,"href":"https:\/\/www.europesays.com\/no\/wp-json\/wp\/v2\/posts\/135557\/revisions"}],"wp:featuredmedia":[{"embeddable":true,"href":"https:\/\/www.europesays.com\/no\/wp-json\/wp\/v2\/media\/6241"}],"wp:attachment":[{"href":"https:\/\/www.europesays.com\/no\/wp-json\/wp\/v2\/media?parent=135557"}],"wp:term":[{"taxonomy":"category","embeddable":true,"href":"https:\/\/www.europesays.com\/no\/wp-json\/wp\/v2\/categories?post=135557"},{"taxonomy":"post_tag","embeddable":true,"href":"https:\/\/www.europesays.com\/no\/wp-json\/wp\/v2\/tags?post=135557"}],"curies":[{"name":"wp","href":"https:\/\/api.w.org\/{rel}","templated":true}]}}