{"id":135564,"date":"2026-01-12T14:29:05","date_gmt":"2026-01-12T14:29:05","guid":{"rendered":"https:\/\/www.europesays.com\/no\/135564\/"},"modified":"2026-01-12T14:29:05","modified_gmt":"2026-01-12T14:29:05","slug":"foxtrot-sverige-en-av-toppene-i-det-svenske-foxtrot-nettverket-er-pagrepet-opplyser-svensk-politi-til-tt","status":"publish","type":"post","link":"https:\/\/www.europesays.com\/no\/135564\/","title":{"rendered":"Foxtrot, Sverige | En av toppene i det svenske Foxtrot-nettverket er p\u00e5grepet, opplyser svensk politi til TT"},"content":{"rendered":"\n<p>\u2013 En sentral akt\u00f8r med tilknytning til det kriminelle nettverket Foxtrot er p\u00e5grepet i Irak. P\u00e5gripelsen er resultatet av et langsiktig og fordypet samarbeid mellom den svenske politimyndigheten og irakiske motparter, opplyser det svenske politiet i en <a rel=\"Follow nofollow noopener\" href=\"https:\/\/polisen.se\/aktuellt\/nyheter\/nationell\/2026\/januari\/nyckelperson-inom-foxtrot-gripen-i-irak\/\" target=\"_blank\">pressemelding.<\/a><\/p>\n<p>Den p\u00e5grepne 21-\u00e5ringen har if\u00f8lge svensk politi over lengre tid v\u00e6rt internasjonalt etterlyst og st\u00e5r p\u00e5 Europols liste over de mest etters\u00f8kte (\u00abMost Wanted\u00bb).<\/p>\n<p><a rel=\"Follow nofollow noopener\" href=\"https:\/\/www.expressen.se\/nyheter\/krim\/foxtrot-toppen-ali-shehab-gripen-strategiskt-genombrott\/\" target=\"_blank\">Expressen <\/a>melder at det er 21-\u00e5r gamle Ali Shehab som n\u00e5 er p\u00e5grepet.<\/p>\n<p>En norsk 16-\u00e5ring som blant annet er siktet for medvirkning til to drap og tre drapsfors\u00f8k, skal ha hatt kontakt med Shebab, melder <a href=\"https:\/\/www.nrk.no\/norge\/foxtrot_topp-pagrepet-i-irak-_-kobles-til-norsk-drapssiktet-16-aring-1.17724345\" rel=\"Follow nofollow noopener\" target=\"_blank\">NRK.<\/a><\/p>\n<p>    Vil du se neste video?<\/p>\n<p>    <a href=\"https:\/\/www.nettavisen.no\/nyheter\/pete-hegseth-avbryter-plutselig-marco-rubio-klikker-pa-direkten\/v\/5-95-2813524\" class=\"recommend-poster\" data-adp-clicklabel=\"video-recommend\" data-adp-clickvalue=\"poster\" rel=\"nofollow noopener\" target=\"_blank\"><br \/>\n      <img decoding=\"async\" width=\"200\" height=\"200\" loading=\"lazy\" src=\"https:\/\/www.europesays.com\/no\/wp-content\/uploads\/2026\/01\/Hegseth+til+cue.jpg\" alt=\"\" class=\"brick-c-cFOWSL\" style=\"--brick-image-ratio: 200 \/ 200;\"\/><\/p>\n<p>Avbryter plutselig: Klikker p\u00e5 direkten1:05<\/p>\n<p>    <\/a><\/p>\n<p>        Frp-leder Sylvi Listhaug mener Norge m\u00e5 innf\u00f8re en utvisningsreform p\u00e5 lik linje med Danmark. Hun m\u00f8tte statsminister Jonas Gahr St\u00f8re til duell i \u00abPolitisk kvarter\u00bb p\u00e5 NRK mandag morgen.<br \/>\n        N\u00f8kkelfigur i organisert kriminalitet<\/p>\n<p>Han pekes ut i flere etterforskninger som en n\u00f8kkelfigur i organisert kriminalitet med direkte p\u00e5virkning p\u00e5 Sverige, opplyser politiet.<\/p>\n<p>Mannen ble p\u00e5grepet i Irak i desember og er varetektsfengslet i sitt frav\u00e6r ved flere tingretter for et stort antall tilfeller av medvirkning til drap (anstiftelse), drapsfors\u00f8k og sammensvergelse om drap.<\/p>\n<p><b>Les ogs\u00e5: <a class=\"simple-relation related-teaser article--c-eRUmMG article--c-eRUmMG-fZoQSp-design-nettavisen article--c-eRUmMG-gwthdJ-cv\" href=\"https:\/\/www.nettavisen.no\/svensk-politi-drapsmistenkt-tolvaring-har-tatt-flere-drapsoppdrag-er-i-fare\/s\/5-95-2787735\" rel=\"nofollow noopener\" target=\"_blank\">Drapsmistenkt tolv\u00e5ring har tatt flere drapsoppdrag \u2013 er i fare<\/a><\/b><\/p>\n<p>\u2013 Vi takker politiet og \u00f8vrige rettsh\u00e5ndhevende myndigheter i Irak. De har hjulpet oss med \u00e5 ta enda en gjengkriminell som bestiller drap fra utlandet. Vi utvider stadig v\u00e5rt samarbeid med andre land \u2013 ikke minst for \u00e5 vise de gjengkriminelle som gjemmer seg utenfor landet at de ikke kan f\u00f8le seg trygge noe sted i verden, sier Stefan Hector, assisterende rikspolitisjef.<\/p>\n<p>I forbindelse med p\u00e5gripelsen av 21-\u00e5ringen ble ogs\u00e5 ytterligere en akt\u00f8r med tilknytning til Foxtrot p\u00e5grepet.<\/p>\n<p><b>Les ogs\u00e5: <a class=\"simple-relation related-teaser article--c-eRUmMG article--c-eRUmMG-fZoQSp-design-nettavisen article--c-eRUmMG-gwthdJ-cv\" href=\"https:\/\/www.nettavisen.no\/pasto-16-aring-tystet-utlovet-dusor-pa-200-000-for-a-ta-ham\/s\/5-95-2770774\" rel=\"nofollow noopener\" target=\"_blank\">P\u00e5sto 16-\u00e5ring tystet: Utlovet dus\u00f8r p\u00e5 200.000 for \u00e5 ta ham<\/a><\/b><\/p>\n<p>Vedkommende er varetektsfengslet i sitt frav\u00e6r av G\u00f6teborg tingrett for sammensvergelse om drap, grov allmennfarlig \u00f8deleggelse, medvirkning til brudd p\u00e5 loven om brannfarlige og eksplosive varer, samt involvering av mindre\u00e5rige i kriminalitet.<\/p>\n<p>   <img decoding=\"async\" width=\"963\" height=\"647\" fetchpriority=\"low\"  loading=\"lazy\"  src=\"https:\/\/www.europesays.com\/no\/wp-content\/uploads\/2026\/01\/FOXTROT+I+en+annonse+p%C3%A5+nett+skriver+det+Kripos+mener+er+representanter+for+Foxtrot+at+det+finn.jpeg\" alt=\"\" class=\"brick-c-cFOWSL\" style=\"--brick-image-ratio: 963 \/ 647;\"\/><\/p>\n<p>      REKRUTTERER: Dette er \u00e9n av en rekke annonser p\u00e5 nettet der barn blir rekruttert til \u00e5 ta oppdrag for andre kriminelle. If\u00f8lge Kripos er det personer knyttet til det beryktede nettverket Foxtrot som har skrevet disse meldingene.<br \/>\n      Foto: Kripos\n    <\/p>\n<p>  Operasjon Grimm<\/p>\n<p>\u2013 Politimyndigheten vurderer at p\u00e5gripelsen av 21-\u00e5ringen vil f\u00e5 en betydelig innvirkning p\u00e5 Foxtrot-nettverkets evne til \u00e5 operere internasjonalt, og utgj\u00f8r et viktig skritt i arbeidet mot kriminelle strukturer som bruker utlandet som base for kriminalitet rettet mot Sverige, heter det i pressemeldingen.<\/p>\n<p>21-\u00e5rigen Ali Shehab er ogs\u00e5 det politiet kaller \u00abHigh value target\u00bb i Europol-innsatsen Operasjon Grimm, og har drevet og koordinert vold gjennom konseptet \u00abViolence as a Service\u00bb (vold som en tjeneste).<\/p>\n<p><b>Les mer: <a class=\"simple-relation related-teaser article--c-eRUmMG article--c-eRUmMG-fZoQSp-design-nettavisen article--c-eRUmMG-gwthdJ-cv\" href=\"https:\/\/www.nettavisen.no\/barn-og-unge-blir-brikker-i-et-kynisk-spill\/o\/5-95-2694780\" rel=\"nofollow noopener\" target=\"_blank\">Barn og unge blir brikker i et kynisk spill<\/a><\/b><\/p>\n<p>I Europol-innsatsen Operasjon Grimm ligger fokuset p\u00e5 \u00e5 takle vold bestilt som en tjeneste, og i Sverige har man blant annet sett at Foxtrot og Dalen-nettverket systematisk har utnyttet barn og unge, deriblant unge med funksjonsnedsettelser.<\/p>\n<p>    Vil du se neste video?<\/p>\n<p>    <a href=\"https:\/\/www.nettavisen.no\/nyheter\/pete-hegseth-avbryter-plutselig-marco-rubio-klikker-pa-direkten\/v\/5-95-2813524\" class=\"recommend-poster\" data-adp-clicklabel=\"video-recommend\" data-adp-clickvalue=\"poster\" rel=\"nofollow noopener\" target=\"_blank\"><br \/>\n      <img decoding=\"async\" width=\"200\" height=\"200\" loading=\"lazy\" src=\"https:\/\/www.europesays.com\/no\/wp-content\/uploads\/2026\/01\/Hegseth+til+cue.jpg\" alt=\"\" class=\"brick-c-cFOWSL\" style=\"--brick-image-ratio: 200 \/ 200;\"\/><\/p>\n<p>Avbryter plutselig: Klikker p\u00e5 direkten1:05<\/p>\n<p>    <\/a><\/p>\n<p>        Englands forsvarsminister, John Healey, ga et sjokkerende \u00e6rlig svar p\u00e5 journalistens sp\u00f8rsm\u00e5l. <\/p>\n","protected":false},"excerpt":{"rendered":"\u2013 En sentral akt\u00f8r med tilknytning til det kriminelle nettverket Foxtrot er p\u00e5grepet i Irak. P\u00e5gripelsen er resultatet&hellip;\n","protected":false},"author":2,"featured_media":135565,"comment_status":"","ping_status":"","sticky":false,"template":"","format":"standard","meta":{"footnotes":""},"categories":[12],"tags":[20,21,24,25,15,22,23,13,30,28,29,14,16,26,27,42,43,44,45],"class_list":{"0":"post-135564","1":"post","2":"type-post","3":"status-publish","4":"format-standard","5":"has-post-thumbnail","7":"category-verden","8":"tag-breaking-news","9":"tag-breakingnews","10":"tag-featured-news","11":"tag-featurednews","12":"tag-headlines","13":"tag-latest-news","14":"tag-latestnews","15":"tag-news","16":"tag-no","17":"tag-norge","18":"tag-norway","19":"tag-nyheter","20":"tag-overskrifter","21":"tag-top-stories","22":"tag-topstories","23":"tag-verden","24":"tag-world","25":"tag-world-news","26":"tag-worldnews"},"share_on_mastodon":{"url":"https:\/\/pubeurope.com\/@no\/115882607533874422","error":""},"_links":{"self":[{"href":"https:\/\/www.europesays.com\/no\/wp-json\/wp\/v2\/posts\/135564","targetHints":{"allow":["GET"]}}],"collection":[{"href":"https:\/\/www.europesays.com\/no\/wp-json\/wp\/v2\/posts"}],"about":[{"href":"https:\/\/www.europesays.com\/no\/wp-json\/wp\/v2\/types\/post"}],"author":[{"embeddable":true,"href":"https:\/\/www.europesays.com\/no\/wp-json\/wp\/v2\/users\/2"}],"replies":[{"embeddable":true,"href":"https:\/\/www.europesays.com\/no\/wp-json\/wp\/v2\/comments?post=135564"}],"version-history":[{"count":0,"href":"https:\/\/www.europesays.com\/no\/wp-json\/wp\/v2\/posts\/135564\/revisions"}],"wp:featuredmedia":[{"embeddable":true,"href":"https:\/\/www.europesays.com\/no\/wp-json\/wp\/v2\/media\/135565"}],"wp:attachment":[{"href":"https:\/\/www.europesays.com\/no\/wp-json\/wp\/v2\/media?parent=135564"}],"wp:term":[{"taxonomy":"category","embeddable":true,"href":"https:\/\/www.europesays.com\/no\/wp-json\/wp\/v2\/categories?post=135564"},{"taxonomy":"post_tag","embeddable":true,"href":"https:\/\/www.europesays.com\/no\/wp-json\/wp\/v2\/tags?post=135564"}],"curies":[{"name":"wp","href":"https:\/\/api.w.org\/{rel}","templated":true}]}}