{"id":135568,"date":"2026-01-12T14:43:14","date_gmt":"2026-01-12T14:43:14","guid":{"rendered":"https:\/\/www.europesays.com\/no\/135568\/"},"modified":"2026-01-12T14:43:14","modified_gmt":"2026-01-12T14:43:14","slug":"krim-flekkefjord-politiet-har-siktet-en-person-for-innbruddene-avisenagder-no","status":"publish","type":"post","link":"https:\/\/www.europesays.com\/no\/135568\/","title":{"rendered":"Krim, Flekkefjord | Politiet har siktet en person for innbruddene &#8211; avisenagder.no"},"content":{"rendered":"<ol>\n<li><a href=\"https:\/\/news.google.com\/rss\/articles\/CBMikAFBVV95cUxNekt3Y3NqaWt6QVdTNmNkaVJFSzBzOWNwRFBZd0pSSm5GYWpTUFBhZTBubkNvZngyaUQxY3FoOVVUemh1QnhRYmw3ZkZVcTNWVzdNMVNjdURRWXREbjRFQW9rbUtENS1DOGt6UjNlNjh1WWdjbjlwaEw0TTJXa08zMGt6cW53U0EybEFlVXhtUDY?oc=5\" target=\"_blank\" rel=\"nofollow noopener\">Krim, Flekkefjord | Politiet har siktet en person for innbruddene<\/a>&nbsp;&nbsp;avisenagder.no<\/li>\n<li><a href=\"https:\/\/news.google.com\/rss\/articles\/CBMilgFBVV95cUxOcERvcnhlczBvNE1YREltMG5iSlZXWVE5NU5ZU2Q5ZzVvMlpRTndqcTZJaVZiYlRVYjVmaWZsZFk1THBKaWQyT251U2lhZXluWllvSlU2bThXYUNiNzR5LVgxRy0wSndtNmdqM3hoVld4SU9BZUdvei1vRDAzaGlhU2pJT3JoYkdmdjRxUUZtWktCSkJXUmc?oc=5\" target=\"_blank\" rel=\"nofollow noopener\">En person er siktet etter to tyve\u00adrier samme natt: \u2013 P\u00e5virker ikke trygg\u00adhets\u00adsitua\u00adsjonen<\/a>&nbsp;&nbsp;lister24.no<\/li>\n<li><a href=\"https:\/\/news.google.com\/rss\/articles\/CBMigwFBVV95cUxNbTM5OVdVbzR6blV1QzM2bVBNSjllYlBCc3E4WFQ1QWN1M1pmUE9MN3FsU0dFbGoxeUpNQkFGZmNSam91Sy1GajcyVjB2alV4cFItVjJSTkRDRXZhb2pHZEhHMV9XQ3ZoN0dVM244LWRGQU1FaWFsam4zZklDRzlGYTg4MA?oc=5\" target=\"_blank\" rel=\"nofollow noopener\">(+) Filmet tyv fra soverommet<\/a>&nbsp;&nbsp;fvn.no<\/li>\n<li><a href=\"https:\/\/news.google.com\/rss\/articles\/CBMioAFBVV95cUxOcXlxSEo1Zy1wQmh5MVAwSDh0WWVfOVBWaVRIeS1TdW5uNWxqNzU4c1VvZENVd1RoMk5OODZ4MEhlanlWUGhwRzQxOHVBVC1pYWpPZThWc1BRUS12NEZBaG9pbWRYd0JGNnVOMUdBVEZBMWM3OGhRVFFFcVZMYkJocnBmNTBIOEZLTklVSVZ6SnFfVGxib0dFSlJGV21QdkNv?oc=5\" target=\"_blank\" rel=\"nofollow noopener\">Bil sett kj\u00f8rende bort etter innbrudd i Kafe Johan<\/a>&nbsp;&nbsp;Nettavisen<\/li>\n<li><a href=\"https:\/\/news.google.com\/rss\/articles\/CBMi2wFBVV95cUxPN3d6eFc2eWljdGJKT04yYk42N0VaWlZvVWZudHBNaVM1ckF2MnVGUFJoNlhELWk0SnNFbGFDNmhWVkI3dUNqelhzMTBLaUp1dXZKRHNEemdpOWRkRzJBYzZvLUtyVXhmQ3FZajRvYWd0c19icmRmZXdfUFFlLWMxYWRYSVl6TlBWZTQtWFZXeUdncUVpS0RqS0lVbUVhVUdpOXh1RW5LZ0gzMFczQ0lRaFlkZF9iSmhnWEhEOHc4WFpUZmd6WEs4ZDlOU3l4Sy1pTkR4UjI3ZTdQVUE?oc=5\" target=\"_blank\" rel=\"nofollow noopener\">Fra innbruddssjokk til jubel: \u2013 P\u00e5 vegne av b\u00e5de kafeen og alle ungdommene m\u00e5 jeg f\u00e5 si tusen, tusen takk!<\/a>&nbsp;&nbsp;avisenagder.no<\/li>\n<\/ol>\n","protected":false},"excerpt":{"rendered":"Krim, Flekkefjord | Politiet har siktet en person for innbruddene&nbsp;&nbsp;avisenagder.no En person er siktet etter to tyve\u00adrier samme&hellip;\n","protected":false},"author":2,"featured_media":135569,"comment_status":"","ping_status":"","sticky":false,"template":"","format":"standard","meta":{"footnotes":""},"categories":[10],"tags":[20,21,24,25,15,22,23,13,30,28,29,14,16,26,27],"class_list":{"0":"post-135568","1":"post","2":"type-post","3":"status-publish","4":"format-standard","5":"has-post-thumbnail","7":"category-norge","8":"tag-breaking-news","9":"tag-breakingnews","10":"tag-featured-news","11":"tag-featurednews","12":"tag-headlines","13":"tag-latest-news","14":"tag-latestnews","15":"tag-news","16":"tag-no","17":"tag-norge","18":"tag-norway","19":"tag-nyheter","20":"tag-overskrifter","21":"tag-top-stories","22":"tag-topstories"},"share_on_mastodon":{"url":"https:\/\/pubeurope.com\/@no\/115882662496875765","error":""},"_links":{"self":[{"href":"https:\/\/www.europesays.com\/no\/wp-json\/wp\/v2\/posts\/135568","targetHints":{"allow":["GET"]}}],"collection":[{"href":"https:\/\/www.europesays.com\/no\/wp-json\/wp\/v2\/posts"}],"about":[{"href":"https:\/\/www.europesays.com\/no\/wp-json\/wp\/v2\/types\/post"}],"author":[{"embeddable":true,"href":"https:\/\/www.europesays.com\/no\/wp-json\/wp\/v2\/users\/2"}],"replies":[{"embeddable":true,"href":"https:\/\/www.europesays.com\/no\/wp-json\/wp\/v2\/comments?post=135568"}],"version-history":[{"count":0,"href":"https:\/\/www.europesays.com\/no\/wp-json\/wp\/v2\/posts\/135568\/revisions"}],"wp:featuredmedia":[{"embeddable":true,"href":"https:\/\/www.europesays.com\/no\/wp-json\/wp\/v2\/media\/135569"}],"wp:attachment":[{"href":"https:\/\/www.europesays.com\/no\/wp-json\/wp\/v2\/media?parent=135568"}],"wp:term":[{"taxonomy":"category","embeddable":true,"href":"https:\/\/www.europesays.com\/no\/wp-json\/wp\/v2\/categories?post=135568"},{"taxonomy":"post_tag","embeddable":true,"href":"https:\/\/www.europesays.com\/no\/wp-json\/wp\/v2\/tags?post=135568"}],"curies":[{"name":"wp","href":"https:\/\/api.w.org\/{rel}","templated":true}]}}