{"id":135570,"date":"2026-01-12T14:49:31","date_gmt":"2026-01-12T14:49:31","guid":{"rendered":"https:\/\/www.europesays.com\/no\/135570\/"},"modified":"2026-01-12T14:49:31","modified_gmt":"2026-01-12T14:49:31","slug":"sverige-investerer-165-milliarder-i-luftvern-for-okt-sikkerhet","status":"publish","type":"post","link":"https:\/\/www.europesays.com\/no\/135570\/","title":{"rendered":"Sverige investerer 16,5 milliarder i luftvern for \u00f8kt sikkerhet"},"content":{"rendered":"<p class=\"kicker t15 font-weight-bold m-font-weight-bold color_mobile_no_bg_color quaternary color_mobile_quaternary font-Trim text-case-transform-upper mobile-hasTextPadding\" style=\"\">Materiell<\/p>\n<p>    Sverige vil utvide luftvern-kapasiteten for \u00e5 beskytte stridende, andre milit\u00e6re enheter, befolkningssentre og sivil infrastruktur, melder regjeringen.<\/p>\n<p>\n        HANDLER LUFTVERN: Sveriges statsminister Ulf Kristersson kunngjorde en ny satsing p\u00e5 luftvern i helgen. Dette bildet er fra Nato-toppm\u00f8tet i Washington DC i 2024.<br \/>\n        Foto: Krister S\u00f8rb\u00f8, Forsvarets forum\n    <\/p>\n<p>Den totale investeringen har en verdi p\u00e5 omtrent 15 milliarder svenske kroner, som tilsvarer 16,45 milliarder norske kroner, if\u00f8lge en <a href=\"https:\/\/www.government.se\/press-releases\/2026\/01\/major-investment-in-ground-based-air-defence-worth-approximately-sek-15-billion\/\" rel=\"nofollow noopener\" target=\"_blank\">pressemelding fra den svenske regjeringen<\/a>.\u00a0<\/p>\n<p>Det inneb\u00e6rer at det svenske forsvaret skal etablere, trene og utstyre flere fremtidige enheter som skal drifte luftvern.\u00a0<\/p>\n<p>\u2013 Sverige st\u00e5r overfor den mest alvorlige sikkerhetssituasjonen i moderne tid. Med denne brede investeringen i luftvern beskytter vi hele samfunnet, fra de milit\u00e6re enhetene til urbane omr\u00e5der og kritisk infrastruktur. Det handler om folks liv, v\u00e5r frihet og v\u00e5r evne til \u00e5 st\u00e5 imot angrep i alle deler av landet, sier statsminister Ulf Kristersson i pressemeldingen.\u00a0<\/p>\n<p>Tidligere har luftvernets hovedoppgave v\u00e6rt \u00e5 beskytte milit\u00e6re enheter og milit\u00e6r infrastruktur. Fremover skal det ogs\u00e5 beskytte kampenheter og milit\u00e6re enheter under mobilisering, i tillegg til muligheten for \u00e5 beskytte befolkningssentre og sivil infrastruktur.\u00a0<\/p>\n<p>Luftvernet som skal kj\u00f8pes inn skal i hovedsak virke p\u00e5 kortdistanse, best\u00e5 av en rekke enheter i kompanis st\u00f8rrelse og v\u00e6re bygget opp av moduler som kan tilpasses med ulike v\u00e5pen, sensorer og tekniske systemer.\u00a0<\/p>\n<p>Enhetene skal b\u00e5de kunne flyttes p\u00e5 og v\u00e6re knyttet til spesifikke geografiske omr\u00e5der. De skal ha evne til \u00e5 beskytte sivile objekter som broer, jernbane, kjernekraftverk og elektriske kraftverk, i tillegg til bebodde omr\u00e5der.\u00a0<\/p>\n<p>Bestillingene skal etter planen starte fra f\u00f8rste kvartal i 2026.<\/p>\n","protected":false},"excerpt":{"rendered":"Materiell Sverige vil utvide luftvern-kapasiteten for \u00e5 beskytte stridende, andre milit\u00e6re enheter, befolkningssentre og sivil infrastruktur, melder regjeringen.&hellip;\n","protected":false},"author":2,"featured_media":135571,"comment_status":"","ping_status":"","sticky":false,"template":"","format":"standard","meta":{"footnotes":""},"categories":[12],"tags":[20,21,24,25,15,22,23,13,30,28,29,14,16,26,27,42,43,44,45],"class_list":{"0":"post-135570","1":"post","2":"type-post","3":"status-publish","4":"format-standard","5":"has-post-thumbnail","7":"category-verden","8":"tag-breaking-news","9":"tag-breakingnews","10":"tag-featured-news","11":"tag-featurednews","12":"tag-headlines","13":"tag-latest-news","14":"tag-latestnews","15":"tag-news","16":"tag-no","17":"tag-norge","18":"tag-norway","19":"tag-nyheter","20":"tag-overskrifter","21":"tag-top-stories","22":"tag-topstories","23":"tag-verden","24":"tag-world","25":"tag-world-news","26":"tag-worldnews"},"share_on_mastodon":{"url":"https:\/\/pubeurope.com\/@no\/115882686154108905","error":""},"_links":{"self":[{"href":"https:\/\/www.europesays.com\/no\/wp-json\/wp\/v2\/posts\/135570","targetHints":{"allow":["GET"]}}],"collection":[{"href":"https:\/\/www.europesays.com\/no\/wp-json\/wp\/v2\/posts"}],"about":[{"href":"https:\/\/www.europesays.com\/no\/wp-json\/wp\/v2\/types\/post"}],"author":[{"embeddable":true,"href":"https:\/\/www.europesays.com\/no\/wp-json\/wp\/v2\/users\/2"}],"replies":[{"embeddable":true,"href":"https:\/\/www.europesays.com\/no\/wp-json\/wp\/v2\/comments?post=135570"}],"version-history":[{"count":0,"href":"https:\/\/www.europesays.com\/no\/wp-json\/wp\/v2\/posts\/135570\/revisions"}],"wp:featuredmedia":[{"embeddable":true,"href":"https:\/\/www.europesays.com\/no\/wp-json\/wp\/v2\/media\/135571"}],"wp:attachment":[{"href":"https:\/\/www.europesays.com\/no\/wp-json\/wp\/v2\/media?parent=135570"}],"wp:term":[{"taxonomy":"category","embeddable":true,"href":"https:\/\/www.europesays.com\/no\/wp-json\/wp\/v2\/categories?post=135570"},{"taxonomy":"post_tag","embeddable":true,"href":"https:\/\/www.europesays.com\/no\/wp-json\/wp\/v2\/tags?post=135570"}],"curies":[{"name":"wp","href":"https:\/\/api.w.org\/{rel}","templated":true}]}}