{"id":135581,"date":"2026-01-12T15:13:12","date_gmt":"2026-01-12T15:13:12","guid":{"rendered":"https:\/\/www.europesays.com\/no\/135581\/"},"modified":"2026-01-12T15:13:12","modified_gmt":"2026-01-12T15:13:12","slug":"vaer-sandnessjoen-vaeret-skaper-trobbel-politiet-rykket-ut-og-flere-avganger-innstilt","status":"publish","type":"post","link":"https:\/\/www.europesays.com\/no\/135581\/","title":{"rendered":"V\u00e6r, Sandnessj\u00f8en | V\u00e6ret skaper tr\u00f8bbel: Politiet rykket ut og flere avganger innstilt"},"content":{"rendered":"\n<p>Klokken 11.45 meldte politiet om en tilhenger som var i ferd med \u00e5 tippe i sentrum.<\/p>\n<p>\u2013 Et vindu er knust p\u00e5 den, og politiet er til stede for \u00e5 sikre at ikke tilhengeren velter, meldte operasjonsleder Thomas Jarn\u00e6s Coe i politiloggen.<\/p>\n<p>Politiet oppfordret publikum til \u00e5 sikre l\u00f8se gjenstander slik at ikke noen blir skadet av disse i vinden. <\/p>\n<p>Flykanselleringer og buss-stans<\/p>\n<p>Det forbl\u00e5ste v\u00e6ret rammer ogs\u00e5 flytrafikken. Flere avganger ved Stokka lufthavn er innstilt; morgenflyene til Trondheim og Bod\u00f8 ble kansellert, og det samme gjelder ettermiddagsflyet til Trondheim klokken 15.45. Ved flyplassen i Mosj\u00f8en har trafikken derimot g\u00e5tt som normalt forel\u00f8pig.<\/p>\n<p>Kollektivtrafikken p\u00e5 veiene er ogs\u00e5 hardt rammet. Bussrutene Br\u00f8nn\u00f8ysund\u2013Tosbotn\u2013Mosj\u00f8en (tur\/retur) er kansellert mandag. Det samme gjelder rutene mellom Sandnessj\u00f8en og Br\u00f8nn\u00f8ysund.<\/p>\n<p>V\u00e6rforbehold p\u00e5 fjorden<\/p>\n<p>Reis Nordland varsler at det kan bli utfordringer for ferjesambandet Sandnessj\u00f8en\u2013D\u00f8nna.<\/p>\n<p>\u2013 P\u00e5 grunn av v\u00e6rprognoser for mandag 12.01.26 og tirsdag 13.01.26, kan det bli kanselleringer i B-ruten p\u00e5 kort varsel, meldte de allerede s\u00f8ndag kveld.<\/p>\n<p><a href=\"https:\/\/www.isandnessjoen.no\/varet-skaper-utfordringer-for-shmil\/s\/5-24-1130221\" rel=\"Follow nofollow noopener\" target=\"_blank\">LES OGS\u00c5: V\u00e6ret skaper utfordringer for SHMIL<\/a><\/p>\n<p><a href=\"https:\/\/www.isandnessjoen.no\/stengt-pa-e6-nord-for-mosjoen\/s\/5-24-1130201\" rel=\"Follow nofollow noopener\" target=\"_blank\">LES OGS\u00c5: Sterk vind f\u00f8rer til stengte veier<\/a><\/p>\n","protected":false},"excerpt":{"rendered":"Klokken 11.45 meldte politiet om en tilhenger som var i ferd med \u00e5 tippe i sentrum. \u2013 Et&hellip;\n","protected":false},"author":2,"featured_media":135582,"comment_status":"","ping_status":"","sticky":false,"template":"","format":"standard","meta":{"footnotes":""},"categories":[10],"tags":[36,20,21,24,25,15,22,23,13,30,28,29,14,16,1953,1510,26,27,224,1204,553],"class_list":{"0":"post-135581","1":"post","2":"type-post","3":"status-publish","4":"format-standard","5":"has-post-thumbnail","7":"category-norge","8":"tag-art","9":"tag-breaking-news","10":"tag-breakingnews","11":"tag-featured-news","12":"tag-featurednews","13":"tag-headlines","14":"tag-latest-news","15":"tag-latestnews","16":"tag-news","17":"tag-no","18":"tag-norge","19":"tag-norway","20":"tag-nyheter","21":"tag-overskrifter","22":"tag-sandnessjoen","23":"tag-story","24":"tag-top-stories","25":"tag-topstories","26":"tag-trafikk","27":"tag-ulykker","28":"tag-vaer"},"share_on_mastodon":{"url":"https:\/\/pubeurope.com\/@no\/115882780421665123","error":""},"_links":{"self":[{"href":"https:\/\/www.europesays.com\/no\/wp-json\/wp\/v2\/posts\/135581","targetHints":{"allow":["GET"]}}],"collection":[{"href":"https:\/\/www.europesays.com\/no\/wp-json\/wp\/v2\/posts"}],"about":[{"href":"https:\/\/www.europesays.com\/no\/wp-json\/wp\/v2\/types\/post"}],"author":[{"embeddable":true,"href":"https:\/\/www.europesays.com\/no\/wp-json\/wp\/v2\/users\/2"}],"replies":[{"embeddable":true,"href":"https:\/\/www.europesays.com\/no\/wp-json\/wp\/v2\/comments?post=135581"}],"version-history":[{"count":0,"href":"https:\/\/www.europesays.com\/no\/wp-json\/wp\/v2\/posts\/135581\/revisions"}],"wp:featuredmedia":[{"embeddable":true,"href":"https:\/\/www.europesays.com\/no\/wp-json\/wp\/v2\/media\/135582"}],"wp:attachment":[{"href":"https:\/\/www.europesays.com\/no\/wp-json\/wp\/v2\/media?parent=135581"}],"wp:term":[{"taxonomy":"category","embeddable":true,"href":"https:\/\/www.europesays.com\/no\/wp-json\/wp\/v2\/categories?post=135581"},{"taxonomy":"post_tag","embeddable":true,"href":"https:\/\/www.europesays.com\/no\/wp-json\/wp\/v2\/tags?post=135581"}],"curies":[{"name":"wp","href":"https:\/\/api.w.org\/{rel}","templated":true}]}}