{"id":135592,"date":"2026-01-12T15:46:40","date_gmt":"2026-01-12T15:46:40","guid":{"rendered":"https:\/\/www.europesays.com\/no\/135592\/"},"modified":"2026-01-12T15:46:40","modified_gmt":"2026-01-12T15:46:40","slug":"oljebransjen-nyhetsvarsel-statsminister-jonas-gahr-store-varsler-fullt-trykk-i-oljebransjen","status":"publish","type":"post","link":"https:\/\/www.europesays.com\/no\/135592\/","title":{"rendered":"Oljebransjen, Nyhetsvarsel | Statsminister Jonas Gahr St\u00f8re varsler fullt trykk i oljebransjen"},"content":{"rendered":"\n<p>Regjeringen skal i l\u00f8pet av neste \u00e5r legge fram en stortingsmelding om petroleumsn\u00e6ringen, varsler statsminister Jonas Gahr St\u00f8re (Ap).<\/p>\n<p>\u2013 Budskapet fra meg i dag er tydelig: Olje og gassindustrien skal vi ta vare p\u00e5. Vi skal fortsatt lete, produsere og levere til Europa. Og vi skal dempe fallet i produksjon p\u00e5 norsk sokkel, som kommer av naturlige \u00e5rsaker, sa St\u00f8re da han talte til Arbeiderpartiets sentralstyresamling mandag.<\/p>\n<p>Han varslet at den nye petroleumsmeldingen kommer neste \u00e5r.<\/p>\n<p>\u2013 Et stort ansvar<\/p>\n<p>Stortingsmeldingen skal beskrive utsikter for n\u00e6ringen i tiden framover, og behandle sentrale veivalg som blir viktige for produksjonen fra 2030-tallet og framover.<\/p>\n<p>Om f\u00e5 \u00e5r vil norsk olje- og gassproduksjon begynne \u00e5 falle, sier St\u00f8re.<\/p>\n<p>\u2013 Det skjer i en tid hvor petroleumsaktivitet i Norge har stor betydning for veldig mange mennesker i Norge, men ogs\u00e5 utenfor Norge, understreker han.<\/p>\n<p>Statsministeren viser til at Norge har blitt Europas viktigste energileverand\u00f8r etter Russlands invasjon av Ukraina.<\/p>\n<p>\u2013 Dette er et stort ansvar.<\/p>\n<p>St\u00f8re gjentok slagordet om at Arbeiderpartiet \u00abvil utvikle, ikke avvikle, norsk sokkel\u00bb.<\/p>\n<p>\u2013 Men vi er i omstilling i denne sektoren. At den nedgangen som kommer, skjer p\u00e5 en m\u00e5te som gj\u00f8r det mulig \u00e5 omstille seg til noe annet, det er et politisk ansvar, sier han til NTB.<\/p>\n<p>P\u00e5 gang i Stortinget<\/p>\n<p>Ideen om en petroleumsmelding er allerede til behandling i <a rel=\"noopener nofollow\" href=\"https:\/\/www.stortinget.no\/no\/Saker-og-publikasjoner\/Saker\/Sak\/?p=105078\" target=\"_blank\">Stortinget<\/a>. Dette var noe H\u00f8yre foreslo f\u00f8r jul, og saken har v\u00e6rt ute til <a rel=\"noopener nofollow\" href=\"https:\/\/www.stortinget.no\/no\/Hva-skjer-pa-Stortinget\/Horing\/horing\/?h=10005601\" target=\"_blank\">h\u00f8ring<\/a>.<\/p>\n<p>Innstillingen fra energi- og milj\u00f8komiteen p\u00e5 Stortinget om saken kommer i slutten av m\u00e5neden.<\/p>\n<p>\u2013 N\u00e5 forventer jeg at Ap-regjeringen i resten av fire\u00e5rsperioden slutter \u00e5 \u00e5pne for omkamper p\u00e5 venstresiden om Norges viktigste n\u00e6ring, sier H\u00f8yres energipolitiske talsperson Aleksander Stokkeb\u00f8.<\/p>\n<p>SV mener petroleumsmeldingen m\u00e5 bli starten p\u00e5 slutten p\u00e5 norsk oljeindustri.<\/p>\n<p>\u2013 Hvis vi skal ha en trygg omstilling til et fossilfritt samfunn, m\u00e5 vi s\u00f8rge for at dyktige oljearbeidere beholder jobbene sine, og at Norge omstilles. Vi skal skape og bevare arbeidsplasser og s\u00f8rge for et rettferdig gr\u00f8nt skifte for Norge, sier SV-nestleder Lars Haltbrekken.<\/p>\n<p>Norge trenger heller en plan for sluttfasen til norsk oljealder, sier MDG-leder Arild Hermstad.<\/p>\n<p>\u2013 Men s\u00e5 lenge kraft, kapital og kompetanse sluses inn i oljen\u00e6ringen, som St\u00f8re tydeligvis vil fortsette med, blir det ingen gr\u00f8nn omstilling i Norge, sier Hermstad.<\/p>\n<p>Omstillingskommisjon<\/p>\n<p>F\u00f8r jul ble regjeringen enig med de r\u00f8dgr\u00f8nne partiene om statsbudsjettet for i \u00e5r, og gikk til slutt med p\u00e5 et krav fra MDG om \u00e5 lage en annen plan: nemlig en omstillingskommisjon for olje- og gassn\u00e6ringen.<\/p>\n<p>MDG har sagt at kommisjonen skal se p\u00e5 hvordan Norge skal omstille seg i \u00absiste fase p\u00e5 norsk sokkel\u00bb, mens regjeringen har avvist at hovedlinjene i norsk olje- og gasspolitikk skal endres.<\/p>\n<p>Omstillingskommisjonen skal gi til et bedre kunnskapsgrunnlag for \u00e5 m\u00f8te de utfordringene vi st\u00e5r overfor, sa St\u00f8re i talen mandag.<\/p>\n<p>Han avviser at petroleumsmeldingen n\u00e5 nuller ut denne kommisjonen.<\/p>\n<p>\u2013 P\u00e5 ingen m\u00e5te. Omstillingskommisjonen st\u00f8tter jeg helhjertet. Det er en ansvarlig m\u00e5te \u00e5 se fremover p\u00e5 for Norge, som skal gjennom store omstillinger, sier St\u00f8re til NTB.<\/p>\n<p>Kommisjonen skal settes ned \u00abom ganske kort tid\u00bb, if\u00f8lge St\u00f8re.<\/p>\n","protected":false},"excerpt":{"rendered":"Regjeringen skal i l\u00f8pet av neste \u00e5r legge fram en stortingsmelding om petroleumsn\u00e6ringen, varsler statsminister Jonas Gahr St\u00f8re&hellip;\n","protected":false},"author":2,"featured_media":135593,"comment_status":"","ping_status":"","sticky":false,"template":"","format":"standard","meta":{"footnotes":""},"categories":[10],"tags":[20,21,24,25,15,22,23,13,30,28,29,14,16,26,27],"class_list":{"0":"post-135592","1":"post","2":"type-post","3":"status-publish","4":"format-standard","5":"has-post-thumbnail","7":"category-norge","8":"tag-breaking-news","9":"tag-breakingnews","10":"tag-featured-news","11":"tag-featurednews","12":"tag-headlines","13":"tag-latest-news","14":"tag-latestnews","15":"tag-news","16":"tag-no","17":"tag-norge","18":"tag-norway","19":"tag-nyheter","20":"tag-overskrifter","21":"tag-top-stories","22":"tag-topstories"},"share_on_mastodon":{"url":"https:\/\/pubeurope.com\/@no\/115882910166983087","error":""},"_links":{"self":[{"href":"https:\/\/www.europesays.com\/no\/wp-json\/wp\/v2\/posts\/135592","targetHints":{"allow":["GET"]}}],"collection":[{"href":"https:\/\/www.europesays.com\/no\/wp-json\/wp\/v2\/posts"}],"about":[{"href":"https:\/\/www.europesays.com\/no\/wp-json\/wp\/v2\/types\/post"}],"author":[{"embeddable":true,"href":"https:\/\/www.europesays.com\/no\/wp-json\/wp\/v2\/users\/2"}],"replies":[{"embeddable":true,"href":"https:\/\/www.europesays.com\/no\/wp-json\/wp\/v2\/comments?post=135592"}],"version-history":[{"count":0,"href":"https:\/\/www.europesays.com\/no\/wp-json\/wp\/v2\/posts\/135592\/revisions"}],"wp:featuredmedia":[{"embeddable":true,"href":"https:\/\/www.europesays.com\/no\/wp-json\/wp\/v2\/media\/135593"}],"wp:attachment":[{"href":"https:\/\/www.europesays.com\/no\/wp-json\/wp\/v2\/media?parent=135592"}],"wp:term":[{"taxonomy":"category","embeddable":true,"href":"https:\/\/www.europesays.com\/no\/wp-json\/wp\/v2\/categories?post=135592"},{"taxonomy":"post_tag","embeddable":true,"href":"https:\/\/www.europesays.com\/no\/wp-json\/wp\/v2\/tags?post=135592"}],"curies":[{"name":"wp","href":"https:\/\/api.w.org\/{rel}","templated":true}]}}