{"id":135596,"date":"2026-01-12T15:53:53","date_gmt":"2026-01-12T15:53:53","guid":{"rendered":"https:\/\/www.europesays.com\/no\/135596\/"},"modified":"2026-01-12T15:53:53","modified_gmt":"2026-01-12T15:53:53","slug":"mc-donalds-torgallmenningen-to-menn-pagrepet-for-ran-pa-mcdonalds","status":"publish","type":"post","link":"https:\/\/www.europesays.com\/no\/135596\/","title":{"rendered":"Mc Donalds, Torgallmenningen | To menn p\u00e5grepet for ran p\u00e5 McDonald&#8217;s"},"content":{"rendered":"\n<p>Ranet skal ha skjedd inne p\u00e5 McDonald&#8217;s p\u00e5 Torgallmenningen natt til s\u00f8ndag klokken 0130.<\/p>\n<p>\u2013 To unge menn skal ha truet forn\u00e6rmede til \u00e5 gi fra seg verdisaker og noen klesplagg, opplyser operasjonsleder Morten Rebnord i Vest politidistrikt.<\/p>\n<p>Gutten ble ikke fysisk skadet, if\u00f8lge politiet. Det var han selv som varslet politiet.<\/p>\n<p>\u2013 Han opplevde situasjonen som sv\u00e6rt ubehagelig, melder Rebnord.<\/p>\n<p>Gjerningsmennene hadde forlatt restauranten f\u00f8r politiet ankom. <\/p>\n<p>\u2013 P\u00e5 bakgrunn av opplysninger i saken, ble to menn p\u00e5grepet noen timer senere i Bergen sentrum. Plagg og verdisaker som tilh\u00f8rer forn\u00e6rmede, ble funnet p\u00e5 begge mennene, opplyser operasjonslederen.<\/p>\n<p>De to mennene sitter n\u00e5 i arresten.<\/p>\n","protected":false},"excerpt":{"rendered":"Ranet skal ha skjedd inne p\u00e5 McDonald&#8217;s p\u00e5 Torgallmenningen natt til s\u00f8ndag klokken 0130. \u2013 To unge menn&hellip;\n","protected":false},"author":2,"featured_media":1615,"comment_status":"","ping_status":"","sticky":false,"template":"","format":"standard","meta":{"footnotes":""},"categories":[10],"tags":[36,20,21,24,25,15,22,23,15571,13,30,28,29,14,16,468,1510,26,27,14200],"class_list":{"0":"post-135596","1":"post","2":"type-post","3":"status-publish","4":"format-standard","5":"has-post-thumbnail","7":"category-norge","8":"tag-art","9":"tag-breaking-news","10":"tag-breakingnews","11":"tag-featured-news","12":"tag-featurednews","13":"tag-headlines","14":"tag-latest-news","15":"tag-latestnews","16":"tag-mc-donalds","17":"tag-news","18":"tag-no","19":"tag-norge","20":"tag-norway","21":"tag-nyheter","22":"tag-overskrifter","23":"tag-politiet","24":"tag-story","25":"tag-top-stories","26":"tag-topstories","27":"tag-torgallmenningen"},"share_on_mastodon":{"url":"https:\/\/pubeurope.com\/@no\/115882941645920028","error":""},"_links":{"self":[{"href":"https:\/\/www.europesays.com\/no\/wp-json\/wp\/v2\/posts\/135596","targetHints":{"allow":["GET"]}}],"collection":[{"href":"https:\/\/www.europesays.com\/no\/wp-json\/wp\/v2\/posts"}],"about":[{"href":"https:\/\/www.europesays.com\/no\/wp-json\/wp\/v2\/types\/post"}],"author":[{"embeddable":true,"href":"https:\/\/www.europesays.com\/no\/wp-json\/wp\/v2\/users\/2"}],"replies":[{"embeddable":true,"href":"https:\/\/www.europesays.com\/no\/wp-json\/wp\/v2\/comments?post=135596"}],"version-history":[{"count":0,"href":"https:\/\/www.europesays.com\/no\/wp-json\/wp\/v2\/posts\/135596\/revisions"}],"wp:featuredmedia":[{"embeddable":true,"href":"https:\/\/www.europesays.com\/no\/wp-json\/wp\/v2\/media\/1615"}],"wp:attachment":[{"href":"https:\/\/www.europesays.com\/no\/wp-json\/wp\/v2\/media?parent=135596"}],"wp:term":[{"taxonomy":"category","embeddable":true,"href":"https:\/\/www.europesays.com\/no\/wp-json\/wp\/v2\/categories?post=135596"},{"taxonomy":"post_tag","embeddable":true,"href":"https:\/\/www.europesays.com\/no\/wp-json\/wp\/v2\/tags?post=135596"}],"curies":[{"name":"wp","href":"https:\/\/api.w.org\/{rel}","templated":true}]}}