{"id":135599,"date":"2026-01-12T16:00:13","date_gmt":"2026-01-12T16:00:13","guid":{"rendered":"https:\/\/www.europesays.com\/no\/135599\/"},"modified":"2026-01-12T16:00:13","modified_gmt":"2026-01-12T16:00:13","slug":"ulykker-og-hendelser-leteaksjon-savnet-kvinne-funnet-livlos-politiet-bekrefter-dodsfall-tonsbergs-blad","status":"publish","type":"post","link":"https:\/\/www.europesays.com\/no\/135599\/","title":{"rendered":"Ulykker og hendelser, Leteaksjon | Savnet kvinne funnet livl\u00f8s \u2013 politiet bekrefter d\u00f8dsfall &#8211; T\u00f8nsbergs Blad"},"content":{"rendered":"<ol>\n<li><a href=\"https:\/\/news.google.com\/rss\/articles\/CBMikgFBVV95cUxNMGtWZldPUTFsZmIzR2VIQTUxYXdYZUc5WFlCb0szam53bEctWjZNSXZMNXNBWVJfQ0gwd0xucWRBZXJkeTdoMVdnRGRORXVpTHJpSjM5LXlzZHoyd0xSNmdTZnpMcnc5ZG1ra01mUkhLT0NzZUJZdDlYZnI1TlFWM3FZcU1UZjRJcGt2VHJ2Y3Fmdw?oc=5\" target=\"_blank\" rel=\"nofollow noopener\">Ulykker og hendelser, Leteaksjon | Savnet kvinne funnet livl\u00f8s \u2013 politiet bekrefter d\u00f8dsfall<\/a>&nbsp;&nbsp;T\u00f8nsbergs Blad<\/li>\n<li><a href=\"https:\/\/news.google.com\/rss\/articles\/CBMisgFBVV95cUxOSVFfdkNtRlpSbGNtczhteVAyWl9KVWg0cHppNmhFaF9peWl1S2FNR1ZhMUwzdEZ3Nms3OHVUTldZTlc1MkV2MHJpaEZZdzNTbF9CWXpNLUpTdl9nck4yRThSVmxNQkd5dkFRbTN2VUdxRmpOYU93V21fM0FYUzNNOFI4UHdaZ21qMW5TX1RoQm80VTBQSHA5UjNEQlM0Z05aM1hLczNQYjNOQ0pLYjFaa3BR?oc=5\" target=\"_blank\" rel=\"nofollow noopener\">Savnet eldre kvinne bekreftet d\u00f8d etter \u00e5 ha blitt funnet livl\u00f8s utend\u00f8rs<\/a>&nbsp;&nbsp;VG<\/li>\n<li><a href=\"https:\/\/news.google.com\/rss\/articles\/CBMiugFBVV95cUxPWWR2SDhxSEtRenhMN002TFk4T2tzMkMtMmdWdWVudWI5cG5QWjJxbzlzSEJNandBdElqTW8wdzZYV1ljdk1TZ2NYWjc2dG1wOXBfNTRVUld6d1gwbFZjSW9ydTZuaTRjd0RoeTIyX19zQ1NBSlI1elUtZUVldHpZY2Frc1lRVnNKejdfNE9wbW45aGJWa090R0FlaElyRjRJOVducDNWRUJBS3FDTWRFTlVEbDBaMHdwNXc?oc=5\" target=\"_blank\" rel=\"nofollow noopener\">Nabolaget i Vestskogen er dypt preget etter funnet av den savnede kvinnen: \u2013 Dette er tungt<\/a>&nbsp;&nbsp;T\u00f8nsbergs Blad<\/li>\n<li><a href=\"https:\/\/news.google.com\/rss\/articles\/CBMiiAFBVV95cUxPVjA0TXBMOGJIQWhFRlNKb3otT2NmYXp1N0NQZ2xiWkprREhFWDFNQlkwVXQ0aEZjOGhHUTVfRmhFajBGaE5ZOW81aGVIZlNYRjh6LVI4M3ZNcGVwYXlVYk9MUTFGUlZPZ3IxdmtSU1V0QkpkOGNrVUhmV2M2TmVCakNMRkRQZUFO?oc=5\" target=\"_blank\" rel=\"nofollow noopener\">Savnet, N\u00f8tter\u00f8y | Har funnet livl\u00f8s kvinne utend\u00f8rs etter tips<\/a>&nbsp;&nbsp;\u00d8yene<\/li>\n<li><a href=\"https:\/\/news.google.com\/rss\/articles\/CBMieEFVX3lxTE1Xb3J0T2xHemFUTWg0em1CWUJHU1lGUnpYcHlXdEprRXVRUVlDMlptR0p2eFh1LXBtOHUzYlQ0Ym51NFREUG42Zm5NcXRfcnBGV29DYjRrRHQzS2FqMmVYMkJaU0xBY2pTVGpFNzBaeEpnMFFqQTRHYQ?oc=5\" target=\"_blank\" rel=\"nofollow noopener\">Vestskogen, N\u00f8tter\u00f8y | Kvinne som passer til beskrivelsen av den savnede er funnet<\/a>&nbsp;&nbsp;T\u00f8nsbergs Blad<\/li>\n<\/ol>\n","protected":false},"excerpt":{"rendered":"Ulykker og hendelser, Leteaksjon | Savnet kvinne funnet livl\u00f8s \u2013 politiet bekrefter d\u00f8dsfall&nbsp;&nbsp;T\u00f8nsbergs Blad Savnet eldre kvinne bekreftet&hellip;\n","protected":false},"author":2,"featured_media":135600,"comment_status":"","ping_status":"","sticky":false,"template":"","format":"standard","meta":{"footnotes":""},"categories":[10],"tags":[20,21,24,25,15,22,23,13,30,28,29,14,16,26,27],"class_list":{"0":"post-135599","1":"post","2":"type-post","3":"status-publish","4":"format-standard","5":"has-post-thumbnail","7":"category-norge","8":"tag-breaking-news","9":"tag-breakingnews","10":"tag-featured-news","11":"tag-featurednews","12":"tag-headlines","13":"tag-latest-news","14":"tag-latestnews","15":"tag-news","16":"tag-no","17":"tag-norge","18":"tag-norway","19":"tag-nyheter","20":"tag-overskrifter","21":"tag-top-stories","22":"tag-topstories"},"share_on_mastodon":{"url":"https:\/\/pubeurope.com\/@no\/115882965235166711","error":""},"_links":{"self":[{"href":"https:\/\/www.europesays.com\/no\/wp-json\/wp\/v2\/posts\/135599","targetHints":{"allow":["GET"]}}],"collection":[{"href":"https:\/\/www.europesays.com\/no\/wp-json\/wp\/v2\/posts"}],"about":[{"href":"https:\/\/www.europesays.com\/no\/wp-json\/wp\/v2\/types\/post"}],"author":[{"embeddable":true,"href":"https:\/\/www.europesays.com\/no\/wp-json\/wp\/v2\/users\/2"}],"replies":[{"embeddable":true,"href":"https:\/\/www.europesays.com\/no\/wp-json\/wp\/v2\/comments?post=135599"}],"version-history":[{"count":0,"href":"https:\/\/www.europesays.com\/no\/wp-json\/wp\/v2\/posts\/135599\/revisions"}],"wp:featuredmedia":[{"embeddable":true,"href":"https:\/\/www.europesays.com\/no\/wp-json\/wp\/v2\/media\/135600"}],"wp:attachment":[{"href":"https:\/\/www.europesays.com\/no\/wp-json\/wp\/v2\/media?parent=135599"}],"wp:term":[{"taxonomy":"category","embeddable":true,"href":"https:\/\/www.europesays.com\/no\/wp-json\/wp\/v2\/categories?post=135599"},{"taxonomy":"post_tag","embeddable":true,"href":"https:\/\/www.europesays.com\/no\/wp-json\/wp\/v2\/tags?post=135599"}],"curies":[{"name":"wp","href":"https:\/\/api.w.org\/{rel}","templated":true}]}}