{"id":135605,"date":"2026-01-12T16:28:14","date_gmt":"2026-01-12T16:28:14","guid":{"rendered":"https:\/\/www.europesays.com\/no\/135605\/"},"modified":"2026-01-12T16:28:14","modified_gmt":"2026-01-12T16:28:14","slug":"trump-vil-ha-musk-hjelp-i-iran-han-er-veldig-god-pa-den-typen-ting","status":"publish","type":"post","link":"https:\/\/www.europesays.com\/no\/135605\/","title":{"rendered":"Trump vil ha Musk-hjelp i Iran:\u00a0\u2013 Han er veldig god p\u00e5 den typen ting"},"content":{"rendered":"<p>USAs president Donald Trump sier han planlegger \u00e5 snakke med milliard\u00e6r Elon Musk om \u00e5 gjenopprette internettilgangen i Iran, melder <a href=\"https:\/\/www.reuters.com\/world\/us\/trump-says-he-will-talk-musk-about-restoring-internet-iran-2026-01-12\/\" target=\"_blank\" rel=\"nofollow noopener\">Reuters<\/a>.<\/p>\n<p>Iranske myndigheter stengte torsdag i forrige uke ned nettet p\u00e5 grunn av de p\u00e5g\u00e5ende demonstrasjonene i landet. Det\u00a0har gjort informasjonsflyten ut av landet mye vanskeligere.<\/p>\n<p>\u2013 Han er veldig god p\u00e5 den typen ting, han har et veldig godt selskap, sa Trump om Musk, etter sp\u00f8rsm\u00e5l om han ville ta kontakt med Musks romfartsselskap SpaceX, som tilbyr satellittbasert internett gjennom Starlink. Denne tjenesten har tidligere blitt brukt i Iran for \u00e5 omg\u00e5 myndighetenes restriksjoner.<\/p>\n<p>Musk og SpaceX har forel\u00f8pig ikke kommentert saken.<\/p>\n<p class=\"subhead\" data-element-type=\"subhead\" data-element-label=\"Mellomtittel\">Ustabilt forhold<\/p>\n<p>Forholdet mellom Trump og Musk har v\u00e6rt skiftende de siste \u00e5rene. Sistnevnte bidro \u00f8konomisk til Trumps valgkamp og var senere involvert i omfattende kutt i det f\u00f8derale statsapparatet. De\u00a0to hadde imidlertid et offentlig brudd i fjor, da Musk motsatte seg Trumps sentrale skattepakke.<\/p>\n<p>Forholdet mellom de to har imidlertid senere blitt bedre, og de ble if\u00f8lge Reuters nylig sett sammen p\u00e5 Trumps eiendom Mar-a-Lago. I tillegg er det planer om at forsvarsminister Pete Hegseth skal bes\u00f8ke et SpaceX-anlegg i Texas.<\/p>\n<p>Musk har tidligere st\u00f8ttet bruk av Starlink i Iran, blant annet under protestene i 2022 etter d\u00f8dsfallet til Mahsa Amini.<\/p>\n","protected":false},"excerpt":{"rendered":"USAs president Donald Trump sier han planlegger \u00e5 snakke med milliard\u00e6r Elon Musk om \u00e5 gjenopprette internettilgangen i&hellip;\n","protected":false},"author":2,"featured_media":135606,"comment_status":"","ping_status":"","sticky":false,"template":"","format":"standard","meta":{"footnotes":""},"categories":[12],"tags":[20,21,24,25,15,22,23,13,30,28,29,14,16,26,27,42,43,44,45],"class_list":{"0":"post-135605","1":"post","2":"type-post","3":"status-publish","4":"format-standard","5":"has-post-thumbnail","7":"category-verden","8":"tag-breaking-news","9":"tag-breakingnews","10":"tag-featured-news","11":"tag-featurednews","12":"tag-headlines","13":"tag-latest-news","14":"tag-latestnews","15":"tag-news","16":"tag-no","17":"tag-norge","18":"tag-norway","19":"tag-nyheter","20":"tag-overskrifter","21":"tag-top-stories","22":"tag-topstories","23":"tag-verden","24":"tag-world","25":"tag-world-news","26":"tag-worldnews"},"share_on_mastodon":{"url":"https:\/\/pubeurope.com\/@no\/115883075461171069","error":""},"_links":{"self":[{"href":"https:\/\/www.europesays.com\/no\/wp-json\/wp\/v2\/posts\/135605","targetHints":{"allow":["GET"]}}],"collection":[{"href":"https:\/\/www.europesays.com\/no\/wp-json\/wp\/v2\/posts"}],"about":[{"href":"https:\/\/www.europesays.com\/no\/wp-json\/wp\/v2\/types\/post"}],"author":[{"embeddable":true,"href":"https:\/\/www.europesays.com\/no\/wp-json\/wp\/v2\/users\/2"}],"replies":[{"embeddable":true,"href":"https:\/\/www.europesays.com\/no\/wp-json\/wp\/v2\/comments?post=135605"}],"version-history":[{"count":0,"href":"https:\/\/www.europesays.com\/no\/wp-json\/wp\/v2\/posts\/135605\/revisions"}],"wp:featuredmedia":[{"embeddable":true,"href":"https:\/\/www.europesays.com\/no\/wp-json\/wp\/v2\/media\/135606"}],"wp:attachment":[{"href":"https:\/\/www.europesays.com\/no\/wp-json\/wp\/v2\/media?parent=135605"}],"wp:term":[{"taxonomy":"category","embeddable":true,"href":"https:\/\/www.europesays.com\/no\/wp-json\/wp\/v2\/categories?post=135605"},{"taxonomy":"post_tag","embeddable":true,"href":"https:\/\/www.europesays.com\/no\/wp-json\/wp\/v2\/tags?post=135605"}],"curies":[{"name":"wp","href":"https:\/\/api.w.org\/{rel}","templated":true}]}}