{"id":135611,"date":"2026-01-12T16:44:09","date_gmt":"2026-01-12T16:44:09","guid":{"rendered":"https:\/\/www.europesays.com\/no\/135611\/"},"modified":"2026-01-12T16:44:09","modified_gmt":"2026-01-12T16:44:09","slug":"savnet-eldre-kvinne-bekreftet-dod-etter-a-ha-blitt-funnet-livlos-utendors-2","status":"publish","type":"post","link":"https:\/\/www.europesays.com\/no\/135611\/","title":{"rendered":"Savnet eldre kvinne bekreftet d\u00f8d etter \u00e5 ha blitt funnet livl\u00f8s utend\u00f8rs"},"content":{"rendered":"<p class=\"extendedContent hyperion-css-eyn926\" data-test-tag=\"lead-text\">En kvinne i 80-\u00e5rene som tidlig s\u00f8ndag morgen forsvant fra boligen sin p\u00e5 N\u00f8tter\u00f8y, og senere ble funnet livl\u00f8s utend\u00f8rs, er bekreftet d\u00f8d.<\/p>\n<p>Publisert: 12.01.2026 14:27<\/p>\n<p class=\"paywall hyperion-css-1j42uic\"> Det opplyser avsnittsleder for etterforskningsavdelingen ved T\u00f8nsberg politistasjon, Trine Berg, til <a aria-label=\"T\u00f8nsbergs Blad\" class=\"default hyperion-css-1raymq9\" href=\"https:\/\/www.tb.no\/savnet-kvinne-funnet-livlos-politiet-bekrefter-dodsfall\/s\/5-76-2766229\" target=\"_blank\" rel=\"noopener nofollow noreferrer\" data-test-tag=\"external-link\">T\u00f8nsbergs Blad<\/a> mandag.<\/p>\n<p class=\"paywall hyperion-css-1j42uic\">Politiet meldte i 8.30-tiden s\u00f8ndag at det var iverksatt leteaksjon etter en savnet kvinne i 80-\u00e5rene.<\/p>\n<p class=\"paywall hyperion-css-1j42uic\">Hun forsvant fra sin egen bolig i omr\u00e5det Vestskogen p\u00e5 N\u00f8tter\u00f8y i 4-tiden s\u00f8ndag, og var kun if\u00f8rt natt\u00f8y. Det ble s\u00f8ndag morgen m\u00e5lt 14 minusgrader i omr\u00e5det.<\/p>\n<p class=\"paywall hyperion-css-1j42uic\">Litt over klokken 10 samme dag meldte politiet at det etter tips fra publikum var funnet en livl\u00f8s kvinne og at det p\u00e5gikk livreddende f\u00f8rstehjelp.<\/p>\n<p class=\"paywall hyperion-css-1j42uic\">T\u00f8nsbergs Blad har mandag v\u00e6rt i kontakt med p\u00e5r\u00f8rende, som ikke \u00f8nsker \u00e5 uttale seg i saken.<\/p>\n","protected":false},"excerpt":{"rendered":"En kvinne i 80-\u00e5rene som tidlig s\u00f8ndag morgen forsvant fra boligen sin p\u00e5 N\u00f8tter\u00f8y, og senere ble funnet&hellip;\n","protected":false},"author":2,"featured_media":18196,"comment_status":"","ping_status":"","sticky":false,"template":"","format":"standard","meta":{"footnotes":""},"categories":[10],"tags":[20,21,24,25,15,22,23,13,30,28,29,14,16,26,27],"class_list":{"0":"post-135611","1":"post","2":"type-post","3":"status-publish","4":"format-standard","5":"has-post-thumbnail","7":"category-norge","8":"tag-breaking-news","9":"tag-breakingnews","10":"tag-featured-news","11":"tag-featurednews","12":"tag-headlines","13":"tag-latest-news","14":"tag-latestnews","15":"tag-news","16":"tag-no","17":"tag-norge","18":"tag-norway","19":"tag-nyheter","20":"tag-overskrifter","21":"tag-top-stories","22":"tag-topstories"},"share_on_mastodon":{"url":"https:\/\/pubeurope.com\/@no\/115883138253703575","error":""},"_links":{"self":[{"href":"https:\/\/www.europesays.com\/no\/wp-json\/wp\/v2\/posts\/135611","targetHints":{"allow":["GET"]}}],"collection":[{"href":"https:\/\/www.europesays.com\/no\/wp-json\/wp\/v2\/posts"}],"about":[{"href":"https:\/\/www.europesays.com\/no\/wp-json\/wp\/v2\/types\/post"}],"author":[{"embeddable":true,"href":"https:\/\/www.europesays.com\/no\/wp-json\/wp\/v2\/users\/2"}],"replies":[{"embeddable":true,"href":"https:\/\/www.europesays.com\/no\/wp-json\/wp\/v2\/comments?post=135611"}],"version-history":[{"count":0,"href":"https:\/\/www.europesays.com\/no\/wp-json\/wp\/v2\/posts\/135611\/revisions"}],"wp:featuredmedia":[{"embeddable":true,"href":"https:\/\/www.europesays.com\/no\/wp-json\/wp\/v2\/media\/18196"}],"wp:attachment":[{"href":"https:\/\/www.europesays.com\/no\/wp-json\/wp\/v2\/media?parent=135611"}],"wp:term":[{"taxonomy":"category","embeddable":true,"href":"https:\/\/www.europesays.com\/no\/wp-json\/wp\/v2\/categories?post=135611"},{"taxonomy":"post_tag","embeddable":true,"href":"https:\/\/www.europesays.com\/no\/wp-json\/wp\/v2\/tags?post=135611"}],"curies":[{"name":"wp","href":"https:\/\/api.w.org\/{rel}","templated":true}]}}