{"id":135616,"date":"2026-01-12T16:59:06","date_gmt":"2026-01-12T16:59:06","guid":{"rendered":"https:\/\/www.europesays.com\/no\/135616\/"},"modified":"2026-01-12T16:59:06","modified_gmt":"2026-01-12T16:59:06","slug":"fleire-stengde-vegar-og-innstilte-ferjer-pa-vestlandet-nrk-vestland","status":"publish","type":"post","link":"https:\/\/www.europesays.com\/no\/135616\/","title":{"rendered":"Fleire stengde vegar og innstilte ferjer p\u00e5 Vestlandet \u2013 NRK Vestland"},"content":{"rendered":"<p><a href=\"https:\/\/www.nrk.no\/buskerud\/det-kan-komme-opp-mot-40-cm-sno-i-agder-1.17722824\" ec-id=\"pp:article:1.17722824\" ec-name=\"Den sterke vinden og det gule farevarselet\" rel=\"nofollow noopener\" target=\"_blank\">Den sterke vinden og det gule farevarselet <\/a>skaper utfordringar, seier trafikkoperat\u00f8r Rolf Einar V\u00e5gheim til NRK m\u00e5ndag morgon.<\/p>\n<p>Ogs\u00e5 i lufta var det problem:<\/p>\n<p>P\u00e5 Sola lufthamn i Stavanger sto all flytrafikk grunna sterk vind.<\/p>\n<p>Ved 14-tida har trafikken begynt \u00e5 normalisere seg, if\u00f8lgje pressevakt Anette Sigmundstad i Avinor.<\/p>\n<p>\u2013 Men det er framleis litt for mykje vind til at vi kan avise flya p\u00e5 bakken, seier Sigmundstad.<\/p>\n<p><img decoding=\"async\"   src=\"data:image\/gif;base64,R0lGODlhAQABAIAAAAAAAP\/\/\/yH5BAEAAAAALAAAAAABAAEAAAIBRAA7\" loading=\"eager\" alt=\"En gruppe reisende st\u00e5r i k\u00f8 ved innsjekkingsdisken for avganger i en terminal. Det er flere personer i ulik alder og bekledning, som venter p\u00e5 \u00e5 bli betjent. Lysarmaturer henger fra taket, og det er skjermer som viser informasjon om flyavganger. Omgivelsene ser moderne ut, med en \u00e5pen og lys atmosf\u00e6re.\" title=\"Foto: Ingvald Nordmark \/ NRK\"\/><\/p>\n<p class=\"\">Flytrafikken p\u00e5 Sola er nede for teljing. Det p\u00e5verkar dei reisande. <\/p>\n<p>Foto: Ingvald Nordmark \/ NRK<\/p>\n<p><strong>Meteorologisk institutt har sendt ut gult farevarsel for is. <\/strong><\/p>\n<p>Lokalt er det fare for at regn vil fryse til p\u00e5 kald bakke, noko som kan f\u00f8re til vanskelege k\u00f8yreforhold.<\/p>\n<p>I h\u00f8gda og i indre str\u00f8k vil nedb\u00f8ren kome f\u00f8rst som sludd og sn\u00f8.\n<\/p>\n<p><img decoding=\"async\"   src=\"data:image\/gif;base64,R0lGODlhAQABAIAAAAAAAP\/\/\/yH5BAEAAAAALAAAAAABAAEAAAIBRAA7\" loading=\"eager\" alt=\"kart over gult farevarsel \" title=\"Foto: Meteorologisk institutt\"\/><\/p>\n<p class=\"\">Den verste kulda har gitt seg, men med mildare v\u00ear kjem andre utfordringar &#8230; nemleg glatte vegar. Farevarselet for is gjeld fr\u00e5 no og fram til klokka 11. p\u00e5 onsdag. <\/p>\n<p>Foto: Meteorologisk institutt<\/p>\n<p>Den kraftige vinden kombinert med litt sn\u00f8, f\u00f8rer til betydeleg sn\u00f8skredfare i Voss og i Hardanger. Det melder<a href=\"https:\/\/www.varsom.no\/snoskred\/varsling\/varsel\/Voss\/2026-01-12\" ec-id=\"https:\/\/www.varsom.no\/snoskred\/varsling\/varsel\/Voss\/2026-01-12\" ec-name=\"varsom.no.\" rel=\"nofollow noopener\" target=\"_blank\"> varsom.no. <\/a><\/p>\n<p>Vinden vil halde fram utover dagen<\/p>\n<p>Det er fr\u00e5 f\u00f8r sendt ut gult farevarsel om sterk vind.<\/p>\n<p>Statsmeteorolog Leonidas Tsopouridis seier den sterke vinden vil halde fram.<\/p>\n<p>\u2013 No bles det opp i s\u00f8raustleg liten storm p\u00e5 kysten, full storm utsette stader i fjellet. I fjellomr\u00e5de i indre str\u00f8k er det stader som f\u00e5r over 30 meter i sekundet, seier han.<\/p>\n<p>Mellom anna bles det 28\u201330 meter i sekundet p\u00e5 Kr\u00e5kenes og Ytter\u00f8yane fyr.<\/p>\n<p>\u2013 Og det vil halde fram med \u00e5 bl\u00e5se utover dagen, til det roar seg i ettermiddag, seier Tsopouridis.<\/p>\n<p>Men utover kvelden vil vinden ta seg opp att med sterk kuling utsette stader.<\/p>\n<p>Mellom anna blei det p\u00e5 Folgefonna i natt m\u00e5lt orkan i kasta med over 50 m\/s, melder <a href=\"https:\/\/www.hardanger-folkeblad.no\/her-blaser-det-meste-akkurat-na\/s\/5-22-747446\" ec-id=\"https:\/\/www.hardanger-folkeblad.no\/her-blaser-det-meste-akkurat-na\/s\/5-22-747446\" ec-name=\"Hardanger Folkeblad.\" rel=\"nofollow noopener\" target=\"_blank\">Hardanger Folkeblad. <\/a><\/p>\n<p>Fjellovergangar r\u00e5ka, bruer i fare for \u00e5 stenge<\/p>\n<p>Hardangerbrua og Sotrabrua i fare for \u00e5 stenge p\u00e5 morgonkvisten grunna sterk vind.<\/p>\n<p><img decoding=\"async\"   src=\"data:image\/gif;base64,R0lGODlhAQABAIAAAAAAAP\/\/\/yH5BAEAAAAALAAAAAABAAEAAAIBRAA7\" loading=\"eager\" alt=\"veg og bru \" title=\"Foto: Webkamera Statens vegvesen\"\/><\/p>\n<p class=\"\">Sotrabrua utanfor Bergen st\u00e5r i fare for \u00e5 stenge m\u00e5ndag morgon grunna sterk vind. <\/p>\n<p>Foto: Webkamera Statens vegvesen<\/p>\n<p>P\u00e5 Hardangerbrua rv. 13 i Ulvik\/Eidfjord er det no stiv kuling med sterk kuling i kasta.<\/p>\n<p><strong>Fleire fjellovergangar er r\u00e5ka av v\u00earet. <\/strong><\/p>\n<ul>\n<li><strong>Rv. 13 Vikafjellet<\/strong> er dett opna for kolonnek\u00f8yring fr\u00e5 Storhaug fr\u00e5 12.30.<\/li>\n<li><strong>Fv. 50 Hol \u2013 Aurland<\/strong> var stengt, men no er det kolonnek\u00f8yring her. Den g\u00e5r fr\u00e5 Nilsegard til \u00d8yest\u00f8len.<\/li>\n<li>Over <strong>E134 Haukelifjell <\/strong>er det kolonnek\u00f8yring. Det g\u00e5r fr\u00e5 R\u00f8ldal til Seljestad.<\/li>\n<li><strong>Riksveg 7 Hardangervidda<\/strong> ved Hol\/Eidfjord: Kolonnek\u00f8yring.<\/li>\n<\/ul>\n<p><img decoding=\"async\"   src=\"data:image\/gif;base64,R0lGODlhAQABAIAAAAAAAP\/\/\/yH5BAEAAAAALAAAAAABAAEAAAIBRAA7\" loading=\"eager\" alt=\"HARDANGERVIDDA \" title=\"Foto: Webkamera Statens vegvesen\"\/><\/p>\n<p class=\"\">Slik ser det ut p\u00e5 Hardangervidda m\u00e5ndag ettermiddag. Om du skal over her, m\u00e5 du k\u00f8yre i kolonne. <\/p>\n<p>Foto: Webkamera Statens vegvesen<\/p>\n<ul>\n<li><strong>Fv. 5723 Lodalen i Nordfjord<\/strong> var ein periode stengd etter at det gjekk eit sn\u00f8skred over vegen like f\u00f8r B\u00f8dalen. Fare for nye skred gjer at vegen ogs\u00e5 blir stengd mellom klokka 17 m\u00e5ndag og 09 tysdag morgon.<\/li>\n<\/ul>\n<p><img decoding=\"async\"   src=\"data:image\/gif;base64,R0lGODlhAQABAIAAAAAAAP\/\/\/yH5BAEAAAAALAAAAAABAAEAAAIBRAA7\" loading=\"eager\" alt=\"Sn\u00f8skred stengde fylkesvegen til Lodalen m\u00e5ndag morgon.\" title=\"Foto: Vestland fylkeskommune\"\/><\/p>\n<p>Foto: Vestland fylkeskommune<\/p>\n<ul>\n<li><strong>FV. 5623 Bakka, Guddalen<\/strong>: Tre og busker ramla ut i vegen og blokkerte han. Vegen var stengt ein periode, men opna klokka 11.00. Vegen blir stengt att klokka 17.00 i ettermiddag og fram til 09.00 tysdag morgon av preventive grunnar.<\/li>\n<\/ul>\n<p><strong>Det var ogs\u00e5 fleire innstilte ferjer p\u00e5 Vestlandet, men ved 15-tida har vinden roa seg. <\/strong><\/p>\n<p>Slik blir ferjetrafikken r\u00e5ka <\/p>\n<ul>\n<li>Gjermundshamn \u2013 Varalds\u00f8y \u2013 \u00c5rsnes er innstilt.<\/li>\n<li>Mortavika \u2013 Arsv\u00e5gen E39 \u2013 sambandet. To av tre ferjer innstilt. Den siste g\u00e5r til Hanasand i staden for Mortavika p\u00e5 grunn av uv\u00earet.<\/li>\n<li>Hjellestad \u2013 Klokkarvik \u2013 Bjelkar\u00f8y- Ler\u00f8y: Rundtur med avgang klokka 06:05 fr\u00e5 Klokkarvik er innstilt. Ny vurdering klokka 08:00.<\/li>\n<li>Hurtigb\u00e5ten mellom Flor\u00f8 og M\u00e5l\u00f8y g\u00e5r ikkje til kai i Sm\u00f8rhamn p\u00e5 morgonkvisten. Det kan verte forseinkingar.<\/li>\n<li>Ferjesambandet St\u00e5rheim \u2013 Isane innstilt. Fr\u00e5 St\u00e5rheim gjeld dette avgangen 06:00 og 06:45. Fr\u00e5 Isane 06:20 og 07:05, melder Fjord1.<\/li>\n<li>Ferjesambandet Kvanndal-Utne: Innstilt inntil vidare.<\/li>\n<li>Hjelmeland, Nesvik og Skipavik er innstilt inntil vidare.<\/li>\n<li>B\u00e5tane til Utsira, R\u00f8v\u00e6r og Fe\u00f8y innstilt.<\/li>\n<li>Ferja mellom Lauvik og Oanes er innstilt.<\/li>\n<li>Over Boknafjorden er anl\u00f8pa flytta fr\u00e5 Mortavika til Hanasand p\u00e5 grunn av v\u00earforholda, noko som medf\u00f8rer lengre reisetid. Avgangane p\u00e5 strekninga er ogs\u00e5 reduserte. I ei oppdatering klokka 09.08 melder Norled om normal drift fr\u00e5 08.45 og utover.<\/li>\n<li>Skal du til eller fr\u00e5 Kvits\u00f8y, m\u00e5 du nytte ferje, d\u00e5 hurtigb\u00e5ten er tatt ut av drift.<\/li>\n<\/ul>\n<p>Flytrafikken var r\u00e5ka<\/p>\n<p>Flytrafikken er ogs\u00e5 r\u00e5ka av v\u00earet.<\/p>\n<p><img decoding=\"async\"   src=\"data:image\/gif;base64,R0lGODlhAQABAIAAAAAAAP\/\/\/yH5BAEAAAAALAAAAAABAAEAAAIBRAA7\" loading=\"eager\" alt=\"Bergen lufthavn Flesland\" title=\"Foto: Simon Skjelvik Brandseth \/ NRK\"\/><\/p>\n<p class=\"\">P\u00e5 Bergen lufthavn Flesland er fleire fly innstilte.<\/p>\n<p>Foto: Simon Skjelvik Brandseth \/ NRK<\/p>\n<p>P\u00e5 Flesland var to SAS-avgangar fr\u00e5 Bergen til Stavanger innstilt. Det er ogs\u00e5 fleire fly som var forsinka. Fleire fly til Bergen er ogs\u00e5 innstilt, mellom<a href=\"https:\/\/www.nrk.no\/rogaland\/fleire-flyavgangar-kansellerte-pa-sola-mandag-morgon-1.17723381\" ec-id=\"pp:article:1.17723381\" ec-name=\"anna tre fly fr\u00e5 Stavanger.\" rel=\"nofollow noopener\" target=\"_blank\"> anna tre fly fr\u00e5 Stavanger. <\/a><\/p>\n<p>Ogs\u00e5 p\u00e5 Sogndal lufthamn og i Flor\u00f8 er det fleire forseinkingar og kanselleringar, melder <a href=\"https:\/\/www.avinor.no\/\" ec-id=\"https:\/\/www.avinor.no\/\" ec-name=\"Avinor\" rel=\"nofollow noopener\" target=\"_blank\">Avinor<\/a>.<\/p>\n<p>Equinor har meldt om forseinkingar i helikoptertrafikken ut i Nordsj\u00f8en grunna utfordrande v\u00earforhold. Selskapet ber likevel alle passasjerar om \u00e5 m\u00f8te opp til vanleg tid.<\/p>\n<p>P\u00e5 grunn av vind og b\u00f8lgeh\u00f8gder er dagens turar fr\u00e5 Flesland kansellerte, melder <a href=\"https:\/\/heliport.no.\/\" ec-id=\"https:\/\/heliport.no.\/\" ec-name=\"Heliport\" rel=\"nofollow noopener\" target=\"_blank\">Heliport<\/a>. Ogs\u00e5 fleire av turane fr\u00e5 Flor\u00f8 er kansellerte.<\/p>\n<p>Vegtrafikksentralen: \u2013 Overraskande<\/p>\n<p>Vinden skal halde p\u00e5 utover dagen, og Vegtrafikksentralen trur det vil kome inn end\u00e5 fleire meldingar.<\/p>\n<p>Dei ber folk vere ekstra varsame og f\u00f8lge godt med.<\/p>\n<p>\u2013 Sj\u00f8lv om det er plussgrader, kan det framleis vere glatt, minner trafikkoperat\u00f8r Rolf Einar V\u00e5gheim om.<\/p>\n<p><strong><a href=\"https:\/\/www.vegvesen.no\/trafikk\" ec-id=\"https:\/\/www.vegvesen.no\/trafikk\" ec-name=\"Her\" rel=\"nofollow noopener\" target=\"_blank\">Her <\/a>kan du sjekke oppdatert status p\u00e5 vegane.<\/strong><\/p>\n<p>Klokka 11.30 opplyser Leif Helge Fjellro i Vegtrafikksentralen at dei s\u00e5 langt har f\u00e5tt inn lite hendingar.<\/p>\n<p><strong>\u2013 Det g\u00e5r overraskande bra p\u00e5 vegane, i alle fall om du ser vekk fr\u00e5 fjellovergangane, seier Fjellro. <\/strong><\/p>\n<p>Publisert<\/p>\n<p>12.01.2026, kl. 07.10<\/p>\n<p>Oppdatert<\/p>\n<p>12.01.2026, kl. 15.48<\/p>\n","protected":false},"excerpt":{"rendered":"Den sterke vinden og det gule farevarselet skaper utfordringar, seier trafikkoperat\u00f8r Rolf Einar V\u00e5gheim til NRK m\u00e5ndag morgon.&hellip;\n","protected":false},"author":2,"featured_media":135617,"comment_status":"","ping_status":"","sticky":false,"template":"","format":"standard","meta":{"footnotes":""},"categories":[5],"tags":[20,21,24,25,15,19,22,23,17,18,13,30,28,29,14,16,26,27],"class_list":{"0":"post-135616","1":"post","2":"type-post","3":"status-publish","4":"format-standard","5":"has-post-thumbnail","7":"category-overskrifter","8":"tag-breaking-news","9":"tag-breakingnews","10":"tag-featured-news","11":"tag-featurednews","12":"tag-headlines","13":"tag-hovedoppslag","14":"tag-latest-news","15":"tag-latestnews","16":"tag-main-news","17":"tag-mainnews","18":"tag-news","19":"tag-no","20":"tag-norge","21":"tag-norway","22":"tag-nyheter","23":"tag-overskrifter","24":"tag-top-stories","25":"tag-topstories"},"share_on_mastodon":{"url":"https:\/\/pubeurope.com\/@no\/115883197520395697","error":""},"_links":{"self":[{"href":"https:\/\/www.europesays.com\/no\/wp-json\/wp\/v2\/posts\/135616","targetHints":{"allow":["GET"]}}],"collection":[{"href":"https:\/\/www.europesays.com\/no\/wp-json\/wp\/v2\/posts"}],"about":[{"href":"https:\/\/www.europesays.com\/no\/wp-json\/wp\/v2\/types\/post"}],"author":[{"embeddable":true,"href":"https:\/\/www.europesays.com\/no\/wp-json\/wp\/v2\/users\/2"}],"replies":[{"embeddable":true,"href":"https:\/\/www.europesays.com\/no\/wp-json\/wp\/v2\/comments?post=135616"}],"version-history":[{"count":0,"href":"https:\/\/www.europesays.com\/no\/wp-json\/wp\/v2\/posts\/135616\/revisions"}],"wp:featuredmedia":[{"embeddable":true,"href":"https:\/\/www.europesays.com\/no\/wp-json\/wp\/v2\/media\/135617"}],"wp:attachment":[{"href":"https:\/\/www.europesays.com\/no\/wp-json\/wp\/v2\/media?parent=135616"}],"wp:term":[{"taxonomy":"category","embeddable":true,"href":"https:\/\/www.europesays.com\/no\/wp-json\/wp\/v2\/categories?post=135616"},{"taxonomy":"post_tag","embeddable":true,"href":"https:\/\/www.europesays.com\/no\/wp-json\/wp\/v2\/tags?post=135616"}],"curies":[{"name":"wp","href":"https:\/\/api.w.org\/{rel}","templated":true}]}}