{"id":135618,"date":"2026-01-12T17:06:43","date_gmt":"2026-01-12T17:06:43","guid":{"rendered":"https:\/\/www.europesays.com\/no\/135618\/"},"modified":"2026-01-12T17:06:43","modified_gmt":"2026-01-12T17:06:43","slug":"prinsesse-ingrid-alexandra-finnmark-ingrid-alexandra-besoker-finnmark","status":"publish","type":"post","link":"https:\/\/www.europesays.com\/no\/135618\/","title":{"rendered":"Prinsesse Ingrid Alexandra, Finnmark | Ingrid Alexandra bes\u00f8ker Finnmark"},"content":{"rendered":"\n<p>Hun bes\u00f8ker Karasjok og Kirkenes 25.\u201327. januar, skriver Statsforvalteren i Troms og Finnmark i en <a href=\"https:\/\/www.statsforvalteren.no\/nb\/troms-finnmark\/nyheter\/2026\/01\/h.k.h-prinsesse-ingrid-alexandra-besoker-karasjok-og-kirkenes-26.-27.-januar\" rel=\"nofollow noopener\" target=\"_blank\">pressemelding.<\/a><\/p>\n<p>Prinsessen skal f\u00f8rst bes\u00f8ke Karasjok, hvor hun blir med en reindriftsfamilie ut p\u00e5 vinterbeite. Der skal hun f\u00e5 en innf\u00f8ring i den samiske kulturen, og hun overnatter sammen med familien p\u00e5 vidda.<\/p>\n<p><b>Les ogs\u00e5: <a href=\"https:\/\/www.nettavisen.no\/norsk-debatt\/smarte-trekk-av-ingrid-alexandra\/o\/5-95-2484994\" rel=\"Follow nofollow noopener\" target=\"_blank\">Hun er en ny type prinsesse \u2013 og det merkes<\/a><\/b><\/p>\n<p>Dagen etter bes\u00f8ker hun Karasjok skole f\u00f8r hun reiser innom Sametinget. Den siste dagen skal hun kj\u00f8re hundespann med elever fra Tana videreg\u00e5ende skole.<\/p>\n<p>Finnmark-turen avsluttes med et m\u00f8te med lokalt n\u00e6ringsliv og frivillighet i S\u00f8r-Varanger.<\/p>\n<p>(\u00a9NTB)<\/p>\n","protected":false},"excerpt":{"rendered":"Hun bes\u00f8ker Karasjok og Kirkenes 25.\u201327. januar, skriver Statsforvalteren i Troms og Finnmark i en pressemelding. Prinsessen skal&hellip;\n","protected":false},"author":2,"featured_media":135619,"comment_status":"","ping_status":"","sticky":false,"template":"","format":"standard","meta":{"footnotes":""},"categories":[10],"tags":[20,21,24,25,15,22,23,13,30,28,29,14,16,26,27],"class_list":{"0":"post-135618","1":"post","2":"type-post","3":"status-publish","4":"format-standard","5":"has-post-thumbnail","7":"category-norge","8":"tag-breaking-news","9":"tag-breakingnews","10":"tag-featured-news","11":"tag-featurednews","12":"tag-headlines","13":"tag-latest-news","14":"tag-latestnews","15":"tag-news","16":"tag-no","17":"tag-norge","18":"tag-norway","19":"tag-nyheter","20":"tag-overskrifter","21":"tag-top-stories","22":"tag-topstories"},"share_on_mastodon":{"url":"https:\/\/pubeurope.com\/@no\/115883224833259983","error":""},"_links":{"self":[{"href":"https:\/\/www.europesays.com\/no\/wp-json\/wp\/v2\/posts\/135618","targetHints":{"allow":["GET"]}}],"collection":[{"href":"https:\/\/www.europesays.com\/no\/wp-json\/wp\/v2\/posts"}],"about":[{"href":"https:\/\/www.europesays.com\/no\/wp-json\/wp\/v2\/types\/post"}],"author":[{"embeddable":true,"href":"https:\/\/www.europesays.com\/no\/wp-json\/wp\/v2\/users\/2"}],"replies":[{"embeddable":true,"href":"https:\/\/www.europesays.com\/no\/wp-json\/wp\/v2\/comments?post=135618"}],"version-history":[{"count":0,"href":"https:\/\/www.europesays.com\/no\/wp-json\/wp\/v2\/posts\/135618\/revisions"}],"wp:featuredmedia":[{"embeddable":true,"href":"https:\/\/www.europesays.com\/no\/wp-json\/wp\/v2\/media\/135619"}],"wp:attachment":[{"href":"https:\/\/www.europesays.com\/no\/wp-json\/wp\/v2\/media?parent=135618"}],"wp:term":[{"taxonomy":"category","embeddable":true,"href":"https:\/\/www.europesays.com\/no\/wp-json\/wp\/v2\/categories?post=135618"},{"taxonomy":"post_tag","embeddable":true,"href":"https:\/\/www.europesays.com\/no\/wp-json\/wp\/v2\/tags?post=135618"}],"curies":[{"name":"wp","href":"https:\/\/api.w.org\/{rel}","templated":true}]}}