{"id":135620,"date":"2026-01-12T17:07:08","date_gmt":"2026-01-12T17:07:08","guid":{"rendered":"https:\/\/www.europesays.com\/no\/135620\/"},"modified":"2026-01-12T17:07:08","modified_gmt":"2026-01-12T17:07:08","slug":"enova-sjefen-gar-av","status":"publish","type":"post","link":"https:\/\/www.europesays.com\/no\/135620\/","title":{"rendered":"Enova-sjefen g\u00e5r av"},"content":{"rendered":"<p>    Administrerende direkt\u00f8r Nils Kristian Nakstad g\u00e5r av i Enova etter 18 \u00e5r.\u00a0\u00a0<\/p>\n<p>\n    GIR SEG: Nils Kristian Nakstad g\u00e5r av som Enova-sjef etter 18 \u00e5r i rollen. Arkivfoto: Vidar Ruud \/ NTB\n  <\/p>\n<p>Nils Kristian\u00a0Nakstad g\u00e5r av etter 18 \u00e5r som leder av det statlige energiforetaket Enova.<\/p>\n<p>63-\u00e5ringen og Enova-styret er enige om at han i l\u00f8pet av f\u00f8rste kvartal g\u00e5r av som administrerende direkt\u00f8r, skriver Enova i en pressemelding.<\/p>\n<p>&#8211; Det har v\u00e6rt spennende og utfordrende \u00e5r. Samtidig m\u00e5 toppledere vite n\u00e5r det er riktig \u00e5 slippe til nye krefter. N\u00e5r vi har hatt samtaler om fremtiden og ledelsesstrukturen i Enova, har det blitt klart for meg at tiden er inne. Det er selvsagt vemodig \u00e5 gi fra seg stafettpinnen, men f\u00f8rst og fremst er det en stor \u00e6re \u00e5 ha f\u00e5tt lede Enova gjennom 18 \u00e5r, sier Nakstad.<\/p>\n<p>Enova-styret opplyser at de n\u00e5 g\u00e5r i gang med \u00e5 finne hans erstatter. Nakstad skal v\u00e6re tilgjengelig som r\u00e5dgiver fram til juli.<\/p>\n","protected":false},"excerpt":{"rendered":"Administrerende direkt\u00f8r Nils Kristian Nakstad g\u00e5r av i Enova etter 18 \u00e5r.\u00a0\u00a0 GIR SEG: Nils Kristian Nakstad g\u00e5r&hellip;\n","protected":false},"author":2,"featured_media":135621,"comment_status":"","ping_status":"","sticky":false,"template":"","format":"standard","meta":{"footnotes":""},"categories":[5],"tags":[20,21,9376,24,25,15,19,22,23,17,18,13,30,28,29,14,16,26,27],"class_list":{"0":"post-135620","1":"post","2":"type-post","3":"status-publish","4":"format-standard","5":"has-post-thumbnail","7":"category-overskrifter","8":"tag-breaking-news","9":"tag-breakingnews","10":"tag-enova","11":"tag-featured-news","12":"tag-featurednews","13":"tag-headlines","14":"tag-hovedoppslag","15":"tag-latest-news","16":"tag-latestnews","17":"tag-main-news","18":"tag-mainnews","19":"tag-news","20":"tag-no","21":"tag-norge","22":"tag-norway","23":"tag-nyheter","24":"tag-overskrifter","25":"tag-top-stories","26":"tag-topstories"},"share_on_mastodon":{"url":"https:\/\/pubeurope.com\/@no\/115883228722332520","error":""},"_links":{"self":[{"href":"https:\/\/www.europesays.com\/no\/wp-json\/wp\/v2\/posts\/135620","targetHints":{"allow":["GET"]}}],"collection":[{"href":"https:\/\/www.europesays.com\/no\/wp-json\/wp\/v2\/posts"}],"about":[{"href":"https:\/\/www.europesays.com\/no\/wp-json\/wp\/v2\/types\/post"}],"author":[{"embeddable":true,"href":"https:\/\/www.europesays.com\/no\/wp-json\/wp\/v2\/users\/2"}],"replies":[{"embeddable":true,"href":"https:\/\/www.europesays.com\/no\/wp-json\/wp\/v2\/comments?post=135620"}],"version-history":[{"count":0,"href":"https:\/\/www.europesays.com\/no\/wp-json\/wp\/v2\/posts\/135620\/revisions"}],"wp:featuredmedia":[{"embeddable":true,"href":"https:\/\/www.europesays.com\/no\/wp-json\/wp\/v2\/media\/135621"}],"wp:attachment":[{"href":"https:\/\/www.europesays.com\/no\/wp-json\/wp\/v2\/media?parent=135620"}],"wp:term":[{"taxonomy":"category","embeddable":true,"href":"https:\/\/www.europesays.com\/no\/wp-json\/wp\/v2\/categories?post=135620"},{"taxonomy":"post_tag","embeddable":true,"href":"https:\/\/www.europesays.com\/no\/wp-json\/wp\/v2\/tags?post=135620"}],"curies":[{"name":"wp","href":"https:\/\/api.w.org\/{rel}","templated":true}]}}