{"id":135626,"date":"2026-01-12T17:23:10","date_gmt":"2026-01-12T17:23:10","guid":{"rendered":"https:\/\/www.europesays.com\/no\/135626\/"},"modified":"2026-01-12T17:23:10","modified_gmt":"2026-01-12T17:23:10","slug":"na-er-jeg-erklaert-frisk-nrk-more-og-romsdal-lokale-nyheter-tv-og-radio","status":"publish","type":"post","link":"https:\/\/www.europesays.com\/no\/135626\/","title":{"rendered":"\u2013 N\u00e5 er jeg erkl\u00e6rt frisk \u2013 NRK M\u00f8re og Romsdal \u2013 Lokale nyheter, TV og radio"},"content":{"rendered":"<p>\u2013 Det er spennende, og s\u00e5 er det jo lenge siden, sier Kjetil Rekdal mandag n\u00e5r AaFK m\u00f8ttes til sesongoppkj\u00f8ring. Det var med hovedtreneren tilbake p\u00e5 feltet.<\/p>\n<p>I november ble treneren sykemeldt <a href=\"https:\/\/www.nrk.no\/mr\/kjetil-rekdal-sykmeldt-etter-kreftoperasjon-1.17657629\" ec-id=\"pp:article:1.17657629\" ec-name=\"etter en operasjon\" rel=\"nofollow noopener\" target=\"_blank\">etter en operasjon<\/a>, etter at han i fjor sommer ble diagnostisert med kreft. <\/p>\n<p>\u2013 N\u00e5 er jeg erkl\u00e6rt frisk, og det er veldig positivt, sier Rekdal mandag. <\/p>\n<p>M\u00e5 pr\u00f8ve seg frem<\/p>\n<p>Han er likevel ikke tilbake for fullt helt enda. Rekdal sier at det er en del utfordringer som f\u00f8lger med kreftoperasjonen han var gjennom. Derfor m\u00e5 han trene seg opp igjen b\u00e5de fysisk og mentalt, og pr\u00f8ve seg frem for \u00e5 se hvor mye han takler og t\u00e5ler.<\/p>\n<p>\u2013 Det g\u00e5r sakte, men sikkert. Jeg m\u00e5 bare ta \u00e9n dag av gangen, det fins ikke noe annen l\u00f8sning.\n<\/p>\n<p><img decoding=\"async\"   src=\"data:image\/gif;base64,R0lGODlhAQABAIAAAAAAAP\/\/\/yH5BAEAAAAALAAAAAABAAEAAAIBRAA7\" loading=\"eager\" alt=\"Trenings\u00f8kt p\u00e5 fotballbane med spillere i treningst\u00f8y. En spiller i r\u00f8d vest st\u00e5r foran en ball, mens en trener observerer. Flere spillere er synlige i bakgrunnen, og m\u00e5let er i fokus. Omgivelsene er en kunstgressbane innend\u00f8rs.\" title=\"Foto: Frederik Winness Ringnes \/ NRK\"\/><\/p>\n<p class=\"\">Kjetil Rekdal under sesongoppkj\u00f8ringen for AaFK, sammen med assistenttrener Geir Frig\u00e5rd. <\/p>\n<p>Foto: Frederik Winness Ringnes \/ NRK<\/p>\n<p>I starten vil han v\u00e6re p\u00e5 trening et par dager i uka og f\u00f8lge med p\u00e5 hvor mye energi han har.<\/p>\n<p>\u2013 Forh\u00e5pentligvis er jeg s\u00e5pass sterk at jeg kan v\u00e6re med p\u00e5 treningsleiren fullt ut, og kanskje fullt ut derifra fra midten av februar, sier Rekdal. <\/p>\n<p>Tror de skal klare \u00e5 bite fra seg<\/p>\n<p>AaFK har spilt i OBOS-ligaen de to siste sesongene. N\u00e5 har Rekdal tro p\u00e5 at laget skal klare \u00e5 bite fra seg p\u00e5 \u00f8verste niv\u00e5 selv om det blir mange t\u00f8ffe motstandere.<\/p>\n<p>\u2013 Vi skal m\u00f8te mange gode lag som er mye bedre enn oss i utgangspunktet og kanskje per dags dato. S\u00e5 det er opp til oss \u00e5 ta innp\u00e5 og vinne nok kamper til \u00e5 f\u00e5 fortsette \u00e5 v\u00e6re p\u00e5 det niv\u00e5et, sier han.\n<\/p>\n<p><img decoding=\"async\"   src=\"data:image\/gif;base64,R0lGODlhAQABAIAAAAAAAP\/\/\/yH5BAEAAAAALAAAAAABAAEAAAIBRAA7\" loading=\"eager\" alt=\"Trenere observerer spillere under en fotball\u00f8kt innend\u00f8rs, if\u00f8rt treningskl\u00e6r i klubben sine farger. Det er en kunstgressbane med treningsutstyr synlig, inkludert en oppsatt kjegle. Noen spillere er i bevegelse, mens andre st\u00e5r og lytter. Omgivelsene er godt opplyst, og det ser ut til \u00e5 v\u00e6re en strukturert treningssituasjon.\" title=\"Foto: Frederik Winness Ringnes \/ NRK\"\/><\/p>\n<p class=\"\">Spillerne trente innend\u00f8rs mandag. <\/p>\n<p>Foto: Frederik Winness Ringnes \/ NRK<\/p>\n<p>Han sier at det er stort potensial i troppen.<\/p>\n<p>\u2013 Det er mange gode, unge fotballspillere her som kan utvikle seg veldig fort. Og det m\u00e5 de gj\u00f8re kanskje dersom vi skal klare \u00e5 sl\u00e5 og bite godt nok fra oss. Det er et spennende utgangspunkt. Vi har nok talent her til \u00e5 kunne hevde oss, mener Rekdal. <\/p>\n<p>\u2013 H\u00f8rer hjemme i eliteserien<\/p>\n<p>Oppkj\u00f8ringen til sesongen startet <a href=\"https:\/\/www.nrk.no\/mr\/aafk-spelar-ngongo-er-operert-1.17723805\" ec-id=\"pp:article:1.17723805\" ec-name=\"uten spiss Paul Ngongo.\" rel=\"nofollow noopener\" target=\"_blank\">uten spiss Paul Ngongo.<\/a> Han m\u00e5tte operere etter at han ble skadd i playoffkampen mot Bryne f\u00f8r jul. Assistenttrener Geir Frig\u00e5rd er forn\u00f8yd med hvordan resten av laget s\u00e5 ut p\u00e5 \u00e5rets f\u00f8rste trening. <\/p>\n<p>\u2013 Vi starter p\u00e5 et mye h\u00f8yere niv\u00e5 enn vi var p\u00e5 samme tid i fjor, og vi skal opp i eliteserien s\u00e5 det m\u00e5 vi ogs\u00e5. Det var en bra start, s\u00e5 f\u00e5r vi s\u00f8rge for at det blir en god f\u00f8rste treningsuke, sier han. <\/p>\n<p><img decoding=\"async\"   src=\"data:image\/gif;base64,R0lGODlhAQABAIAAAAAAAP\/\/\/yH5BAEAAAAALAAAAAABAAEAAAIBRAA7\" loading=\"eager\" alt=\"Trenings\u00f8kt med fotballspillere i innend\u00f8rs hall. To spillere diskuterer, mens en tredje st\u00e5r med fotball. Flere spillere er i bakgrunnen, og en m\u00e5lstang er synlig. Alle b\u00e6rer drakter med logoen til Coop.\" title=\"Foto: Frederik Winness Ringnes \/ NRK\"\/><\/p>\n<p class=\"\">Assistenttrener Geir Frig\u00e5rd sammen med keeper Tor Erik Larsen.<\/p>\n<p>Foto: Frederik Winness Ringnes \/ NRK<\/p>\n<p>Han sier de er ekstremt motiverte for \u00e5 spille p\u00e5 det \u00f8verste niv\u00e5et. <\/p>\n<p>\u2013 Det laget her, den byen her og den klubben her, den h\u00f8rer hjemme i eliteserien, sier han. <\/p>\n<p>Publisert<\/p>\n<p>12.01.2026, kl. 11.23<\/p>\n<p>Oppdatert<\/p>\n<p>12.01.2026, kl. 13.53<\/p>\n","protected":false},"excerpt":{"rendered":"\u2013 Det er spennende, og s\u00e5 er det jo lenge siden, sier Kjetil Rekdal mandag n\u00e5r AaFK m\u00f8ttes&hellip;\n","protected":false},"author":2,"featured_media":135627,"comment_status":"","ping_status":"","sticky":false,"template":"","format":"standard","meta":{"footnotes":""},"categories":[5],"tags":[20,21,24,25,15,19,22,23,17,18,13,30,28,29,14,16,26,27],"class_list":{"0":"post-135626","1":"post","2":"type-post","3":"status-publish","4":"format-standard","5":"has-post-thumbnail","7":"category-overskrifter","8":"tag-breaking-news","9":"tag-breakingnews","10":"tag-featured-news","11":"tag-featurednews","12":"tag-headlines","13":"tag-hovedoppslag","14":"tag-latest-news","15":"tag-latestnews","16":"tag-main-news","17":"tag-mainnews","18":"tag-news","19":"tag-no","20":"tag-norge","21":"tag-norway","22":"tag-nyheter","23":"tag-overskrifter","24":"tag-top-stories","25":"tag-topstories"},"share_on_mastodon":{"url":"https:\/\/pubeurope.com\/@no\/115883291576410543","error":""},"_links":{"self":[{"href":"https:\/\/www.europesays.com\/no\/wp-json\/wp\/v2\/posts\/135626","targetHints":{"allow":["GET"]}}],"collection":[{"href":"https:\/\/www.europesays.com\/no\/wp-json\/wp\/v2\/posts"}],"about":[{"href":"https:\/\/www.europesays.com\/no\/wp-json\/wp\/v2\/types\/post"}],"author":[{"embeddable":true,"href":"https:\/\/www.europesays.com\/no\/wp-json\/wp\/v2\/users\/2"}],"replies":[{"embeddable":true,"href":"https:\/\/www.europesays.com\/no\/wp-json\/wp\/v2\/comments?post=135626"}],"version-history":[{"count":0,"href":"https:\/\/www.europesays.com\/no\/wp-json\/wp\/v2\/posts\/135626\/revisions"}],"wp:featuredmedia":[{"embeddable":true,"href":"https:\/\/www.europesays.com\/no\/wp-json\/wp\/v2\/media\/135627"}],"wp:attachment":[{"href":"https:\/\/www.europesays.com\/no\/wp-json\/wp\/v2\/media?parent=135626"}],"wp:term":[{"taxonomy":"category","embeddable":true,"href":"https:\/\/www.europesays.com\/no\/wp-json\/wp\/v2\/categories?post=135626"},{"taxonomy":"post_tag","embeddable":true,"href":"https:\/\/www.europesays.com\/no\/wp-json\/wp\/v2\/tags?post=135626"}],"curies":[{"name":"wp","href":"https:\/\/api.w.org\/{rel}","templated":true}]}}