{"id":135630,"date":"2026-01-12T17:37:48","date_gmt":"2026-01-12T17:37:48","guid":{"rendered":"https:\/\/www.europesays.com\/no\/135630\/"},"modified":"2026-01-12T17:37:48","modified_gmt":"2026-01-12T17:37:48","slug":"tusenvis-tar-til-gatene","status":"publish","type":"post","link":"https:\/\/www.europesays.com\/no\/135630\/","title":{"rendered":"Tusenvis tar til gatene"},"content":{"rendered":"<p class=\"kicker \" style=\"\">ICE-drapet:<\/p>\n<p>    Over hele USA arangeres det l\u00f8rdag demonstrasjoner. &#8211; Vi skal tvinge fram en ny kurs.<\/p>\n<p>\n    APELL: &#8211; Vi skal tvinge fram en ny kurs, sier kongressrepresentant Ilhan Omar i en apell til demonstrantene som har m\u00f8tt opp i Minneapolis l\u00f8rdag. Foto: Vegard Kristiansen Kvaale \/ Dagbladet\n  <\/p>\n<p>MINNEAPOLIS \/ OSLO (Dagbladet): Etter at 37 \u00e5r gamle Renee Nicole Good onsdag<a href=\"https:\/\/www.dagbladet.no\/nyheter\/foderal-agent-avfyrte-skudd-to-skadd\/84074857\" rel=\"nofollow noopener\" target=\"_blank\"> ble drept av en f\u00f8deral Ice-agent i Minneapolis<\/a>, er det l\u00f8rdag planlagt over 1000 \u00abIce Out for Good\u00bb-markeringer over hele USA, if\u00f8lge <a href=\"https:\/\/www.reuters.com\/world\/us\/fatal-ice-shooting-minneapolis-activist-sets-stage-national-protests-2026-01-10\/\" rel=\"nofollow noopener\" target=\"_blank\">Reuters<\/a>.<\/p>\n<p class=\"no_italic m-no_italic font-weight-bold m-font-weight-bold\" data-lab-italic=\"\" data-lab-font_weight=\"font-weight-bold\">Dagbladet er til stede i Minneapolis, der demonstrasjonen foreg\u00e5r i Powderhorn Park &#8211;\u00a0 f\u00e5 kvartaler unna der 37-\u00e5ringen ble skutt og drept.\u00a0<\/p>\n<p>&#8211; Vi skal tvinge fram en ny kurs.<br \/>\nVi skal bruke alle erfaringene vi har f\u00e5tt til \u00e5 sikre at ingen lokalsamfunn noen gang igjen blir terrorisert slik Trump og hans folk har gjort, sier kongressrepresentant Ilhan Omar i en apell til demonstrantene.<\/p>\n<p>    <a itemprop=\"url\" href=\"https:\/\/www.dagbladet.no\/nyheter\/renee-var-ei-solstrale\/84079782\" rel=\"nofollow noopener\" target=\"_blank\"><\/p>\n<p>        <img loading=\"lazy\" decoding=\"async\" src=\"https:\/\/www.europesays.com\/no\/wp-content\/uploads\/2026\/01\/1768239466_409_84079811.webp.webp\" width=\"980\" height=\"441\" title=\"- Renee var ei solstr\u00e5le\" alt=\"\" class=\"lazyload\" style=\"--aspect-ratio-image: 2.22; \"\/><\/p>\n<p>        &#8211; Renee var ei solstr\u00e5le<\/p>\n<p>    <\/a><\/p>\n<p>Stengte skoler\t<\/p>\n<p class=\"no_italic m-no_italic font-weight-normal m-font-weight-normal\" data-lab-italic=\"\" data-lab-font_weight=\"font-weight-normal\">Stemningen i Minneapolis er s\u00e6rdeles anspent, forteller Dagbladets reporter p\u00e5 stedet, og melder om rapporter som sier at det skal v\u00e6re tusenvis som har tatt til gatene.<\/p>\n<p class=\"no_italic m-no_italic font-weight-normal m-font-weight-normal\" data-lab-italic=\"\" data-lab-font_weight=\"font-weight-normal\">If\u00f8lge Minnesota-senator Amy Klobuchar er det n\u00e5 flere ICE-agenter &#8211; rundt 2200 &#8211; enn vanlige politifolk i byen.\u00a0<\/p>\n<p class=\"no_italic m-no_italic font-weight-normal m-font-weight-normal\" data-lab-italic=\"\" data-lab-font_weight=\"font-weight-normal\">If\u00f8lge <a href=\"https:\/\/edition.cnn.com\/us\/live-news\/minneapolis-ice-shooting-immigration-crackdown-01-10-26\" rel=\"nofollow noopener\" target=\"_blank\">CNN<\/a> har agenter l\u00f8rdag kveld skutt pepperballer mot en gruppe demonstranter utenfor en f\u00f8deral bygning i Minneapolis-omr\u00e5det.<\/p>\n<p class=\"no_italic m-no_italic font-weight-normal m-font-weight-normal\" data-lab-italic=\"\" data-lab-font_weight=\"font-weight-normal\">I sosiale medier gir flere innbyggere uttrykk for sinne og frykt.\u00a0<\/p>\n<p class=\"no_italic m-no_italic font-weight-normal m-font-weight-normal\" data-lab-italic=\"\" data-lab-font_weight=\"font-weight-normal\">Skolene i byen har holdt stengt etter drapet og tilbyr n\u00e5 at elever kan f\u00e5 undervisning hjemmefra helt til februar, fordi mange er redde for \u00e5 sende ut barna sine.<\/p>\n<p>        <img loading=\"lazy\" decoding=\"async\" src=\"https:\/\/www.europesays.com\/no\/wp-content\/uploads\/2026\/01\/84081968.webp.webp\" width=\"980\" height=\"559\" title=\"ICE-VAKT: Her st\u00e5r Immigration and Customs Enforcement (ICE) vakt utenfor Bishop Henry Whipple Federal Building under en demonstrasjon mot \u00f8kt h\u00e5ndheving av innvandringsregler, i Minneapolis, Minnesota, USA, 10. januar 2026. Foto: Tyrone Siu\/Reuters\/NTB\" alt=\"\" class=\"\" style=\"--aspect-ratio-image: 1.75; \"\/><\/p>\n<p>\n        ICE-VAKT: Her st\u00e5r Immigration and Customs Enforcement (ICE) vakt utenfor Bishop Henry Whipple Federal Building under en demonstrasjon mot \u00f8kt h\u00e5ndheving av innvandringsregler, i Minneapolis, Minnesota, USA, 10. januar 2026. Foto: Tyrone Siu\/Reuters\/NTB\n    <\/p>\n<p>Ordkrig\t<\/p>\n<p>Trebarnsmora Renee Good ble drept mens hun satt bak rattet i bilen sin i ei boliggate.<\/p>\n<p>Siden drapet skjedde, har ordkrigen p\u00e5g\u00e5tt mellom folk som mener at ICE-agenten handlet i selvforsvar og de som mener at Good ble drept i kaldt blod.<\/p>\n<p>Visepresident J.D. Vance skriver p\u00e5\u00a0<a href=\"https:\/\/x.com\/JDVance\/status\/2009248101064704147\" rel=\"nofollow\">X<\/a>\u00a0at det var Goods skyld.\u00a0<\/p>\n<p>&#8211; Dette var et angrep p\u00e5 lov og orden. Dette var et angrep p\u00e5 det amerikanske folket, sa Vance torsdag.\u00a0<\/p>\n<p> Samme dag ba ordf\u00f8rer i Minneapolis, Jacob Frey, ICE\u00a0<a href=\"https:\/\/www.dagbladet.no\/nyheter\/dra-til-helvete-ut-av-minneapolis\/84068682\" rel=\"nofollow noopener\" target=\"_blank\">\u00abdra til helvete ut av byen\u00bb.<\/a> <\/p>\n<p>Onsdag sa president Donald Trump at saken skal etterforskes, men at han mener hendelsesforl\u00f8pet er \u00e5penbart og at kvinnen ble skutt i \u00abselvforsvar\u00bb.\u00a0<\/p>\n<p>I et innlegg p\u00e5\u00a0<a href=\"https:\/\/truthsocial.com\/@realDonaldTrump\/posts\/115855701696773990\" target=\"_blank\" rel=\"nofollow noopener\">Truth Social<\/a>\u00a0skrev han at \u00ab\u00e5rsaken til at disse hendelsene skjer er at det radikale venstre truer, angriper og rammer v\u00e5re politifolk og Ice-betjenter hver eneste dag\u00bb<\/p>\n<p>        MINNEAPOLIS: Det har blitt publisert et nytt opptak fra ICE-skytingen i Minneapolis onsdag 7. januar, som skal v\u00e6re filmet med ICE-agentens mobilkamera. Video: Alpha News. Reporter: Trond Markus Gravdal<\/p>\n<p>Filmet\t<\/p>\n<p><a href=\"https:\/\/www.dagbladet.no\/nyheter\/renee-var-ei-solstrale\/84079782\" rel=\"nofollow noopener\" target=\"_blank\">En rekke videoer<\/a> tatt av \u00f8yenvitner fra flere retninger, viser imidlertid hva som faktisk skjedde da Good ble drept.<\/p>\n<p>Fredag publiserte Det hvite hus videoen som er hentet fra kroppskameraet til Ice-agenten som skj\u00f8t og drepte Good.<\/p>\n<p>I den 47 sekunder lange videoen sier Good \u00abDet er greit, kompis, jeg er ikke sint p\u00e5 deg\u00bb til Ice-agenten, f\u00f8r hun setter bilen i gir for \u00e5 kj\u00f8re bort. Han retter da v\u00e5penet mot henne og skyter.<\/p>\n<p>Bilen fortsetter ukontrollert nedover gaten, og i bakgrunnen kan det h\u00f8res at en person sier \u00abj\u00e6vla hore\u00bb, skriver NTB.<\/p>\n<p>37 \u00e5r gamle Good var p\u00e5 vei hjem etter \u00e5 ha kj\u00f8rt sin seks \u00e5r gamle datter til skolen, men det er uklart hva hun gjorde i omr\u00e5det der Ice hadde en operasjon g\u00e5ende.<\/p>\n<p>        NB: STERKE BILDER: Det amerikanske immigrasjonspolitiet ICE drepte en 37-\u00e5rig kvinne i Minneapolis onsdag. Ordf\u00f8reren i Minneapolis krever n\u00e5 at det omdiskuterte byr\u00e5et forlater byen.<\/p>\n<p>P\u00e5grepet\u00a0\t<\/p>\n<p>Demonstrasjonene i nabolaget der Good ble skutt, har s\u00e5 langt v\u00e6rt fredelige. Mange har m\u00f8tt fram med blomster for \u00e5 minnes den 37 \u00e5r gamle sm\u00e5barnsmora.<\/p>\n<p>Demonstrasjoner ved ICE-hovedkvarteret n\u00e6r flyplassen i Minneapolis endte i sammenst\u00f8t mellom ICE og demonstranter torsdag og fredag.<\/p>\n<p>Natt til l\u00f8rdag var Dagbladet til stede utenfor hotellet i sentrum av Minneapolis, hvor ICE-agenter angivelig bor. Der dukket flere hundre demosntranter opp og kastet sn\u00f8, is og stein mot politiet.\u00a0<\/p>\n<p class=\"font-weight-bold m-font-weight-bold\" data-lab-font_weight=\"font-weight-bold\">If\u00f8lge politiet ble minst 30 personer p\u00e5grepet. <\/p>\n<p>Voldshendelsen skjedde kort tid etter at rundt 2000 f\u00f8derale tjenestepersoner ble sendt til Minneapolis i det Homeland Security-departementet kalte \u00abden st\u00f8rste DHS-operasjonen noensinne\u00bb.<\/p>\n<p>Minnesotas guvern\u00f8r Tim Walz, demokrat, ford\u00f8mte utplasseringen som et \u00abhensynsl\u00f8st\u00bb eksempel p\u00e5 \u00abreality-TV-styring\u00bb.<\/p>\n","protected":false},"excerpt":{"rendered":"ICE-drapet: Over hele USA arangeres det l\u00f8rdag demonstrasjoner. &#8211; Vi skal tvinge fram en ny kurs. APELL: &#8211;&hellip;\n","protected":false},"author":2,"featured_media":135631,"comment_status":"","ping_status":"","sticky":false,"template":"","format":"standard","meta":{"footnotes":""},"categories":[5],"tags":[20,21,24,25,15,19,2539,22,23,17,18,13,30,28,29,14,16,26,27],"class_list":{"0":"post-135630","1":"post","2":"type-post","3":"status-publish","4":"format-standard","5":"has-post-thumbnail","7":"category-overskrifter","8":"tag-breaking-news","9":"tag-breakingnews","10":"tag-featured-news","11":"tag-featurednews","12":"tag-headlines","13":"tag-hovedoppslag","14":"tag-innenriks","15":"tag-latest-news","16":"tag-latestnews","17":"tag-main-news","18":"tag-mainnews","19":"tag-news","20":"tag-no","21":"tag-norge","22":"tag-norway","23":"tag-nyheter","24":"tag-overskrifter","25":"tag-top-stories","26":"tag-topstories"},"share_on_mastodon":{"url":"https:\/\/pubeurope.com\/@no\/115883350625982693","error":""},"_links":{"self":[{"href":"https:\/\/www.europesays.com\/no\/wp-json\/wp\/v2\/posts\/135630","targetHints":{"allow":["GET"]}}],"collection":[{"href":"https:\/\/www.europesays.com\/no\/wp-json\/wp\/v2\/posts"}],"about":[{"href":"https:\/\/www.europesays.com\/no\/wp-json\/wp\/v2\/types\/post"}],"author":[{"embeddable":true,"href":"https:\/\/www.europesays.com\/no\/wp-json\/wp\/v2\/users\/2"}],"replies":[{"embeddable":true,"href":"https:\/\/www.europesays.com\/no\/wp-json\/wp\/v2\/comments?post=135630"}],"version-history":[{"count":0,"href":"https:\/\/www.europesays.com\/no\/wp-json\/wp\/v2\/posts\/135630\/revisions"}],"wp:featuredmedia":[{"embeddable":true,"href":"https:\/\/www.europesays.com\/no\/wp-json\/wp\/v2\/media\/135631"}],"wp:attachment":[{"href":"https:\/\/www.europesays.com\/no\/wp-json\/wp\/v2\/media?parent=135630"}],"wp:term":[{"taxonomy":"category","embeddable":true,"href":"https:\/\/www.europesays.com\/no\/wp-json\/wp\/v2\/categories?post=135630"},{"taxonomy":"post_tag","embeddable":true,"href":"https:\/\/www.europesays.com\/no\/wp-json\/wp\/v2\/tags?post=135630"}],"curies":[{"name":"wp","href":"https:\/\/api.w.org\/{rel}","templated":true}]}}