{"id":135632,"date":"2026-01-12T17:44:11","date_gmt":"2026-01-12T17:44:11","guid":{"rendered":"https:\/\/www.europesays.com\/no\/135632\/"},"modified":"2026-01-12T17:44:11","modified_gmt":"2026-01-12T17:44:11","slug":"johannes-hostflot-klaebo-ski-nm-klaebo-og-seks-andre-landslagslopere-dropper-nm-ergrer-oss-ikke","status":"publish","type":"post","link":"https:\/\/www.europesays.com\/no\/135632\/","title":{"rendered":"Johannes H\u00f8stflot Kl\u00e6bo, Ski-NM | Kl\u00e6bo og seks andre landslagsl\u00f8pere dropper NM: \u2013 Ergrer oss ikke"},"content":{"rendered":"\n<p>\u00c5tte l\u00f8pere p\u00e5 langrennslandslaget kommer ikke til NM i Steinkjer. De fleste av dem prioriterer heller OL-forberedelser.<\/p>\n<p>Adresseavisen f\u00e5r frav\u00e6ret <a rel=\"noopener nofollow\" href=\"https:\/\/www.adressa.no\/sport\/ol\/i\/2pdp8v\/stjerner-dropper-nm-vi-bryr-oss-om-dem-som-kommer\" target=\"_blank\">bekreftet<\/a> av mediekontakt Claes-Tommy Herland i Norges Skiforbund.<\/p>\n<p>Landslagsl\u00f8perne som st\u00e5r over NM, er Johannes H\u00f8sflot Kl\u00e6bo, Erik Valnes, Harald \u00d8stberg Amundsen, Martin L\u00f8wstr\u00f8m Nyenget, Oskar Opstad Vike, Kristine Stav\u00e5s Skistad, Heidi Weng, Mathilde Myhrvold (skadet).<\/p>\n<p>Vike hadde planer om \u00e5 g\u00e5 NM-sprinten, men dropper det etter \u00e5 ha v\u00e6rt gjennom en lett forkj\u00f8lelse. Det skriver han i en melding til <a rel=\"noopener nofollow\" href=\"https:\/\/www.dagbladet.no\/sport\/nm-ryker\/84086117\" target=\"_blank\">Dagbladet.<\/a><\/p>\n<p>I tillegg uteblir privatl\u00f8perne Emil Iversen og Astrid \u00d8yre Slind. Begge har v\u00e6rt tydelig p\u00e5 at de kj\u00f8rer et opplegg i OL-opptakten. Iversen h\u00e5per fortsatt p\u00e5 \u00e5 bli en del av den norske troppen og dro i helgen til h\u00f8yden i Italia sammen med Kl\u00e6bo.<\/p>\n<p>NM-sjef Benthe Asp forst\u00e5r at flere av Norges beste langrennsl\u00f8pere prioriterer annerledes i en OL-sesong.<\/p>\n<p>\u2013 Vi bryr oss om dem som kommer. Vi har diskutert dette internt i organisasjonen og har full forst\u00e5else for at noen prioriterer det de mener m\u00e5 til for \u00e5 gj\u00f8re det best mulig i OL. Vi ergrer oss ikke over at noen ikke kommer, men er glad for at mange skil\u00f8pere tar turen til Steinkjer, sier hun til Adresseavisen.<\/p>\n<p>Skiforbundet opplyser at disse langrennsl\u00f8perne er ventet \u00e5 stille i NM: Kristin Austgulen Fosn\u00e6s, Julie Myhre, Lotta Udnes Weng, Margrethe Bergane, Nora Sanness, Tiril Udnes Weng, Andreas Fjorden Ree, Ansgar Evensen, Even Northug, Iver Tildheim Andersen, Jan Thomas Jenssen og Simen Hegstad Kr\u00fcger.<\/p>\n<p>NM varer fra onsdag til s\u00f8ndag.<\/p>\n<p>(\u00a9NTB)<\/p>\n","protected":false},"excerpt":{"rendered":"\u00c5tte l\u00f8pere p\u00e5 langrennslandslaget kommer ikke til NM i Steinkjer. De fleste av dem prioriterer heller OL-forberedelser. Adresseavisen&hellip;\n","protected":false},"author":2,"featured_media":135633,"comment_status":"","ping_status":"","sticky":false,"template":"","format":"standard","meta":{"footnotes":""},"categories":[5],"tags":[20,21,24,25,15,19,22,23,17,18,13,30,28,29,14,16,26,27],"class_list":{"0":"post-135632","1":"post","2":"type-post","3":"status-publish","4":"format-standard","5":"has-post-thumbnail","7":"category-overskrifter","8":"tag-breaking-news","9":"tag-breakingnews","10":"tag-featured-news","11":"tag-featurednews","12":"tag-headlines","13":"tag-hovedoppslag","14":"tag-latest-news","15":"tag-latestnews","16":"tag-main-news","17":"tag-mainnews","18":"tag-news","19":"tag-no","20":"tag-norge","21":"tag-norway","22":"tag-nyheter","23":"tag-overskrifter","24":"tag-top-stories","25":"tag-topstories"},"share_on_mastodon":{"url":"https:\/\/pubeurope.com\/@no\/115883374170876732","error":""},"_links":{"self":[{"href":"https:\/\/www.europesays.com\/no\/wp-json\/wp\/v2\/posts\/135632","targetHints":{"allow":["GET"]}}],"collection":[{"href":"https:\/\/www.europesays.com\/no\/wp-json\/wp\/v2\/posts"}],"about":[{"href":"https:\/\/www.europesays.com\/no\/wp-json\/wp\/v2\/types\/post"}],"author":[{"embeddable":true,"href":"https:\/\/www.europesays.com\/no\/wp-json\/wp\/v2\/users\/2"}],"replies":[{"embeddable":true,"href":"https:\/\/www.europesays.com\/no\/wp-json\/wp\/v2\/comments?post=135632"}],"version-history":[{"count":0,"href":"https:\/\/www.europesays.com\/no\/wp-json\/wp\/v2\/posts\/135632\/revisions"}],"wp:featuredmedia":[{"embeddable":true,"href":"https:\/\/www.europesays.com\/no\/wp-json\/wp\/v2\/media\/135633"}],"wp:attachment":[{"href":"https:\/\/www.europesays.com\/no\/wp-json\/wp\/v2\/media?parent=135632"}],"wp:term":[{"taxonomy":"category","embeddable":true,"href":"https:\/\/www.europesays.com\/no\/wp-json\/wp\/v2\/categories?post=135632"},{"taxonomy":"post_tag","embeddable":true,"href":"https:\/\/www.europesays.com\/no\/wp-json\/wp\/v2\/tags?post=135632"}],"curies":[{"name":"wp","href":"https:\/\/api.w.org\/{rel}","templated":true}]}}