{"id":135649,"date":"2026-01-12T19:57:11","date_gmt":"2026-01-12T19:57:11","guid":{"rendered":"https:\/\/www.europesays.com\/no\/135649\/"},"modified":"2026-01-12T19:57:11","modified_gmt":"2026-01-12T19:57:11","slug":"hyller-donald-trump","status":"publish","type":"post","link":"https:\/\/www.europesays.com\/no\/135649\/","title":{"rendered":"Hyller Donald Trump"},"content":{"rendered":"<p>Eksperter mener Norge m\u00e5 stille opp for Danmark dersom de ber om milit\u00e6r st\u00f8tte p\u00e5 Gr\u00f8nland.<\/p>\n<p>Dette kommer etter at Sveriges tidligere statsminister Magdalena Andersson (Sosialdemokraterna) sa at hun ikke er fremmed for \u00e5 sende svenske soldater til Gr\u00f8nland, og at Trump igjen truer med \u00e5 ta \u00f8ya.<\/p>\n<p> Mediene\u00a0<a href=\"https:\/\/www.bloomberg.com\/news\/articles\/2026-01-11\/uk-germany-discuss-nato-forces-in-greenland-to-calm-us-threat?srnd=homepage-europe&amp;embedded-checkout=true\" rel=\"nofollow noopener\" target=\"_blank\">Bloomberg<\/a>\u00a0og\u00a0<a href=\"https:\/\/www.telegraph.co.uk\/news\/2026\/01\/10\/starmer-could-send-troops-to-greenland-after-trump-threats\/\" rel=\"nofollow noopener\" target=\"_blank\">The Telegraph<\/a>\u00a0har tidligere rapportert med henvisning til anonyme kilder at flere NATO-land, deriblant Storbritannia og Tyskland, vurderer \u00e5 \u00f8ke sin milit\u00e6re tilstedev\u00e6relse p\u00e5 Gr\u00f8nland.<\/p>\n<p>I fjor var Norge p\u00e5 \u00f8velse p\u00e5 Gr\u00f8nland sammen med andre NATO-allierte. USA deltok ikke. <\/p>\n<p>&#8211; Vi skal ha Gr\u00f8nland<\/p>\n<p>Natt til mandag gjentok USAs president Donald Trump at USA vil ha Gr\u00f8nland, skriver <a href=\"https:\/\/www.theguardian.com\/world\/live\/2026\/jan\/12\/greenland-denmark-us-donald-trump-ukraine-russia-europe-latest-news-updates\" rel=\"nofollow noopener\" target=\"_blank\">The Guardian<\/a>.<\/p>\n<p>&#8211; Vi skal ha Gr\u00f8nland, p\u00e5 en eller annen m\u00e5te, sa han til journalister om bord p\u00e5 et fly.<\/p>\n<p>        <img loading=\"lazy\" decoding=\"async\" src=\"https:\/\/www.europesays.com\/no\/wp-content\/uploads\/2026\/01\/84088745.webp.webp\" width=\"980\" height=\"559\" title=\"SNAKKET MED PRESSEN: Trump svarer p\u00e5 sp\u00f8rsm\u00e5l fra reportere p\u00e5 Air Force One natt til mandag. Foto: Nathan Howard \/ Reuters \/ NTB\" alt=\"\" class=\"\" style=\"--aspect-ratio-image: 1.75; \"\/><\/p>\n<p>\n        SNAKKET MED PRESSEN: Trump svarer p\u00e5 sp\u00f8rsm\u00e5l fra reportere p\u00e5 Air Force One natt til mandag. Foto: Nathan Howard \/ Reuters \/ NTB\n    <\/p>\n<p>&#8211; Hvis vi ikke tar Gr\u00f8nland, vil Russland eller Kina gj\u00f8re det, og det kommer jeg ikke til \u00e5 la skje, sa Trump.<\/p>\n<p>Trump ble ogs\u00e5 spurt om USA har lagt frem et tilbud til Danmark.<\/p>\n<p>&#8211; Det har jeg ikke gjort, men Gr\u00f8nland b\u00f8r inng\u00e5 en avtale. Gr\u00f8nland har ikke lyst til \u00e5 se at Russland eller Kina overtar, sa han.<\/p>\n<p>    <a itemprop=\"url\" href=\"https:\/\/borsen.dagbladet.no\/nyheter\/kina-vil-feile\/84061757\" rel=\"nofollow noopener\" target=\"_blank\"><\/p>\n<p>        <img loading=\"lazy\" decoding=\"async\" src=\"https:\/\/www.europesays.com\/no\/wp-content\/uploads\/2026\/01\/84064981.webp.webp\" width=\"980\" height=\"441\" title=\"- Kina vil feile\" alt=\"\" class=\"lazyload\" style=\"--aspect-ratio-image: 2.22; \"\/><\/p>\n<p>        &#8211; Kina vil feile<\/p>\n<p>    <\/a><\/p>\n<p>&#8211; Soleklart ja  <\/p>\n<p>Bj\u00f8rn Olav Knutsen, sjefsforsker for europeisk og transatlantisk sikkerhetspolitikk hos Forsvarets forskningsinstitutt (FFI), reagerer p\u00e5 at Trump truer Gr\u00f8nland enda en gang, og sier at han nesten ikke har ord.<\/p>\n<p> P\u00e5 sp\u00f8rsm\u00e5l om Norge b\u00f8r stille med soldater p\u00e5 Gr\u00f8nland dersom Danmark ber om det, sier han at svaret i et hypotetisk tilfelle vil v\u00e6re et soleklart ja. <\/p>\n<p>        <img loading=\"lazy\" decoding=\"async\" itemprop=\"image\" src=\"https:\/\/www.europesays.com\/no\/wp-content\/uploads\/2026\/01\/84088567.webp.webp\" width=\"180\" height=\"180\" alt=\"Bj\u00f8rn Olav Knutsen\"\/><\/p>\n<p>            Bj\u00f8rn Olav Knutsen<br \/>\n            Bj\u00f8rn Olav<br \/>\n            Knutsen        <\/p>\n<p>Sjefsforsker for europeisk og transatlantisk sikkerhetspolitikk hos FFI<\/p>\n<p>&#8211; Danmark er en av v\u00e5re n\u00e6rmeste naboer og NATO-alliert, og om en alliert ber om st\u00f8tte, m\u00e5 vi vurdere det seri\u00f8st, sier han.<\/p>\n<p>Han advarer om at dersom USA virkelig tar grep, kan situasjonen f\u00e5 dramatiske konsekvenser for Arktis.<\/p>\n<p>        USAs president Donald Trump m\u00f8tte toppledere fra amerikanske oljeselskaper fredag 9. januar. M\u00f8tet har f\u00e5tt mye oppmerksomhet for alt annet enn olje. Video: Det hvite hus. Reporter: Marte Nyl\u00f8kken Helseth. <\/p>\n<p>&#8211; Dette handler ikke bare om Gr\u00f8nland. Det kan f\u00e5 globale f\u00f8lger, jeg t\u00f8r nesten ikke \u00e5 tenke p\u00e5 konsekvensene, sier han.<\/p>\n<p>Han legger til at dette viser hvordan stormakter pr\u00f8ver \u00e5 kontrollere strategiske omr\u00e5der, og peker p\u00e5 Russland og Ukraina, USA og Venezuela og Kina og Taiwan, som eksempler.<\/p>\n<p>&#8211; Sliter med \u00e5 forst\u00e5 logikken<\/p>\n<p>Seniorforsker Andreas \u00d8sthagen ved Fridtjof Nansens Institutt (FNI) mener ogs\u00e5 Norge b\u00f8r stille opp milit\u00e6rt p\u00e5 Gr\u00f8nland, men bare under klare forutsetninger.<\/p>\n<p class=\"font-weight-bold m-font-weight-bold\" data-lab-font_weight=\"font-weight-bold\">&#8211; Ja, enkelt og greit. Dersom Danmark ber om det, b\u00f8r Norge stille med soldater p\u00e5 Gr\u00f8nland, sier \u00d8sthagen.<\/p>\n<p>Han tror imidlertid ikke at dette vil skje i en s\u00e5 direkte form.<\/p>\n<p>&#8211; Jeg tror heller Danmark vil invitere Norge til milit\u00e6r\u00f8velser p\u00e5 Gr\u00f8nland som et avskrekkende signal. \u00c5 be om soldater som skal v\u00e6re permanent til stede p\u00e5 Gr\u00f8nland for \u00e5 st\u00e5 imot et eventuelt amerikansk angrep, vil v\u00e6re for aggressivt, sier \u00d8sthagen.<\/p>\n<p>        <img loading=\"lazy\" decoding=\"async\" itemprop=\"image\" src=\"https:\/\/www.europesays.com\/no\/wp-content\/uploads\/2026\/01\/84089101.webp.webp\" width=\"180\" height=\"180\" alt=\"Andreas \u00d8sthaugen\"\/><\/p>\n<p>            Andreas \u00d8sthaugen<br \/>\n            Andreas<br \/>\n            \u00d8sthaugen        <\/p>\n<p>Forskningsleder, for hav og Arktis hos FNI<\/p>\n<p>Han understreker at begrunnelsen fra dansk side vil v\u00e6re avgj\u00f8rende.<\/p>\n<p>&#8211; Alt handler om argumentasjonen. Hvis Danmark ber om norsk st\u00f8tte av frykt for amerikansk maktbruk, vil det v\u00e6re et sv\u00e6rt sterkt signal, b\u00e5de fra Danmark og Norge rettet mot USA, sier han.<\/p>\n<p>\u00d8sthagen beskriver samtidig stor usikkerhet rundt hvor alvorlig USAs signaler egentlig er.<\/p>\n<p>&#8211; Det er uklart hvor seri\u00f8st vi b\u00f8r ta truslene. Jeg sliter med \u00e5 forst\u00e5 logikken i Trumps uttalelser, sier han.<\/p>\n<p>&#8211; Selvsagt<\/p>\n<p>Magdalena Andersson sa til avisa <a href=\"https:\/\/www.etc.se\/inrikes\/magdalena-andersson-oeppnar-foer-svenska-soldater-paa-groenland?utm_source=sdrn%3Avg%3Aarticle%3APdR4Gp\" rel=\"nofollow noopener\" target=\"_blank\">Dagens ETC<\/a> at hun ikke er fremmed for \u00e5 sende svenske soldater til Gr\u00f8nland.<\/p>\n<p>&#8211; Selvsagt, sammen med andre, sa hun til avisa.<\/p>\n<p>        <img loading=\"lazy\" decoding=\"async\" src=\"https:\/\/www.europesays.com\/no\/wp-content\/uploads\/2026\/01\/84088653.webp.webp\" width=\"980\" height=\"559\" title=\"\u00c5PEN: Partileder Magdalena Andersson trekker frem utplassering av svenske soldater p\u00e5 Gr\u00f8nland som ett av flere mulige tiltak for \u00e5 st\u00f8tte Danmark. Foto: Christine Olsson \/ TT \/ NTB\" alt=\"\" class=\"\" style=\"--aspect-ratio-image: 1.75; \"\/><\/p>\n<p>\n        \u00c5PEN: Partileder Magdalena Andersson trekker frem utplassering av svenske soldater p\u00e5 Gr\u00f8nland som ett av flere mulige tiltak for \u00e5 st\u00f8tte Danmark. Foto: Christine Olsson \/ TT \/ NTB\n    <\/p>\n<p>Men statsminister Ulf Kristersson mener det ikke er aktuelt n\u00e5.<\/p>\n<p>&#8211; Danmark har aldri gitt uttrykk for et \u00f8nske om svenske soldater p\u00e5 Gr\u00f8nland. Skulle en slik foresp\u00f8rsel komme fra Danmark, vil vi selvf\u00f8lgelig ta stilling til den ogs\u00e5, sier han til <a href=\"https:\/\/www.etc.se\/inrikes\/statsministern-om-svensk-trupp-paa-groenland-vi-goer-i-detalj-allt-som-danmark-bett-oss-om\" rel=\"nofollow noopener\" target=\"_blank\">Dagens ETC<\/a>.<\/p>\n<p>    <a itemprop=\"url\" href=\"https:\/\/www.dagbladet.no\/nyheter\/trump-advarer-ser-svaert-alvorlig-pa-det\/84085194\" rel=\"nofollow noopener\" target=\"_blank\"><\/p>\n<p>        <img loading=\"lazy\" decoding=\"async\" src=\"https:\/\/www.europesays.com\/no\/wp-content\/uploads\/2026\/01\/84085200.webp.webp\" width=\"980\" height=\"441\" title=\"Trump advarer: - Ser sv\u00e6rt alvorlig p\u00e5 det\" alt=\"\" class=\"lazyload\" style=\"--aspect-ratio-image: 2.22; \"\/><\/p>\n<p>        Trump advarer: &#8211; Ser sv\u00e6rt alvorlig p\u00e5 det<\/p>\n<p>    <\/a><\/p>\n<p>\u00d8vde p\u00e5 Gr\u00f8nland<\/p>\n<p>Heimevernet utf\u00f8rte \u00f8velsen Arctic Light i september 2025 p\u00e5 Gr\u00f8nland med 15 personer fra innsatsstyrken, opplyser oberstl\u00f8ytnant og kommunikasjonssjef Per Gunnar Grosberghaugen.<\/p>\n<p>&#8211; Vi trente p\u00e5 sikring av kritisk infrastruktur. Gevinsten av \u00f8vingen kommer gjennom trening i et annet milj\u00f8 og i samarbeid med andre allierte, sier han til Dagbladet.<\/p>\n<p>Amerikansk milit\u00e6ret var invitert, men deltok ikke p\u00e5 \u00f8velsen. Det var personell fra amerikansk ambassade til stede en av dagene.<\/p>\n<p>        <img loading=\"lazy\" decoding=\"async\" src=\"https:\/\/www.europesays.com\/no\/wp-content\/uploads\/2026\/01\/84088677.webp.webp\" width=\"980\" height=\"559\" title=\"\u00d8VELSE: Bildet viser et medlem av de franske v\u00e6pnede styrkene under milit\u00e6r\u00f8velsen som Norge tok del i p\u00e5 Gr\u00f8nland i september. Foto: Reuters \/ Guglielmo Mangiapane \/ NTB\" alt=\"\" class=\"\" style=\"--aspect-ratio-image: 1.75; \"\/><\/p>\n<p>\n        \u00d8VELSE: Bildet viser et medlem av de franske v\u00e6pnede styrkene under milit\u00e6r\u00f8velsen som Norge tok del i p\u00e5 Gr\u00f8nland i september. Foto: Reuters \/ Guglielmo Mangiapane \/ NTB\n    <\/p>\n<p>&#8211; Vi har ikke f\u00e5tt bekreftet at det blir noen ny \u00f8velse i \u00e5r, men vi forventer det, sier Grosberghaugen.<\/p>\n<p>&#8211; Kan bli aktuelt<\/p>\n<p>Ine Eriksen S\u00f8reide (H) skriver til Dagbladet at det kan bli aktuelt \u00e5 styrke det allierte n\u00e6rv\u00e6ret p\u00e5 og rundt Gr\u00f8nland dersom NATO vurderer det som n\u00f8dvendig.<\/p>\n<p>        <img loading=\"lazy\" decoding=\"async\" src=\"https:\/\/www.europesays.com\/no\/wp-content\/uploads\/2026\/01\/84089418.webp.webp\" width=\"980\" height=\"559\" title=\"\u00c5PEN: Ine Eriksen S\u00f8reide, som leder Utenriks- og forsvarskomiteen i Stortinget, skriver til Dagbladet at det kan bli aktuelt \u00e5 styrke n\u00e6rveret p\u00e5 Gr\u00f8nland.Foto: Gorm Kallestad \/ NTB\" alt=\"\" class=\"\" style=\"--aspect-ratio-image: 1.75; \"\/><\/p>\n<p>\n        \u00c5PEN: Ine Eriksen S\u00f8reide, som leder Utenriks- og forsvarskomiteen i Stortinget, skriver til Dagbladet at det kan bli aktuelt \u00e5 styrke n\u00e6rveret p\u00e5 Gr\u00f8nland.Foto: Gorm Kallestad \/ NTB\n    <\/p>\n<p>&#8211; Skulle NATO \u00f8nske et \u00f8kt milit\u00e6rt n\u00e6rv\u00e6r p\u00e5 Gr\u00f8nland, m\u00e5 Norge som vanlig vurdere om og hvordan vi eventuelt skal bidra, skriver hun videre.<\/p>\n<p>Statssekret\u00e6r Eivind Vad Petersson (Ap) i Utenriksdepartementet sa f\u00f8lgende til NTB om saken:<\/p>\n<p>&#8211; Gr\u00f8nland\u00a0er en del av Kongeriket Danmark. Vi st\u00f8tter den danske regjeringens uttalelser og h\u00e5ndtering.<\/p>\n<p>Statssekret\u00e6ren p\u00e5peker at norske styrker rutinemessig trener med soldater p\u00e5\u00a0Gr\u00f8nland, seinest med heimevernssoldater i september i fjor.<\/p>\n","protected":false},"excerpt":{"rendered":"Eksperter mener Norge m\u00e5 stille opp for Danmark dersom de ber om milit\u00e6r st\u00f8tte p\u00e5 Gr\u00f8nland. Dette kommer&hellip;\n","protected":false},"author":2,"featured_media":135650,"comment_status":"","ping_status":"","sticky":false,"template":"","format":"standard","meta":{"footnotes":""},"categories":[12],"tags":[20,21,55,24,25,15,22,23,233,13,30,28,29,14,16,26,27,50,412,42,43,44,45],"class_list":{"0":"post-135649","1":"post","2":"type-post","3":"status-publish","4":"format-standard","5":"has-post-thumbnail","7":"category-verden","8":"tag-breaking-news","9":"tag-breakingnews","10":"tag-donald-trump","11":"tag-featured-news","12":"tag-featurednews","13":"tag-headlines","14":"tag-latest-news","15":"tag-latestnews","16":"tag-nato","17":"tag-news","18":"tag-no","19":"tag-norge","20":"tag-norway","21":"tag-nyheter","22":"tag-overskrifter","23":"tag-top-stories","24":"tag-topstories","25":"tag-usa","26":"tag-utenriks","27":"tag-verden","28":"tag-world","29":"tag-world-news","30":"tag-worldnews"},"share_on_mastodon":{"url":"https:\/\/pubeurope.com\/@no\/115883897220900283","error":""},"_links":{"self":[{"href":"https:\/\/www.europesays.com\/no\/wp-json\/wp\/v2\/posts\/135649","targetHints":{"allow":["GET"]}}],"collection":[{"href":"https:\/\/www.europesays.com\/no\/wp-json\/wp\/v2\/posts"}],"about":[{"href":"https:\/\/www.europesays.com\/no\/wp-json\/wp\/v2\/types\/post"}],"author":[{"embeddable":true,"href":"https:\/\/www.europesays.com\/no\/wp-json\/wp\/v2\/users\/2"}],"replies":[{"embeddable":true,"href":"https:\/\/www.europesays.com\/no\/wp-json\/wp\/v2\/comments?post=135649"}],"version-history":[{"count":0,"href":"https:\/\/www.europesays.com\/no\/wp-json\/wp\/v2\/posts\/135649\/revisions"}],"wp:featuredmedia":[{"embeddable":true,"href":"https:\/\/www.europesays.com\/no\/wp-json\/wp\/v2\/media\/135650"}],"wp:attachment":[{"href":"https:\/\/www.europesays.com\/no\/wp-json\/wp\/v2\/media?parent=135649"}],"wp:term":[{"taxonomy":"category","embeddable":true,"href":"https:\/\/www.europesays.com\/no\/wp-json\/wp\/v2\/categories?post=135649"},{"taxonomy":"post_tag","embeddable":true,"href":"https:\/\/www.europesays.com\/no\/wp-json\/wp\/v2\/tags?post=135649"}],"curies":[{"name":"wp","href":"https:\/\/api.w.org\/{rel}","templated":true}]}}