{"id":135651,"date":"2026-01-12T20:19:16","date_gmt":"2026-01-12T20:19:16","guid":{"rendered":"https:\/\/www.europesays.com\/no\/135651\/"},"modified":"2026-01-12T20:19:16","modified_gmt":"2026-01-12T20:19:16","slug":"nrk-program-dette-er-nrk-varen","status":"publish","type":"post","link":"https:\/\/www.europesays.com\/no\/135651\/","title":{"rendered":"NRK, Program | Dette er NRK-v\u00e5ren"},"content":{"rendered":"\n<p>P\u00e5 NRKs meny fram til p\u00e5ske st\u00e5r b\u00e5de nyskapende rollespill i lydformat, gripende dokumentarer og morgendagens snakkiser, heter det videre i pressemeldingen.<\/p>\n<p>\u2013 Det er som alltid stort engasjement rundt NRK og v\u00e5rt innhold. Stort engasjement vitner om at folk bryr seg \u2013 og jeg h\u00e5per at vi i 2026 fortsetter med \u00e5 overraske, glede, opplyse og engasjere publikum, sier kringkastingssjef Vibeke F\u00fcrst Haugen i forbindelse med at v\u00e5rprogrammet ble presentert mandag.<\/p>\n<p>Allerede i gang<\/p>\n<p>Allerede i gang er komiker Lars Berrums seks episoder lange serie \u00abTabu\u00bb, der gjester som representerer ulike tabuer i samfunnet, blir med ham p\u00e5 hyttetur \u2013 og snakker \u00e5pent om \u00e5 v\u00e6re blind, bevegelseshemmet, trans, d\u00f8delig syk, kortvokst eller ha Tourettes syndrom. Etterp\u00e5 setter han opp et show hvor han lager humor om tabuene, basert p\u00e5 samtalene.<\/p>\n<p><b>Les ogs\u00e5:\u00a0<a href=\"https:\/\/www.nettavisen.no\/kjendis\/nrk-bekrefter-om-debatten-en-feil\/s\/5-95-2814814\" rel=\"Follow nofollow noopener\" target=\"_blank\">NRK bekrefter om \u00abDebatten\u00bb: \u2013 Trengte ekstra tid<\/a><\/b><\/p>\n<p>Tredje sesong av \u00abHumoretaten\u00bb har ogs\u00e5 hatt premiere, med Javad El Bakali og Kristine Gr\u00e6ndsen som nye p\u00e5 laget som fra f\u00f8r teller Maria Stavang, Christian Mikkelsen, Sigrid Bonde Tusvik, John Brungot, Arman Surizehi, Mathea Josefsen og David Mokel. De skal herje i til sammen 10 episoder.<\/p>\n<p>   <img decoding=\"async\" width=\"3840\" height=\"2160\" fetchpriority=\"low\"  loading=\"lazy\"  src=\"https:\/\/www.europesays.com\/no\/wp-content\/uploads\/2026\/01\/humoretaten-sesong-3-ep-1-2026-9+copy.jpg\" alt=\"\" class=\"brick-c-cFOWSL\" style=\"--brick-image-ratio: 3840 \/ 2160;\"\/><\/p>\n<p>      NY SESONG: Tredje sesong av \u00abHumoretaten\u00bb hadde premiere p\u00e5 NRK i januar.<br \/>\n      Foto: NRK\n    <\/p>\n<p>Det har ogs\u00e5 \u00abVerdens verste publikum\u00bb med sine fire episoder, der de to f\u00f8rste episodene av fire allerede ligger ute i NRK TV. Medvirkende er Henrik Fladseth, Vidar Magnussen, Kristine Gr\u00e6ndsen og Markus Neby, med Erik Solbakken som programleder. De skal f\u00e5 et publikum \u2013 som f\u00e5r 200.000 p\u00e5 deling om de klarer \u00e5 holde seg alvorlige \u2013 til \u00e5 le.<\/p>\n<p>Isolert uten str\u00f8m<\/p>\n<p>21. februar kommer \u00abKode r\u00f8d\u00bb, der ti kjendiser isoleres p\u00e5 en \u00f8y uten str\u00f8m, kommunikasjon med omverdenen og knappe ressurser, og b\u00e5de m\u00e5 samarbeide \u2013 og konkurrere om hvem som er best p\u00e5 \u00e5 takle en unntakstilstand. For \u00e9n skal ut i hvert program, som det er 12 av. Deltakere er Kevin Kildal, Rikke Isaksen, Terje Sporsem, Linnea L\u00f8tvedt, Vebj\u00f8rn Sand, Maren Teien R\u00f8rvik, Bj\u00f8rg Thorhallsdottir, Selma Ibrahim, Knut Peder Grans\u00e6ther og Emil Solli-Tangen.<\/p>\n<p>27. februar er det duket for andre runde \u00abTeam P\u00f8lsa\u00bb \u2013 og en ny gjeng p\u00e5 eventyr med \u00d8ystein Pettersen, og med et enda vanskeligere m\u00e5l for Synne, Kornelius, Eleah, Benjamin, Alva og Erik: Skiskyting i Holmenkollen.<\/p>\n<p>L\u00f8rdag 28. februar er det klart for Norges st\u00f8rste musikkshow. I \u00e5r tar Melodi Grand Prix turen til Lillehammer. Ronny Brede Aase vender tilbake som programleder og skal lede sendingen sammen med Marte Stokstad og Markus Neby.<\/p>\n<p>    Vil du se neste video?<\/p>\n<p>    <a href=\"https:\/\/www.nettavisen.no\/nyheter\/pete-hegseth-avbryter-plutselig-marco-rubio-klikker-pa-direkten\/v\/5-95-2813524\" class=\"recommend-poster\" data-adp-clicklabel=\"video-recommend\" data-adp-clickvalue=\"poster\" rel=\"nofollow noopener\" target=\"_blank\"><br \/>\n      <img decoding=\"async\" width=\"200\" height=\"200\" loading=\"lazy\" src=\"https:\/\/www.europesays.com\/no\/wp-content\/uploads\/2026\/01\/Hegseth+til+cue.jpg\" alt=\"\" class=\"brick-c-cFOWSL\" style=\"--brick-image-ratio: 200 \/ 200;\"\/><\/p>\n<p>Avbryter plutselig: Klikker p\u00e5 direkten1:05<\/p>\n<p>    <\/a><\/p>\n<p>        Fredag er det sesongpremiere p\u00e5 NRK-serien \u00abHumoretaten\u00bb, der det gj\u00f8res det narr av Mette-Marits lungetransplantasjon. Se hele episoden p\u00e5 NRK TV.<br \/>\n        Monsen i mars<\/p>\n<p>\u00abMonsen og nasjonalparkene\u00bb er ogs\u00e5 i sin andre sesong, med sendestart 7. mars, og byr n\u00e5 blant annet p\u00e5 det som ga Monsen hans f\u00f8rste naturopplevelser som barn: \u00d8stmarka.<\/p>\n<p>\u2013 Jeg gleder meg kanskje mest til \u00e5 vise fram noen spesielle opplevelser fra min egen n\u00e6rskog, som n\u00e5 er blitt v\u00e5r nyeste nasjonalpark, sier Monsen.<\/p>\n<p>Dramaserien \u00abKameleon\u00bb p\u00e5 sju episoder kommer p\u00e5 NRK TV, og f\u00f8lger Leon og Kamal fra Oslos \u00f8stkant som dr\u00f8mmer om \u00e5 bli fotballproffer, men bare Leons familie klarer \u00e5 betale klubbkontingenten til eliteklubben p\u00e5 Oslo vest. Kalt \u00aben r\u00e5 fortelling for de yngste ten\u00e5ringene\u00bb.<\/p>\n<p><b>Les ogs\u00e5:<a href=\"https:\/\/www.nettavisen.no\/kjendis\/isabell-herlovsen-i-mesternes-mester-a-vare-tvillingmamma-ga-meg-styrke\/s\/5-95-2817370\" rel=\"Follow nofollow noopener\" target=\"_blank\"> Spurt flere ganger: \u2013 Midt i prosessen med \u00e5 bli gravid<\/a><\/b><\/p>\n<p>En absurd krimparodi kaller NRK \u00abAgent T\u00f8rr\u00bb, en serie om PSTs legendariske, men h\u00e5pl\u00f8st kl\u00f8nete spesialagent, Harrbj\u00f8rn T\u00f8rr, spilt av Calle Hellevang-Larsen. Premiere p\u00e5 de \u00e5tte episodene st\u00e5r 28. februar i NRK TV.<\/p>\n<p>Virkelighetsdrama<\/p>\n<p>P\u00e5 programmet st\u00e5r ogs\u00e5 dokumentaren \u00abBarbeint i sn\u00f8en\u00bb, beskrevet som en sterk historie om Lina (28), som blir funnet avkledd og d\u00f8d utenfor et svensk sommerhus etter \u00e5 ha g\u00e5tt p\u00e5 badehotell kvelden f\u00f8r.\u00a0<\/p>\n<p>\u00abEt halvt \u00e5r senere f\u00e5r programleder Helene Sandvig en telefon fra moren. Hun trenger hjelp til \u00e5 finne svar p\u00e5 hvordan datterens liv kunne ende s\u00e5 fatalt\u00bb, heter det om serien i tre episoder.\u00a0<\/p>\n<p>I fem episoder skal Johan Golden ta opp kampen mot Meta, etter \u00e5 ha blitt misbrukt i kryptosvindel p\u00e5 Facebook. \u00abGolden vs. Zuckerberg\u00bb starter 20. januar, og f\u00f8lger komikeren n\u00e5r han bestemmer seg for \u00e5 saks\u00f8ke tekgiganten.<\/p>\n<p>OL og Paralympics<\/p>\n<p>Fredag 6. februar tennes OL-ilden i Italia. Da er det klart for De olympiske leker i Milano og Cortina. N\u00e5r OL endelig er tilbake for fullt p\u00e5 NRK, lover kringkasteren \u00aball dramatikken og de uforglemmelige \u00f8yeblikkene\u00bb \u2013 og det b\u00e5de p\u00e5 TV, radio og nett.\u00a0<\/p>\n<p>Ole Rolfsrud og Ingerid Stenvold er programledere fra studio i Oslo, mens Ida Nys\u00e6ter Rasch er programleder i Italia.<\/p>\n<p>NRK vil ogs\u00e5 vise minst 50 TV-timer fra Paralympics mellom 7. og 15. mars, der Norge sender rundt 15 ut\u00f8vere \u2013 flere av dem medaljekandidater.<\/p>\n<p>Melodi Grand Prix<\/p>\n<p>L\u00f8rdag 28. februar er det klart for Norges st\u00f8rste musikkshow. I \u00e5r tar Melodi Grand Prix turen til Lillehammer. Ronny Brede Aase vender tilbake som programleder og skal lede sendingen sammen med Marte Stokstad og Markus Neby.<\/p>\n<p>    Vil du se neste video?<\/p>\n<p>    <a href=\"https:\/\/www.nettavisen.no\/nyheter\/pete-hegseth-avbryter-plutselig-marco-rubio-klikker-pa-direkten\/v\/5-95-2813524\" class=\"recommend-poster\" data-adp-clicklabel=\"video-recommend\" data-adp-clickvalue=\"poster\" rel=\"nofollow noopener\" target=\"_blank\"><br \/>\n      <img decoding=\"async\" width=\"200\" height=\"200\" loading=\"lazy\" src=\"https:\/\/www.europesays.com\/no\/wp-content\/uploads\/2026\/01\/Hegseth+til+cue.jpg\" alt=\"\" class=\"brick-c-cFOWSL\" style=\"--brick-image-ratio: 200 \/ 200;\"\/><\/p>\n<p>Avbryter plutselig: Klikker p\u00e5 direkten1:05<\/p>\n<p>    <\/a><\/p>\n<p>        Halvor Bjune fra A-laget r\u00f8per sin dr\u00f8mmegjest&#8230;<br \/>\n        Godbiter i lydform<\/p>\n<p>Podkasten \u00abTyrann\u00bb, som allerede er i gang p\u00e5 NRK Radio, har den siste tiden ikke blitt mindre aktuell. Programleder Jakob Naustdal til \u00abet skikkelig krasjkurs i d\u00e5rlig ledelse\u00bb \u2013 n\u00e5r han tar for seg det NRK kaller noen av verdens mest rabiate despoter de siste 150 \u00e5rene hver m\u00e5ned. Januartyrannen er Mao.<\/p>\n<p>\u00abEventyrerne: Jakten p\u00e5 spektralsteinene\u00bb, ogs\u00e5 den tilgjengelig p\u00e5 NRK Radio, kalles en underholdningspodkast der rollespill m\u00f8ter lyddrama \u2013 med Aslak Maurstad som spillmester. Kristine Gr\u00e6ndsen, Vidar Magnussen og Isalill Kolpus er med i en historie inspirert av Br\u00f8drene Dahl og Professor Dr\u00f8vel.<\/p>\n<p>En ny podkast er \u00abMarkus og Wolfgang snakker klassisk\u00bb, der programleder og komiker Markus Neby utforsker kjente klassiske verk sammen med komponist, pianist og musikkprofessor Wolfgang Plagge. Premiere er 12. januar med ukentlige episoder.<\/p>\n<p>Lyddramaet \u00abN\u00f8dsamtaler\u00bb kommer i sesong tre den 18. februar, og fortsetter \u00e5 f\u00f8lge Lea i arbeidet p\u00e5 113-sentralen i seks nye episoder.<\/p>\n<p>(\u00a9NTB)<\/p>\n","protected":false},"excerpt":{"rendered":"P\u00e5 NRKs meny fram til p\u00e5ske st\u00e5r b\u00e5de nyskapende rollespill i lydformat, gripende dokumentarer og morgendagens snakkiser, heter&hellip;\n","protected":false},"author":2,"featured_media":135652,"comment_status":"","ping_status":"","sticky":false,"template":"","format":"standard","meta":{"footnotes":""},"categories":[10],"tags":[20,21,24,25,15,22,23,13,30,28,29,14,16,26,27],"class_list":{"0":"post-135651","1":"post","2":"type-post","3":"status-publish","4":"format-standard","5":"has-post-thumbnail","7":"category-norge","8":"tag-breaking-news","9":"tag-breakingnews","10":"tag-featured-news","11":"tag-featurednews","12":"tag-headlines","13":"tag-latest-news","14":"tag-latestnews","15":"tag-news","16":"tag-no","17":"tag-norge","18":"tag-norway","19":"tag-nyheter","20":"tag-overskrifter","21":"tag-top-stories","22":"tag-topstories"},"share_on_mastodon":{"url":"https:\/\/pubeurope.com\/@no\/115883983685141960","error":""},"_links":{"self":[{"href":"https:\/\/www.europesays.com\/no\/wp-json\/wp\/v2\/posts\/135651","targetHints":{"allow":["GET"]}}],"collection":[{"href":"https:\/\/www.europesays.com\/no\/wp-json\/wp\/v2\/posts"}],"about":[{"href":"https:\/\/www.europesays.com\/no\/wp-json\/wp\/v2\/types\/post"}],"author":[{"embeddable":true,"href":"https:\/\/www.europesays.com\/no\/wp-json\/wp\/v2\/users\/2"}],"replies":[{"embeddable":true,"href":"https:\/\/www.europesays.com\/no\/wp-json\/wp\/v2\/comments?post=135651"}],"version-history":[{"count":0,"href":"https:\/\/www.europesays.com\/no\/wp-json\/wp\/v2\/posts\/135651\/revisions"}],"wp:featuredmedia":[{"embeddable":true,"href":"https:\/\/www.europesays.com\/no\/wp-json\/wp\/v2\/media\/135652"}],"wp:attachment":[{"href":"https:\/\/www.europesays.com\/no\/wp-json\/wp\/v2\/media?parent=135651"}],"wp:term":[{"taxonomy":"category","embeddable":true,"href":"https:\/\/www.europesays.com\/no\/wp-json\/wp\/v2\/categories?post=135651"},{"taxonomy":"post_tag","embeddable":true,"href":"https:\/\/www.europesays.com\/no\/wp-json\/wp\/v2\/tags?post=135651"}],"curies":[{"name":"wp","href":"https:\/\/api.w.org\/{rel}","templated":true}]}}