{"id":135659,"date":"2026-01-12T21:32:15","date_gmt":"2026-01-12T21:32:15","guid":{"rendered":"https:\/\/www.europesays.com\/no\/135659\/"},"modified":"2026-01-12T21:32:15","modified_gmt":"2026-01-12T21:32:15","slug":"tor-var-forst-inn-i-parkeringshuset-skulle-gjerne-hatt-uteparkering-steinkjer-avisa","status":"publish","type":"post","link":"https:\/\/www.europesays.com\/no\/135659\/","title":{"rendered":"Tor var f\u00f8rst inn i parkeringshuset: \u2013 Skulle gjerne hatt uteparkering &#8211; Steinkjer-Avisa"},"content":{"rendered":"<ol>\n<li><a href=\"https:\/\/news.google.com\/rss\/articles\/CBMiswFBVV95cUxObVpxS2hRU1J4SXlUaHpDQ2dTcHloQ1l1Mk5NbWpfSWxFXy04dzkwZmVUc3dUUTdVVFBISGJGXzU5X1pBcElLYkV6aU5XNHlwSGktR0dFYVZUT1RqRWFBVjVtQlNMbGlmM3VJYVRhLW5kcGkyNktQQ2Y2OHJ2ckpNN3ZSZWJQRUJaVHZXVVR6ejVtUHQzUVRsVGJsSHB5OUF6d18tM2NoLVlkY3JtR0NUUVlzaw?oc=5\" target=\"_blank\" rel=\"nofollow noopener\">Tor var f\u00f8rst inn i parkeringshuset: \u2013 Skulle gjerne hatt uteparkering<\/a>&nbsp;&nbsp;Steinkjer-Avisa<\/li>\n<li><a href=\"https:\/\/news.google.com\/rss\/articles\/CBMiigFBVV95cUxOb1RXbEh2WDBDcl9xUE5pNDBxYTlETll4M1NQWjdaSWppT3RMZlEwc2FNNkVIaTlmRTdLeUJOLURRWUFtOWFiYXQyVXBMc1dwZDhwNmRfcEZXN0VzVFBScGQzVE1CbXZVa1ROTXpULXRXN2dINjJGTXBadXVzZUV4bHpoMnFlZUZETlE?oc=5\" target=\"_blank\" rel=\"nofollow noopener\">Steinkjer, Trafikk | Billigst og st\u00f8rst: \u2013 Her slipper du \u00e5 bulke bilen<\/a>&nbsp;&nbsp;Tr\u00f8nder-Avisa<\/li>\n<li><a href=\"https:\/\/news.google.com\/rss\/articles\/CBMikgFBVV95cUxPSS1OQ1FzU0V6dnNOUVRJNnhiWnF4ZW1pbTRQZVVKNGRlSUFMYWltQ0FEbkkwUE1iTHNMS1p6bXdpanJQY3Y4Q3NQT3ZrbXQ4MjRQNGt1SC1SQlZNUnlEa1FsaENQV2R6QkJuRHQzd0xXeThGUHdxQ1JyZFFHSzRBRFcyY3ExVmFkOTQxanh0bGp4Zw?oc=5\" target=\"_blank\" rel=\"nofollow noopener\">Mandag ble parkeringshuset til 120 millioner \u00e5pnet: &#8211; N\u00f8dvendig satsing<\/a>&nbsp;&nbsp;steinkjer24.no<\/li>\n<li><a href=\"https:\/\/news.google.com\/rss\/articles\/CBMihgFBVV95cUxQTFZDR1Rob25ZakhsVkdhdjFtRjFhRWRjSEpkNDVEdWdCT1hFTldWbmhURmVLZ09yMXR4aVhEaTUtQ1ZfajdXR0gzTFFMLWhqbnNELUdJUWMtQlJtaE9IQWVObEtjcTRZS2NMcG9LeU5lS042aW5LZzJjNmU4UzlLNFRGellYZw?oc=5\" target=\"_blank\" rel=\"nofollow noopener\">Gunnar klippet snora: \u2013 Jeg er stolt<\/a>&nbsp;&nbsp;Steinkjer-Avisa<\/li>\n<li><a href=\"https:\/\/news.google.com\/rss\/articles\/CBMikAFBVV95cUxNNzNicmNDS0YwZXVSUVh3YVpGRjdWSEk5aFlZTWtmOW9ZMUphRTdfNEh0VzkwVDZkci01cDM5ejN6U01HeFVKRW9TbU82Sk9qU0s5N2NaaGlKblFjSjNGNjloR0ozN3B2clJoY0ppRTcya1pQdGEtRGREekN2MnRURTBUUVVRYjRRXzlQc1Zvc3Q?oc=5\" target=\"_blank\" rel=\"nofollow noopener\">Trafikk, Parkering | N\u00e5 er det klart n\u00e5r parkeringshuset \u00e5pner<\/a>&nbsp;&nbsp;Steinkjer-Avisa<\/li>\n<\/ol>\n","protected":false},"excerpt":{"rendered":"Tor var f\u00f8rst inn i parkeringshuset: \u2013 Skulle gjerne hatt uteparkering&nbsp;&nbsp;Steinkjer-Avisa Steinkjer, Trafikk | Billigst og st\u00f8rst: \u2013&hellip;\n","protected":false},"author":2,"featured_media":135660,"comment_status":"","ping_status":"","sticky":false,"template":"","format":"standard","meta":{"footnotes":""},"categories":[10],"tags":[20,21,24,25,15,22,23,13,30,28,29,14,16,26,27],"class_list":{"0":"post-135659","1":"post","2":"type-post","3":"status-publish","4":"format-standard","5":"has-post-thumbnail","7":"category-norge","8":"tag-breaking-news","9":"tag-breakingnews","10":"tag-featured-news","11":"tag-featurednews","12":"tag-headlines","13":"tag-latest-news","14":"tag-latestnews","15":"tag-news","16":"tag-no","17":"tag-norge","18":"tag-norway","19":"tag-nyheter","20":"tag-overskrifter","21":"tag-top-stories","22":"tag-topstories"},"share_on_mastodon":{"url":"https:\/\/pubeurope.com\/@no\/115884270692537680","error":""},"_links":{"self":[{"href":"https:\/\/www.europesays.com\/no\/wp-json\/wp\/v2\/posts\/135659","targetHints":{"allow":["GET"]}}],"collection":[{"href":"https:\/\/www.europesays.com\/no\/wp-json\/wp\/v2\/posts"}],"about":[{"href":"https:\/\/www.europesays.com\/no\/wp-json\/wp\/v2\/types\/post"}],"author":[{"embeddable":true,"href":"https:\/\/www.europesays.com\/no\/wp-json\/wp\/v2\/users\/2"}],"replies":[{"embeddable":true,"href":"https:\/\/www.europesays.com\/no\/wp-json\/wp\/v2\/comments?post=135659"}],"version-history":[{"count":0,"href":"https:\/\/www.europesays.com\/no\/wp-json\/wp\/v2\/posts\/135659\/revisions"}],"wp:featuredmedia":[{"embeddable":true,"href":"https:\/\/www.europesays.com\/no\/wp-json\/wp\/v2\/media\/135660"}],"wp:attachment":[{"href":"https:\/\/www.europesays.com\/no\/wp-json\/wp\/v2\/media?parent=135659"}],"wp:term":[{"taxonomy":"category","embeddable":true,"href":"https:\/\/www.europesays.com\/no\/wp-json\/wp\/v2\/categories?post=135659"},{"taxonomy":"post_tag","embeddable":true,"href":"https:\/\/www.europesays.com\/no\/wp-json\/wp\/v2\/tags?post=135659"}],"curies":[{"name":"wp","href":"https:\/\/api.w.org\/{rel}","templated":true}]}}