{"id":135665,"date":"2026-01-12T21:47:16","date_gmt":"2026-01-12T21:47:16","guid":{"rendered":"https:\/\/www.europesays.com\/no\/135665\/"},"modified":"2026-01-12T21:47:16","modified_gmt":"2026-01-12T21:47:16","slug":"bodo-by-nyheter-haver-inn-pa-feilparkering-avisa-nordland","status":"publish","type":"post","link":"https:\/\/www.europesays.com\/no\/135665\/","title":{"rendered":"Bod\u00f8 By, Nyheter | H\u00e5ver inn p\u00e5 feilparkering &#8211; Avisa Nordland"},"content":{"rendered":"<ol>\n<li><a href=\"https:\/\/news.google.com\/rss\/articles\/CBMiakFVX3lxTFAtaG5ubUw1bHB4emROdVJzeVhmVTc5ckwyazdmZjBEN2Zob3g5MWRfR2VhczRnQXRiUjFFN1BUaGMzNUFQLXduVzVWbjg4eHhEbXVjdXZqWEV0S2tkZ09LckJ2bWVEaklNMXc?oc=5\" target=\"_blank\" rel=\"nofollow noopener\">Bod\u00f8 By, Nyheter | H\u00e5ver inn p\u00e5 feilparkering<\/a>&nbsp;&nbsp;Avisa Nordland<\/li>\n<li><a href=\"https:\/\/news.google.com\/rss\/articles\/CBMijAFBVV95cUxPZFJJYXRVeUZvUnVnaFBhVDNiWTdKbUQzRE1WMXZBemM3Y3RkTGtaQzhiRG1qUVZ6MjlyWGJOYXRLVkE1WnJJN0VaTUxNQUlpZnYzYUdlZHZUQXF5ZlN6ZGxQX2VoQWFRQ0lSLS10OVJxZ2tNSlA3OVcxLUFQUjgyc0p2dVdOVzZjR2Vqbw?oc=5\" target=\"_blank\" rel=\"nofollow noopener\">Bod\u00f8 h\u00e5ver inn p\u00e5 feilparkerte elsparkesykler<\/a>&nbsp;&nbsp;NRK<\/li>\n<li><a href=\"https:\/\/news.google.com\/rss\/articles\/CBMimgFBVV95cUxOeGM2c0wyckQxdDZOdXBuY0pDdUQxdVlCVDg2Ykl1bmxlZE1kZVpqa3Ywb2NGQm45VDFnRU9YcUN5aHJMWjlhUE9HZ2Y0U0l6YjQ3TTVrZmo3ekpNcTVjNHZ3U2VDbGFxUXZEV3VnRWM5ZGh6N3VnT3pyNlkxNldlUWE3aU5hX2VBY0Y3blVMNHpzd3JlSG9uU1RR?oc=5\" target=\"_blank\" rel=\"nofollow noopener\">Dobling i antall elsparkesykkelskader i Oslo<\/a>&nbsp;&nbsp;adressa.no<\/li>\n<li><a href=\"https:\/\/news.google.com\/rss\/articles\/CBMijgFBVV95cUxNUGlkT0IwcW9sSG5sYUthRG5rZGpVZUNIbTBuT0xkUi1yZGtqdG1HY0hub2lGTDNCRlFlSW90MnRpVmVjcnRfWkdlSFZYMkpWLUZ3Nm5qd18xdU9uLWNFcnZWMWhRT3pTcFUwLXJxSGRLWHZJZVVLNzJpOGtmU0Y4UDhPaGJHREJWeEt0Q1Z3?oc=5\" target=\"_blank\" rel=\"nofollow noopener\">Elsparkesykkel, Trafikk og kollektiv | Ferske skadetall: \u2013 Mer enn dobbelt s\u00e5 h\u00f8yt som i fjor<\/a>&nbsp;&nbsp;Avisa Oslo<\/li>\n<li><a href=\"https:\/\/news.google.com\/rss\/articles\/CBMimgFBVV95cUxQS0w5cVJtcndwQzFxNGZ4WUR6bWEtdUlEZkdIaV9XWXI4bDF2Tkswa0FEU2JTMURSaE1tUGlpSnNkdlRJZWRXLV9uaFAwQzFtYlNIZkQwN3hBTDlGZS1fc04xTGxsbXY2SGtjVFdvc1d0bVV2cXVCcHBYNGVxZjl0bVhKcFNrcFpHREY2WHJtbTFfYXo1T2pkNV9R?oc=5\" target=\"_blank\" rel=\"nofollow noopener\">Dobbelt s\u00e5 mange sparkesykkel-b\u00f8ter i 2025. Bybetjenten tror han vet hvorfor.<\/a>&nbsp;&nbsp;Aftenposten<\/li>\n<\/ol>\n","protected":false},"excerpt":{"rendered":"Bod\u00f8 By, Nyheter | H\u00e5ver inn p\u00e5 feilparkering&nbsp;&nbsp;Avisa Nordland Bod\u00f8 h\u00e5ver inn p\u00e5 feilparkerte elsparkesykler&nbsp;&nbsp;NRK Dobling i antall&hellip;\n","protected":false},"author":2,"featured_media":135666,"comment_status":"","ping_status":"","sticky":false,"template":"","format":"standard","meta":{"footnotes":""},"categories":[10],"tags":[20,21,24,25,15,22,23,13,30,28,29,14,16,26,27],"class_list":{"0":"post-135665","1":"post","2":"type-post","3":"status-publish","4":"format-standard","5":"has-post-thumbnail","7":"category-norge","8":"tag-breaking-news","9":"tag-breakingnews","10":"tag-featured-news","11":"tag-featurednews","12":"tag-headlines","13":"tag-latest-news","14":"tag-latestnews","15":"tag-news","16":"tag-no","17":"tag-norge","18":"tag-norway","19":"tag-nyheter","20":"tag-overskrifter","21":"tag-top-stories","22":"tag-topstories"},"share_on_mastodon":{"url":"https:\/\/pubeurope.com\/@no\/115884329753967403","error":""},"_links":{"self":[{"href":"https:\/\/www.europesays.com\/no\/wp-json\/wp\/v2\/posts\/135665","targetHints":{"allow":["GET"]}}],"collection":[{"href":"https:\/\/www.europesays.com\/no\/wp-json\/wp\/v2\/posts"}],"about":[{"href":"https:\/\/www.europesays.com\/no\/wp-json\/wp\/v2\/types\/post"}],"author":[{"embeddable":true,"href":"https:\/\/www.europesays.com\/no\/wp-json\/wp\/v2\/users\/2"}],"replies":[{"embeddable":true,"href":"https:\/\/www.europesays.com\/no\/wp-json\/wp\/v2\/comments?post=135665"}],"version-history":[{"count":0,"href":"https:\/\/www.europesays.com\/no\/wp-json\/wp\/v2\/posts\/135665\/revisions"}],"wp:featuredmedia":[{"embeddable":true,"href":"https:\/\/www.europesays.com\/no\/wp-json\/wp\/v2\/media\/135666"}],"wp:attachment":[{"href":"https:\/\/www.europesays.com\/no\/wp-json\/wp\/v2\/media?parent=135665"}],"wp:term":[{"taxonomy":"category","embeddable":true,"href":"https:\/\/www.europesays.com\/no\/wp-json\/wp\/v2\/categories?post=135665"},{"taxonomy":"post_tag","embeddable":true,"href":"https:\/\/www.europesays.com\/no\/wp-json\/wp\/v2\/tags?post=135665"}],"curies":[{"name":"wp","href":"https:\/\/api.w.org\/{rel}","templated":true}]}}