{"id":135675,"date":"2026-01-12T22:37:16","date_gmt":"2026-01-12T22:37:16","guid":{"rendered":"https:\/\/www.europesays.com\/no\/135675\/"},"modified":"2026-01-12T22:37:16","modified_gmt":"2026-01-12T22:37:16","slug":"trafikk-vefsn-sterk-vind-forer-til-stengte-veier","status":"publish","type":"post","link":"https:\/\/www.europesays.com\/no\/135675\/","title":{"rendered":"Trafikk, Vefsn | Sterk vind f\u00f8rer til stengte veier"},"content":{"rendered":"\n<p><b>Oppdatert:<\/b> Helgelandsbrua har v\u00e6rt stengt som f\u00f8lge av sterk vind. Klokken 11:30 er den for \u00f8yeblikket \u00e5pen, men vegvesenet melder fremdeles at brua kan stenge p\u00e5 kort varsel.<\/p>\n<p>Statens vegvesen melder at E6 ved Mj\u00e5vatnet er stengt i begge retninger p\u00e5 grunn av sterk vind. Det er forel\u00f8pig usikkert n\u00e5r veien kan \u00e5pne igjen.<\/p>\n<p>Det er mulig omkj\u00f8ring via fv. 78 fra Hals\u00f8y til \u00d8mmervatnet.<\/p>\n<p>V\u00e6r oppmerksom p\u00e5 at det ogs\u00e5 p\u00e5g\u00e5r veiarbeid p\u00e5 omkj\u00f8ringsveien. Ved Drevjemoen p\u00e5 fv. 78 er det manuell dirigering frem til klokken 15:00 mandag ettermiddag.<\/p>\n<p>   <img decoding=\"async\" width=\"740\" height=\"481\" fetchpriority=\"low\"  loading=\"lazy\"  src=\"https:\/\/www.europesays.com\/no\/wp-content\/uploads\/2026\/01\/Omkj%C3%B8ring.jpg\" alt=\"\" class=\"brick-c-cFOWSL\" style=\"--brick-image-ratio: 740 \/ 481;\"\/><\/p>\n<p>      ARBEID: Det er manuell dirigering p\u00e5 fv. 78.<br \/>\n      Foto: Skjermdump\n    <\/p>\n","protected":false},"excerpt":{"rendered":"Oppdatert: Helgelandsbrua har v\u00e6rt stengt som f\u00f8lge av sterk vind. Klokken 11:30 er den for \u00f8yeblikket \u00e5pen, men&hellip;\n","protected":false},"author":2,"featured_media":135676,"comment_status":"","ping_status":"","sticky":false,"template":"","format":"standard","meta":{"footnotes":""},"categories":[10],"tags":[36,20,21,24,25,15,22,23,1068,13,30,28,29,14,16,1510,26,27,224,1203],"class_list":{"0":"post-135675","1":"post","2":"type-post","3":"status-publish","4":"format-standard","5":"has-post-thumbnail","7":"category-norge","8":"tag-art","9":"tag-breaking-news","10":"tag-breakingnews","11":"tag-featured-news","12":"tag-featurednews","13":"tag-headlines","14":"tag-latest-news","15":"tag-latestnews","16":"tag-mosjoen","17":"tag-news","18":"tag-no","19":"tag-norge","20":"tag-norway","21":"tag-nyheter","22":"tag-overskrifter","23":"tag-story","24":"tag-top-stories","25":"tag-topstories","26":"tag-trafikk","27":"tag-vefsn"},"share_on_mastodon":{"url":"https:\/\/pubeurope.com\/@no\/115884526301277669","error":""},"_links":{"self":[{"href":"https:\/\/www.europesays.com\/no\/wp-json\/wp\/v2\/posts\/135675","targetHints":{"allow":["GET"]}}],"collection":[{"href":"https:\/\/www.europesays.com\/no\/wp-json\/wp\/v2\/posts"}],"about":[{"href":"https:\/\/www.europesays.com\/no\/wp-json\/wp\/v2\/types\/post"}],"author":[{"embeddable":true,"href":"https:\/\/www.europesays.com\/no\/wp-json\/wp\/v2\/users\/2"}],"replies":[{"embeddable":true,"href":"https:\/\/www.europesays.com\/no\/wp-json\/wp\/v2\/comments?post=135675"}],"version-history":[{"count":0,"href":"https:\/\/www.europesays.com\/no\/wp-json\/wp\/v2\/posts\/135675\/revisions"}],"wp:featuredmedia":[{"embeddable":true,"href":"https:\/\/www.europesays.com\/no\/wp-json\/wp\/v2\/media\/135676"}],"wp:attachment":[{"href":"https:\/\/www.europesays.com\/no\/wp-json\/wp\/v2\/media?parent=135675"}],"wp:term":[{"taxonomy":"category","embeddable":true,"href":"https:\/\/www.europesays.com\/no\/wp-json\/wp\/v2\/categories?post=135675"},{"taxonomy":"post_tag","embeddable":true,"href":"https:\/\/www.europesays.com\/no\/wp-json\/wp\/v2\/tags?post=135675"}],"curies":[{"name":"wp","href":"https:\/\/api.w.org\/{rel}","templated":true}]}}