{"id":135677,"date":"2026-01-12T22:45:10","date_gmt":"2026-01-12T22:45:10","guid":{"rendered":"https:\/\/www.europesays.com\/no\/135677\/"},"modified":"2026-01-12T22:45:10","modified_gmt":"2026-01-12T22:45:10","slug":"snoskred-i-lodalen-ser-ikkje-vekk-fra-fleire-2","status":"publish","type":"post","link":"https:\/\/www.europesays.com\/no\/135677\/","title":{"rendered":"Sn\u00f8skred i Lodalen &#8211; ser ikkje vekk fr\u00e5 fleire"},"content":{"rendered":"<p data-testid=\"textWithMarkup-text\" data-v-81d7dc2b=\"\" data-v-62d58f52=\"\">Det gjekk eit sn\u00f8skred ved Merkingsgj\u00f8let i Lodalen m\u00e5ndag morgon. <\/p>\n<p data-testid=\"textWithMarkup-text\" data-v-81d7dc2b=\"\" data-v-62d58f52=\"\">Jan Ove Hogrenning i Lodalen rydda skredet i l\u00f8pet av ein times tid. Han trur det kan kome fleire skred:<\/p>\n<p data-testid=\"textWithMarkup-text\" data-v-81d7dc2b=\"\" data-v-62d58f52=\"\">\u2013 Det er lite sn\u00f8 i h\u00f8gda, men mykje vind som gir mykje fokksn\u00f8. S\u00e5 eg ser ikkje vekk fr\u00e5 fleire skred.<\/p>\n<p data-testid=\"textWithMarkup-markup\" data-v-62d58f52=\"\"><strong>Vegen vil vere open mellom klokka 10 og 17 m\u00e5ndag for s\u00e5 \u00e5 bli preventivt stengt mellom 17 m\u00e5ndag og 09 tysdag, skriv Statens vegvesen p\u00e5 sine nettsider. <\/strong><\/p>\n<p data-testid=\"textWithMarkup-text\" data-v-81d7dc2b=\"\" data-v-62d58f52=\"\">Ogs\u00e5 i Oldedalen har det vore sn\u00f8skred.<\/p>\n<p data-testid=\"textWithMarkup-text\" data-v-81d7dc2b=\"\" data-v-62d58f52=\"\">\u2013 P\u00e5 Oldedalsvegen har det vore utslag p\u00e5 skredradaren, men skredet har ikkje n\u00e5dd ned til vegen. Her blir trafikken leia gjennom r\u00f8yrtunnelen, opplyser byggeleiar for vedlikehald, drift og beredskap\/infrastruktur og veg i Vestland fylkeskommune, Jon Roger Falkevik Nyg\u00e5rd, til Fjordingen.<\/p>\n","protected":false},"excerpt":{"rendered":"Det gjekk eit sn\u00f8skred ved Merkingsgj\u00f8let i Lodalen m\u00e5ndag morgon. Jan Ove Hogrenning i Lodalen rydda skredet i&hellip;\n","protected":false},"author":2,"featured_media":135678,"comment_status":"","ping_status":"","sticky":false,"template":"","format":"standard","meta":{"footnotes":""},"categories":[5],"tags":[20,21,24,25,15,19,22,23,17,18,13,30,28,29,14,16,26,27],"class_list":{"0":"post-135677","1":"post","2":"type-post","3":"status-publish","4":"format-standard","5":"has-post-thumbnail","7":"category-overskrifter","8":"tag-breaking-news","9":"tag-breakingnews","10":"tag-featured-news","11":"tag-featurednews","12":"tag-headlines","13":"tag-hovedoppslag","14":"tag-latest-news","15":"tag-latestnews","16":"tag-main-news","17":"tag-mainnews","18":"tag-news","19":"tag-no","20":"tag-norge","21":"tag-norway","22":"tag-nyheter","23":"tag-overskrifter","24":"tag-top-stories","25":"tag-topstories"},"share_on_mastodon":{"url":"https:\/\/pubeurope.com\/@no\/115884557758138431","error":""},"_links":{"self":[{"href":"https:\/\/www.europesays.com\/no\/wp-json\/wp\/v2\/posts\/135677","targetHints":{"allow":["GET"]}}],"collection":[{"href":"https:\/\/www.europesays.com\/no\/wp-json\/wp\/v2\/posts"}],"about":[{"href":"https:\/\/www.europesays.com\/no\/wp-json\/wp\/v2\/types\/post"}],"author":[{"embeddable":true,"href":"https:\/\/www.europesays.com\/no\/wp-json\/wp\/v2\/users\/2"}],"replies":[{"embeddable":true,"href":"https:\/\/www.europesays.com\/no\/wp-json\/wp\/v2\/comments?post=135677"}],"version-history":[{"count":0,"href":"https:\/\/www.europesays.com\/no\/wp-json\/wp\/v2\/posts\/135677\/revisions"}],"wp:featuredmedia":[{"embeddable":true,"href":"https:\/\/www.europesays.com\/no\/wp-json\/wp\/v2\/media\/135678"}],"wp:attachment":[{"href":"https:\/\/www.europesays.com\/no\/wp-json\/wp\/v2\/media?parent=135677"}],"wp:term":[{"taxonomy":"category","embeddable":true,"href":"https:\/\/www.europesays.com\/no\/wp-json\/wp\/v2\/categories?post=135677"},{"taxonomy":"post_tag","embeddable":true,"href":"https:\/\/www.europesays.com\/no\/wp-json\/wp\/v2\/tags?post=135677"}],"curies":[{"name":"wp","href":"https:\/\/api.w.org\/{rel}","templated":true}]}}