{"id":135687,"date":"2026-01-12T23:39:36","date_gmt":"2026-01-12T23:39:36","guid":{"rendered":"https:\/\/www.europesays.com\/no\/135687\/"},"modified":"2026-01-12T23:39:36","modified_gmt":"2026-01-12T23:39:36","slug":"vi-onsker-a-fortsette-i-bransjen-og-sta-imot-konsolideringstrenden","status":"publish","type":"post","link":"https:\/\/www.europesays.com\/no\/135687\/","title":{"rendered":"\u2013 Vi \u00f8nsker \u00e5 fortsette i bransjen, og st\u00e5 imot konsolideringstrenden"},"content":{"rendered":"<p style=\"font-weight: 400;\"><strong>Engesund Fiskeoppdrett \u00f8nsker at myndighetene legger til rette slik at sm\u00e5 oppdrettere fortsatt kan v\u00e6re en viktig del av n\u00e6ringen.<\/strong><\/p>\n<p style=\"font-weight: 400;\">Like f\u00f8r jul kj\u00f8pte Alsaker Fjordbruk familieeide Bolaks i Bj\u00f8rnafjorden. Storbanken DNB forventer at det vil skje ytterligere oppkj\u00f8p og konsolidering p\u00e5 Vestlandet fremover.<\/p>\n<p style=\"font-weight: 400;\">Engesund Fiskeoppdrett, som er lokalisert p\u00e5 Fitjar, har tre eiere med lang historie i n\u00e6ringen. Etter \u00e5 ha drevet med oppdrett av b\u00e5de laks og \u00f8rret i mange \u00e5r, tok de i 2024 steget til \u00e5 bli en rendyrket \u00f8rretoppdretter.<\/p>\n<p>\u2013 Vi frykter at DNB har rett i sine spekulasjoner. Med et stadig mer komplisert regelverk og en rigid forvaltning er det ikke enkelt \u00e5 v\u00e6re liten eller mellomstor akt\u00f8r i dag, sier daglig leder Svein Eivind Gilje til iLaks.<\/p>\n<p style=\"font-weight: 400;\"><strong>Trenger tydelig politikk<\/strong><br \/>Engesund Fiskeoppdrett har en kommersiell konsesjon og en gr\u00f8nn konsesjon, og har et tett samarbeid med Troland Lakseoppdrett og Telav\u00e5g Fiskeoppdrett, som ogs\u00e5 er med p\u00e5 eiersiden. Gilje er ikke i tvil om hva som trengs.<\/p>\n<p><img fetchpriority=\"high\" decoding=\"async\" class=\"size-full wp-image-67839\" src=\"https:\/\/www.europesays.com\/no\/wp-content\/uploads\/2026\/01\/imageedit_2_3336388021.jpg\" alt=\"\" width=\"270\" height=\"267\"\/> Daglig leder i Engesund Fiskeoppdrett, Svein Eivind Gilje. FOTO: Privat<\/p>\n<p>\u2013 Vi trenger tydelig politisk handling som kan styrke driftsgrunnlaget for de sm\u00e5 og mellomstore akt\u00f8rene, dersom man \u00f8nsker at n\u00e6ringen i fremtiden ogs\u00e5 skal ha lokaleide oppdrettsvirksomheter langs kysten, sier han.<\/p>\n<p style=\"font-weight: 400;\">Gilje mener at det nettopp er de sm\u00e5 og familieeide akt\u00f8rene som har v\u00e6rt en motor i \u00e5 drive n\u00e6ringen fremover.<\/p>\n<p>\u2013 Havbruksn\u00e6ringen hadde nok ikke blitt det den er i dag om det ikke var for alle de som har st\u00e5tt p\u00e5 langs hele kysten for \u00e5 utvikle n\u00e6ringen. Med f\u00e6rre beslutningstakere i bransjen vil nok mye av utviklingen stoppe opp, tror han og legger til:<\/p>\n<p>\u2013 Vi \u00f8nsker \u00e5 fortsette i bransjen, og st\u00e5 imot konsolideringstrenden, s\u00e5 langt det lar seg gj\u00f8re. Men vi forst\u00e5r godt de som vel \u00e5 trekke seg ut.<\/p>\n<p style=\"font-weight: 400;\"><strong>Les ogs\u00e5:<\/strong> <a href=\"https:\/\/ilaks.no\/mindre-og-familieeide-virksomheter-har-i-langt-mindre-grad-disse-forutsetningene\/\" rel=\"nofollow noopener\" target=\"_blank\">\u2013 Mindre og familieeide virksomheter har i langt mindre grad disse forutsetningene<\/a><\/p>\n<p style=\"font-weight: 400;\"><strong>Gjennomsnittlig MTB<br \/><\/strong>Den daglige lederen trekker frem et s\u00e6rlig tiltak som han kan gj\u00f8re det enklere for sm\u00e5 og mellomstore oppdrettere. Det er gjennomsnittlig maksimal tillatt biomasse (MTB).<\/p>\n<p>\u2013 Et av tiltakene som kan utjevne konkurransefordelene mellom stor og liten oppdretter, er gjennomsnittlig MTB gjennom \u00e5ret. Dette vil redusere antall lokaliteter og redusere driftskostnadene, p\u00e5peker Gilje.<\/p>\n<p>\u2013 Man kan fase ut lokaliteter som presterer d\u00e5rligst, oppdretterne kan produsere samme volum som i dag, p\u00e5 f\u00e6rre lokaliteter. Dette er vinn-vinn, sier han.<\/p>\n<p style=\"font-weight: 400;\">Som \u00f8rretoppdretter ser han og Engesund Fiskeoppdrett ogs\u00e5 utfordringer med spesielt lave priser p\u00e5 sensommer og h\u00f8st.<\/p>\n<p>\u2013 \u00d8rretmarkedet er relativt lite og er prissensitiv for \u00f8kt slaktevolum. Med gjennomsnittlig MTB vil man kunne jevne ut slaktevolumet gjennom \u00e5ret, tror Gilje.<\/p>\n<p style=\"font-weight: 400;\"><strong>Les ogs\u00e5:<\/strong> <a href=\"https:\/\/ilaks.no\/har-sikret-seg-vi-er-sa-heldige-at-tredje-generasjon-er-med-i-driften\/\" rel=\"nofollow noopener\" target=\"_blank\">Har sikret seg: \u2013 Vi er s\u00e5 heldige at tredje generasjon er med i driften<\/a><\/p>\n<p style=\"font-weight: 400;\"><strong>De viktige s\u00e6rtilltatelsene<br \/><\/strong>Svein Eivind Gilje mener at det ogs\u00e5 er viktig \u00e5 opprettholde s\u00e6rtillatelser for forskning og utvikling, undervisning og visning.<\/p>\n<p>\u2013 FoU-lisensene er viktige som en katalysator for \u00e5 utvikle nye f\u00f4rr\u00e5varer og teknologi, sier han.<\/p>\n<p style=\"font-weight: 400;\">N\u00e5r det gjelder undervisningstillatelsene, er han ikke i tvil om at de er viktigere enn noen gang.<\/p>\n<p>\u2013 Det har aldri v\u00e6rt st\u00f8rre behov for velfungerende visning og undervisningsanlegg. Visningstillatelsene er s\u00e6rt viktig for \u00e5 gi folk flest en reell mulighet til \u00e5 gj\u00f8re seg opp en egen mening om n\u00e6ringen, bemerker Gilje.<\/p>\n<p style=\"font-weight: 400;\">\u00d8rretoppdretteren understreker at det tar lang tid \u00e5 etablere visningstilbudene i kystsamfunnene. Det krever forutsigbarhet og god spredning.<\/p>\n<p>\u2013 V\u00e5r erfaring er at effekten og betydningen av visningstilbudene blir st\u00f8rre \u00e5r for \u00e5r. Det er derfor sv\u00e6rt viktig at ordningen f\u00e5r stabile rammevilk\u00e5r, sier Svein Eivind Gilje.<\/p>\n<p>\u2013 Det er ogs\u00e5 viktig at visningstilltatelsene er spredd p\u00e5 mange ulike akt\u00f8rer langs kysten, slik at publikum kan oppleve forskjell p\u00e5 stor og liten akt\u00f8r, sl\u00e5r han fast.<\/p>\n<p><img loading=\"lazy\" decoding=\"async\" class=\"wp-image-163663\" src=\"https:\/\/www.europesays.com\/no\/wp-content\/uploads\/2026\/01\/DJI_0367-1140x760.jpg\" alt=\"\" width=\"1000\" height=\"666\"\/> Engesund Fiskeoppdretts visningsanlegg i Fitjar. Foto: Engesund Fiskeoppdrett<\/p>\n","protected":false},"excerpt":{"rendered":"Engesund Fiskeoppdrett \u00f8nsker at myndighetene legger til rette slik at sm\u00e5 oppdrettere fortsatt kan v\u00e6re en viktig del&hellip;\n","protected":false},"author":2,"featured_media":135688,"comment_status":"","ping_status":"","sticky":false,"template":"","format":"standard","meta":{"footnotes":""},"categories":[10],"tags":[20,21,24,25,15,22,23,13,30,28,29,14,16,26,27],"class_list":{"0":"post-135687","1":"post","2":"type-post","3":"status-publish","4":"format-standard","5":"has-post-thumbnail","7":"category-norge","8":"tag-breaking-news","9":"tag-breakingnews","10":"tag-featured-news","11":"tag-featurednews","12":"tag-headlines","13":"tag-latest-news","14":"tag-latestnews","15":"tag-news","16":"tag-no","17":"tag-norge","18":"tag-norway","19":"tag-nyheter","20":"tag-overskrifter","21":"tag-top-stories","22":"tag-topstories"},"share_on_mastodon":{"url":"https:\/\/pubeurope.com\/@no\/115884770092905814","error":""},"_links":{"self":[{"href":"https:\/\/www.europesays.com\/no\/wp-json\/wp\/v2\/posts\/135687","targetHints":{"allow":["GET"]}}],"collection":[{"href":"https:\/\/www.europesays.com\/no\/wp-json\/wp\/v2\/posts"}],"about":[{"href":"https:\/\/www.europesays.com\/no\/wp-json\/wp\/v2\/types\/post"}],"author":[{"embeddable":true,"href":"https:\/\/www.europesays.com\/no\/wp-json\/wp\/v2\/users\/2"}],"replies":[{"embeddable":true,"href":"https:\/\/www.europesays.com\/no\/wp-json\/wp\/v2\/comments?post=135687"}],"version-history":[{"count":0,"href":"https:\/\/www.europesays.com\/no\/wp-json\/wp\/v2\/posts\/135687\/revisions"}],"wp:featuredmedia":[{"embeddable":true,"href":"https:\/\/www.europesays.com\/no\/wp-json\/wp\/v2\/media\/135688"}],"wp:attachment":[{"href":"https:\/\/www.europesays.com\/no\/wp-json\/wp\/v2\/media?parent=135687"}],"wp:term":[{"taxonomy":"category","embeddable":true,"href":"https:\/\/www.europesays.com\/no\/wp-json\/wp\/v2\/categories?post=135687"},{"taxonomy":"post_tag","embeddable":true,"href":"https:\/\/www.europesays.com\/no\/wp-json\/wp\/v2\/tags?post=135687"}],"curies":[{"name":"wp","href":"https:\/\/api.w.org\/{rel}","templated":true}]}}