{"id":135691,"date":"2026-01-13T00:16:11","date_gmt":"2026-01-13T00:16:11","guid":{"rendered":"https:\/\/www.europesays.com\/no\/135691\/"},"modified":"2026-01-13T00:16:11","modified_gmt":"2026-01-13T00:16:11","slug":"trafikk-garasje-bil-dundret-inn-i-garasje-svaert-glatt-pa-stedet","status":"publish","type":"post","link":"https:\/\/www.europesays.com\/no\/135691\/","title":{"rendered":"Trafikk, Garasje | Bil dundret inn i garasje: \u2013 Sv\u00e6rt glatt p\u00e5 stedet"},"content":{"rendered":"\n<p>Politiet rykket ut etter melding om et trafikkuhell der en personbil hadde kollidert med en garasje. Da patruljen ankom stedet, kunne de raskt konstatere at det var sv\u00e6rt glatte veier i det aktuelle omr\u00e5det.<\/p>\n<p>Det er ikke meldt om personskader som f\u00f8lge av sammenst\u00f8tet, men det skal v\u00e6re materielle skader p\u00e5 b\u00e5de kj\u00f8ret\u00f8yet og garasjebygget. Politiet er p\u00e5 stedet for \u00e5 foreta n\u00f8dvendige unders\u00f8kelser og bist\u00e5 de involverte.<\/p>\n<p>Hendelsen fant sted p\u00e5 \u00d8vre Lundeveg i Porsgrunn.<\/p>\n<p>Patruljen er fortsatt p\u00e5 stedet. Sj\u00e5f\u00f8ren har forlatt bilen og det jobbes med \u00e5 komme i kontakt med vedkommende.<\/p>\n<p>Klokken 14:26 melder operasjonsleder, Roger Aaser at patruljen avslutter p\u00e5 stedet og at eier av garasjen er varslet. Sak opprettes.<\/p>\n<p>   <img decoding=\"async\" width=\"1778\" height=\"1196\" fetchpriority=\"low\"  loading=\"lazy\"  src=\"https:\/\/www.europesays.com\/no\/wp-content\/uploads\/2026\/01\/garasje.jpg\" alt=\"\u00d8vre Lundeveg\" class=\"brick-c-cFOWSL\" style=\"--brick-image-ratio: 1778 \/ 1196;\"\/><\/p>\n<p>      \u00d8vre Lundeveg<br \/>\n      Foto: Kine Ternsten Bye\n    <\/p>\n","protected":false},"excerpt":{"rendered":"Politiet rykket ut etter melding om et trafikkuhell der en personbil hadde kollidert med en garasje. Da patruljen&hellip;\n","protected":false},"author":2,"featured_media":135692,"comment_status":"","ping_status":"","sticky":false,"template":"","format":"standard","meta":{"footnotes":""},"categories":[5],"tags":[36,20,21,24,25,6483,15,19,22,23,17,18,13,30,28,29,14,16,1510,26,27,224,2889],"class_list":{"0":"post-135691","1":"post","2":"type-post","3":"status-publish","4":"format-standard","5":"has-post-thumbnail","7":"category-overskrifter","8":"tag-art","9":"tag-breaking-news","10":"tag-breakingnews","11":"tag-featured-news","12":"tag-featurednews","13":"tag-garasje","14":"tag-headlines","15":"tag-hovedoppslag","16":"tag-latest-news","17":"tag-latestnews","18":"tag-main-news","19":"tag-mainnews","20":"tag-news","21":"tag-no","22":"tag-norge","23":"tag-norway","24":"tag-nyheter","25":"tag-overskrifter","26":"tag-story","27":"tag-top-stories","28":"tag-topstories","29":"tag-trafikk","30":"tag-trafikkuhell"},"share_on_mastodon":{"url":"https:\/\/pubeurope.com\/@no\/115884915608982027","error":""},"_links":{"self":[{"href":"https:\/\/www.europesays.com\/no\/wp-json\/wp\/v2\/posts\/135691","targetHints":{"allow":["GET"]}}],"collection":[{"href":"https:\/\/www.europesays.com\/no\/wp-json\/wp\/v2\/posts"}],"about":[{"href":"https:\/\/www.europesays.com\/no\/wp-json\/wp\/v2\/types\/post"}],"author":[{"embeddable":true,"href":"https:\/\/www.europesays.com\/no\/wp-json\/wp\/v2\/users\/2"}],"replies":[{"embeddable":true,"href":"https:\/\/www.europesays.com\/no\/wp-json\/wp\/v2\/comments?post=135691"}],"version-history":[{"count":0,"href":"https:\/\/www.europesays.com\/no\/wp-json\/wp\/v2\/posts\/135691\/revisions"}],"wp:featuredmedia":[{"embeddable":true,"href":"https:\/\/www.europesays.com\/no\/wp-json\/wp\/v2\/media\/135692"}],"wp:attachment":[{"href":"https:\/\/www.europesays.com\/no\/wp-json\/wp\/v2\/media?parent=135691"}],"wp:term":[{"taxonomy":"category","embeddable":true,"href":"https:\/\/www.europesays.com\/no\/wp-json\/wp\/v2\/categories?post=135691"},{"taxonomy":"post_tag","embeddable":true,"href":"https:\/\/www.europesays.com\/no\/wp-json\/wp\/v2\/tags?post=135691"}],"curies":[{"name":"wp","href":"https:\/\/api.w.org\/{rel}","templated":true}]}}