{"id":135695,"date":"2026-01-13T00:52:21","date_gmt":"2026-01-13T00:52:21","guid":{"rendered":"https:\/\/www.europesays.com\/no\/135695\/"},"modified":"2026-01-13T00:52:21","modified_gmt":"2026-01-13T00:52:21","slug":"vaervarsel-mild-vinter-totalt-vaeromslag-i-hele-landet-meteorolog-advarer","status":"publish","type":"post","link":"https:\/\/www.europesays.com\/no\/135695\/","title":{"rendered":"V\u00e6rvarsel, Mild vinter | Totalt v\u00e6romslag i hele landet: Meteorolog advarer"},"content":{"rendered":"\n<p>Etter en bitende kald start p\u00e5 januar, snur v\u00e6ret p\u00e5 \u00d8stlandet allerede onsdag. Da kommer plussgradene, noe som kan f\u00f8re til sv\u00e6rt glatte forhold.<\/p>\n<p>Dersom du ikke utnyttet sn\u00f8v\u00e6ret i helgen, s\u00e5 blir du nok skuffet n\u00e5.<\/p>\n<p>De kalde 12 minusgradene vi bare s\u00e5 vidt har kjent p\u00e5, kommer til \u00e5 byttes ut med milde 2 plussgrader i l\u00f8pet av uken.<\/p>\n<p><a href=\"https:\/\/www.nettavisen.no\/vis\/v%C3%A6r\/\" rel=\"nofollow noopener\" target=\"_blank\"><b>Sjekk ditt lokale v\u00e6rvarsel p\u00e5 Nettavisens v\u00e6rside n\u00e5<\/b><\/a><\/p>\n<p>Vakthavende meteorolog, Sigrid Augan\u00e6s hos Metrologisk institutt forteller til Nettavisen at det er allerede p\u00e5 onsdag at plussgradene kommer til \u00e5 melde seg.<\/p>\n<p>\u2013 Det blir en ordentlig overgang p\u00e5 \u00d8stlandets i l\u00f8pet av onsdag men det sprer seg sakte men sikkert nordover ogs\u00e5, sier hun.<\/p>\n<p><b>Les ogs\u00e5: <a class=\"simple-relation related-teaser article--c-eRUmMG article--c-eRUmMG-fZoQSp-design-nettavisen article--c-eRUmMG-gwthdJ-cv\" href=\"https:\/\/www.nettavisen.no\/staten-vil-broyte-med-elbiler-moter-massiv-motstand\/s\/5-95-2819576\" rel=\"nofollow noopener\" target=\"_blank\">Staten vil br\u00f8yte med elbiler \u2013 m\u00f8ter massiv motstand<\/a><\/b><\/p>\n<p>V\u00e6r forberedt<\/p>\n<p>Et av de viktigste tingene du b\u00f8r passe p\u00e5 resten av uka, er isen.<\/p>\n<p>\u2013 Mange steder er sn\u00f8dekt, og med overgangen til mildv\u00e6ret kommer det regn opp\u00e5 sn\u00f8en. Det kan bli forferdelig glatt, forteller hun.<\/p>\n<p>Tipset hennes er klart. Ta p\u00e5 deg brodder.<\/p>\n<p><b>Les ogs\u00e5: <a class=\"simple-relation related-teaser article--c-eRUmMG article--c-eRUmMG-fZoQSp-design-nettavisen article--c-eRUmMG-gwthdJ-cv\" href=\"https:\/\/www.nettavisen.no\/redningsaksjon-pa-gaustatoppen-utenlandsk-turfolge-heist-ut-med-helikopter\/s\/5-95-2818699\" rel=\"nofollow noopener\" target=\"_blank\">Redningsaksjon p\u00e5 Gaustatoppen \u2013 utenlandsk turf\u00f8lge heist ut med helikopter<\/a><\/b><\/p>\n<p>Det er ogs\u00e5 viktig \u00e5 v\u00e6re forsiktig med bilkj\u00f8ring ettersom det kan v\u00e6re vanskelig kj\u00f8reforhold.<\/p>\n<p>\u2013 Hvor lenge vil mildv\u00e6ret vare? <\/p>\n<p>Mildv\u00e6ret blir imidlertid kortvarig, if\u00f8lge Augan\u00e6s. Allerede over helgen snur pilene nedover p\u00e5 gradestokken igjen.<\/p>\n<p>\u2013 Det kommer h\u00f8ytrykk fra \u00f8st som gir oss kaldere luft igjen, forklarer hun.<\/p>\n<p><a href=\"https:\/\/www.nettavisen.no\/vis\/v%C3%A6r\/\" rel=\"nofollow noopener\" target=\"_blank\"><b>Sjekk ditt lokale v\u00e6rvarsel p\u00e5 Nettavisens v\u00e6rside n\u00e5<\/b><\/a><\/p>\n<p>Hun sier ogs\u00e5 at dersom sn\u00f8en er fuktig nok, s\u00e5 limer den seg til isen.<\/p>\n<p>Det betyr at du b\u00f8r se hvor du setter beina hvis du ikke har lyst til \u00e5 ende opp i en ufrivillig spagat p\u00e5 vei til bussen.<\/p>\n<p>    Vil du se neste video?<\/p>\n<p>    <a href=\"https:\/\/www.nettavisen.no\/nyheter\/pete-hegseth-avbryter-plutselig-marco-rubio-klikker-pa-direkten\/v\/5-95-2813524\" class=\"recommend-poster\" data-adp-clicklabel=\"video-recommend\" data-adp-clickvalue=\"poster\" rel=\"nofollow noopener\" target=\"_blank\"><br \/>\n      <img decoding=\"async\" width=\"200\" height=\"200\" loading=\"lazy\" src=\"https:\/\/www.europesays.com\/no\/wp-content\/uploads\/2026\/01\/Hegseth+til+cue.jpg\" alt=\"\" class=\"brick-c-cFOWSL\" style=\"--brick-image-ratio: 200 \/ 200;\"\/><\/p>\n<p>Avbryter plutselig: Klikker p\u00e5 direkten1:05<\/p>\n<p>    <\/a><\/p>\n<p>        Vidar Kristensen var vitne til en stygg trafikkulykke og var selv bare noen f\u00e5 meter unna. Det var Nordlys som omtalte saken f\u00f8rst. <\/p>\n<p>Farevarsler blir vurdert fortl\u00f8pende forteller hun. Allerede er det meldt farevarsel om is med overgangen til plussgradene.<\/p>\n<p>\u2013 I \u00f8st fokuseres det p\u00e5 oransje farevarsel, det lir nok sendt i l\u00f8pet av dagen, sier hun.<\/p>\n<p>Metrologisk institutt sender ut oransje farevarsel n\u00e5r det forventes at konsekvensene blir omfattende for mange mennesker eller for et stort omr\u00e5de.<\/p>\n<p>Sjekk langtidsvarselet<\/p>\n<p>Sjekk langtidsvarselet i flere norske byer her:<\/p>\n<p><a href=\"https:\/\/www.nettavisen.no\/vis\/v%C3%A6r\/v%C3%A6rvarsel\/307915\" rel=\"nofollow noopener\" target=\"_blank\">10-dagersvarsel for Oslo<\/a><\/p>\n<p><a href=\"https:\/\/www.nettavisen.no\/vis\/v%C3%A6r\/v%C3%A6rvarsel\/551660\" rel=\"nofollow noopener\" target=\"_blank\">10-dagersvarsel for Bergen<\/a><\/p>\n<p><a href=\"https:\/\/www.nettavisen.no\/vis\/v%C3%A6r\/v%C3%A6rvarsel\/558690\" rel=\"nofollow noopener\" target=\"_blank\">10-dagersvarsel for Trondheim<\/a><\/p>\n<p><a href=\"https:\/\/www.nettavisen.no\/vis\/v%C3%A6r\/v%C3%A6rvarsel\/789065\" rel=\"nofollow noopener\" target=\"_blank\">10-dagersvarsel for Stavanger<\/a><\/p>\n<p><a href=\"https:\/\/www.nettavisen.no\/vis\/v%C3%A6r\/v%C3%A6rvarsel\/303227\" rel=\"nofollow noopener\" target=\"_blank\">10-dagersvarsel for Kristiansand<\/a><\/p>\n<p><a href=\"https:\/\/www.nettavisen.no\/vis\/v%C3%A6r\/v%C3%A6rvarsel\/365324\" rel=\"nofollow noopener\" target=\"_blank\">10-dagersvarsel for Fredrikstad<\/a><\/p>\n<p><a href=\"https:\/\/www.nettavisen.no\/vis\/v%C3%A6r\/v%C3%A6rvarsel\/503295\" rel=\"nofollow noopener\" target=\"_blank\">10-dagersvarsel for Troms\u00f8<\/a><\/p>\n<p><a href=\"https:\/\/www.nettavisen.no\/vis\/v%C3%A6r\/v%C3%A6rvarsel\/911983\" rel=\"nofollow noopener\" target=\"_blank\">10-dagersvarsel for Sandnes<\/a><\/p>\n<p><a href=\"https:\/\/www.nettavisen.no\/vis\/v%C3%A6r\/v%C3%A6rvarsel\/926688\" rel=\"nofollow noopener\" target=\"_blank\">10-dagersvarsel for Bod\u00f8<\/a><\/p>\n<p><a href=\"https:\/\/www.nettavisen.no\/vis\/v%C3%A6r\/v%C3%A6rvarsel\/731438\" rel=\"nofollow noopener\" target=\"_blank\">10-dagersvarsel for \u00c5s<\/a><\/p>\n","protected":false},"excerpt":{"rendered":"Etter en bitende kald start p\u00e5 januar, snur v\u00e6ret p\u00e5 \u00d8stlandet allerede onsdag. Da kommer plussgradene, noe som&hellip;\n","protected":false},"author":2,"featured_media":135696,"comment_status":"","ping_status":"","sticky":false,"template":"","format":"standard","meta":{"footnotes":""},"categories":[10],"tags":[20,21,24,25,15,22,23,13,30,28,29,14,16,26,27],"class_list":{"0":"post-135695","1":"post","2":"type-post","3":"status-publish","4":"format-standard","5":"has-post-thumbnail","7":"category-norge","8":"tag-breaking-news","9":"tag-breakingnews","10":"tag-featured-news","11":"tag-featurednews","12":"tag-headlines","13":"tag-latest-news","14":"tag-latestnews","15":"tag-news","16":"tag-no","17":"tag-norge","18":"tag-norway","19":"tag-nyheter","20":"tag-overskrifter","21":"tag-top-stories","22":"tag-topstories"},"share_on_mastodon":{"url":"https:\/\/pubeurope.com\/@no\/115885057148828487","error":""},"_links":{"self":[{"href":"https:\/\/www.europesays.com\/no\/wp-json\/wp\/v2\/posts\/135695","targetHints":{"allow":["GET"]}}],"collection":[{"href":"https:\/\/www.europesays.com\/no\/wp-json\/wp\/v2\/posts"}],"about":[{"href":"https:\/\/www.europesays.com\/no\/wp-json\/wp\/v2\/types\/post"}],"author":[{"embeddable":true,"href":"https:\/\/www.europesays.com\/no\/wp-json\/wp\/v2\/users\/2"}],"replies":[{"embeddable":true,"href":"https:\/\/www.europesays.com\/no\/wp-json\/wp\/v2\/comments?post=135695"}],"version-history":[{"count":0,"href":"https:\/\/www.europesays.com\/no\/wp-json\/wp\/v2\/posts\/135695\/revisions"}],"wp:featuredmedia":[{"embeddable":true,"href":"https:\/\/www.europesays.com\/no\/wp-json\/wp\/v2\/media\/135696"}],"wp:attachment":[{"href":"https:\/\/www.europesays.com\/no\/wp-json\/wp\/v2\/media?parent=135695"}],"wp:term":[{"taxonomy":"category","embeddable":true,"href":"https:\/\/www.europesays.com\/no\/wp-json\/wp\/v2\/categories?post=135695"},{"taxonomy":"post_tag","embeddable":true,"href":"https:\/\/www.europesays.com\/no\/wp-json\/wp\/v2\/tags?post=135695"}],"curies":[{"name":"wp","href":"https:\/\/api.w.org\/{rel}","templated":true}]}}