{"id":135700,"date":"2026-01-13T01:15:11","date_gmt":"2026-01-13T01:15:11","guid":{"rendered":"https:\/\/www.europesays.com\/no\/135700\/"},"modified":"2026-01-13T01:15:11","modified_gmt":"2026-01-13T01:15:11","slug":"freyr-om-kornvig-ikke-optimalt-bergensavisen","status":"publish","type":"post","link":"https:\/\/www.europesays.com\/no\/135700\/","title":{"rendered":"Freyr om Kornvig: \u2013 Ikke optimalt &#8211; Bergensavisen"},"content":{"rendered":"<ol>\n<li><a href=\"https:\/\/news.google.com\/rss\/articles\/CBMib0FVX3lxTE5hZFV1VnRHQVM2RGI4bkFvRWFJUGJObFNrTEhGWlVUVllfYzlBMVVaYk1PYUhvRm5yaEZLVGdJYzlkN3VHZ3J5Z1RlTUdKUWwzT2hKT0xqcTJTTzZuTjV3dWlHdldDdVVKc1lYd0tfdw?oc=5\" target=\"_blank\" rel=\"nofollow noopener\">Freyr om Kornvig: \u2013 Ikke optimalt<\/a>&nbsp;&nbsp;Bergensavisen<\/li>\n<li><a href=\"https:\/\/news.google.com\/rss\/articles\/CBMiiwFBVV95cUxPQm5scjdZbFpuZ0U1a1l6NzhlTm9sZ1VwZXZtR0tQQS1lMjhCYXctRmFhNXhoaWxhTkgzcnN1bkNJMFBhODI1a0YtdEI4MjktSGdIWEpIMVk1YmlMTDJRTjI2a1ZFVWtyU0FvZmNGQmoya00zLTYtWGNHVzc0cEdiUXl4YkJuSTk3ZVNZ?oc=5\" target=\"_blank\" rel=\"nofollow noopener\">Opplysninger til VG: Nyrike polakker langflate etter Emil Kornvig<\/a>&nbsp;&nbsp;VG<\/li>\n<li><a href=\"https:\/\/news.google.com\/rss\/articles\/CBMigwFBVV95cUxNSUxMTXNWZWNhRW9HSEV6cjE0eW4zLTkyeU41VXNiMmc3dWhGejNhVktaeDFYd1VtLVJGWFY1bklzbXBKS2JFX2hxaWt4VDVGdXlhempneTJpYVJZUkpuMFlmS3JwVzBqdVNHQmpLNEp5Q0Rjdk5BaU9SX0tpTHBUdU1VTQ?oc=5\" target=\"_blank\" rel=\"nofollow noopener\">VG: Erfarer bud p\u00e5 50 millioner p\u00e5 Kornvig<\/a>&nbsp;&nbsp;Bergens Tidende<\/li>\n<li><a href=\"https:\/\/news.google.com\/rss\/articles\/CBMijwFBVV95cUxOM3J5Sk5MaFJDTVZlVjJaczBpLS1na2E3SkJVZUtfbW1iZWV0cng5d050Rk9DcFBhOG9nWU5pMHJmODR6WU5YQXJOUW1naFE5T2pLZmxXbC1MWTNHMW04aVBLbHh5YXRQUzhpd0FQQndSUy1qNVRjTzRReTBFZjRHRjVpZkd6N2RKWnZXX1VXYw?oc=5\" target=\"_blank\" rel=\"nofollow noopener\">Se Slavia Praha\u2013Brann p\u00e5 bt.no &#8211; VG: Erfarer bud p\u00e5 50 millioner p\u00e5 Kornvig<\/a>&nbsp;&nbsp;Bergens Tidende<\/li>\n<li><a href=\"https:\/\/news.google.com\/rss\/articles\/CBMidEFVX3lxTE1VNEo0Y1o2eGRvMmh5UFJHNUpTSVBqTVZPOHNSTmZmSGJ4ay1uWHVLbTdPaHZhanlUVHM5MDI5Sm5rclJWS3VycTNMZFFjQmhxUFI2Vjl0dzhCelpjRjFzcjVoMzRLWkxZSGZFR3RMR0FWVDIx?oc=5\" target=\"_blank\" rel=\"nofollow noopener\">Overgangsrykter<\/a>&nbsp;&nbsp;Nettavisen<\/li>\n<\/ol>\n","protected":false},"excerpt":{"rendered":"Freyr om Kornvig: \u2013 Ikke optimalt&nbsp;&nbsp;Bergensavisen Opplysninger til VG: Nyrike polakker langflate etter Emil Kornvig&nbsp;&nbsp;VG VG: Erfarer bud&hellip;\n","protected":false},"author":2,"featured_media":135701,"comment_status":"","ping_status":"","sticky":false,"template":"","format":"standard","meta":{"footnotes":""},"categories":[59],"tags":[30,28,29,83,82],"class_list":{"0":"post-135700","1":"post","2":"type-post","3":"status-publish","4":"format-standard","5":"has-post-thumbnail","7":"category-sport","8":"tag-no","9":"tag-norge","10":"tag-norway","11":"tag-sport","12":"tag-sports"},"share_on_mastodon":{"url":"https:\/\/pubeurope.com\/@no\/115885147598893246","error":""},"_links":{"self":[{"href":"https:\/\/www.europesays.com\/no\/wp-json\/wp\/v2\/posts\/135700","targetHints":{"allow":["GET"]}}],"collection":[{"href":"https:\/\/www.europesays.com\/no\/wp-json\/wp\/v2\/posts"}],"about":[{"href":"https:\/\/www.europesays.com\/no\/wp-json\/wp\/v2\/types\/post"}],"author":[{"embeddable":true,"href":"https:\/\/www.europesays.com\/no\/wp-json\/wp\/v2\/users\/2"}],"replies":[{"embeddable":true,"href":"https:\/\/www.europesays.com\/no\/wp-json\/wp\/v2\/comments?post=135700"}],"version-history":[{"count":0,"href":"https:\/\/www.europesays.com\/no\/wp-json\/wp\/v2\/posts\/135700\/revisions"}],"wp:featuredmedia":[{"embeddable":true,"href":"https:\/\/www.europesays.com\/no\/wp-json\/wp\/v2\/media\/135701"}],"wp:attachment":[{"href":"https:\/\/www.europesays.com\/no\/wp-json\/wp\/v2\/media?parent=135700"}],"wp:term":[{"taxonomy":"category","embeddable":true,"href":"https:\/\/www.europesays.com\/no\/wp-json\/wp\/v2\/categories?post=135700"},{"taxonomy":"post_tag","embeddable":true,"href":"https:\/\/www.europesays.com\/no\/wp-json\/wp\/v2\/tags?post=135700"}],"curies":[{"name":"wp","href":"https:\/\/api.w.org\/{rel}","templated":true}]}}