{"id":135707,"date":"2026-01-13T02:41:42","date_gmt":"2026-01-13T02:41:42","guid":{"rendered":"https:\/\/www.europesays.com\/no\/135707\/"},"modified":"2026-01-13T02:41:42","modified_gmt":"2026-01-13T02:41:42","slug":"er-ikkje-sa-mykje-meir-a-tenke-pa-fjordingen-no","status":"publish","type":"post","link":"https:\/\/www.europesays.com\/no\/135707\/","title":{"rendered":"\u2013 Er ikkje s\u00e5 mykje meir \u00e5 tenke p\u00e5 &#8211; fjordingen.no"},"content":{"rendered":"<ol>\n<li><a href=\"https:\/\/news.google.com\/rss\/articles\/CBMigwFBVV95cUxNS2RoQ0N5LU12WTVtekNUZFZySEgwU1lEVDNrOW5aZWR1bWhETzd1b3JYMkNCbUNjVEdtNmR2cTFCNGV5MGxiOTNKSS1Ua2hNc1NtYnhKdnBZOVREeW9Qd1NrQWpmT3FxcGotUE5LSTBTWk5XOGdaMTh1a0drZ25wNENYbw?oc=5\" target=\"_blank\" rel=\"nofollow noopener\">\u2013 Er ikkje s\u00e5 mykje meir \u00e5 tenke p\u00e5<\/a>&nbsp;&nbsp;fjordingen.no<\/li>\n<li><a href=\"https:\/\/news.google.com\/rss\/articles\/CBMilgFBVV95cUxNTUt4VlBZOWZ5ZDJPMlVMSUtFaE5ud3VHeHhnT1pua0hiMl9vLW91RmY4d1gwZFl3bFUxQ3BCWVJuVTNUSkdaRjJReEY2VFlPSHZoZWoyTjlpWTlZTWZBMnJ0MkE5cmxYcWNsMFc5WHIzQUpnd1NGYU82N05jZnNaZVhNdHZtcWVlb05ZTVFfSUpzSGI5UEE?oc=5\" target=\"_blank\" rel=\"nofollow noopener\">Tung dag for de norske \u2013 \u00d6berg overlegen p\u00e5 jaktstarten<\/a>&nbsp;&nbsp;NRK<\/li>\n<li><a href=\"https:\/\/news.google.com\/rss\/articles\/CBMikAFBVV95cUxON3RYSVcweFMyaHNzdFhLSndybTlIX0IwS0RwMGlBVEhlaWd3dFhTVkVkSmpqSlVJcnpHX2N4RmMzWkpVSFVNS3hJaEZNeUkxNC1oX3htMktWZ1JweWFic2IxM2EwNDd4aWxrUnBpZ0tMSWxzZVlRLXp3MGQtbm9aR0VERE9mdWR4Z3RrdndrOHc?oc=5\" target=\"_blank\" rel=\"nofollow noopener\">Svensk revansje i Oberhof \u2013 to ganger \u00d6berg p\u00e5 pallen<\/a>&nbsp;&nbsp;TV2.no<\/li>\n<li><a href=\"https:\/\/news.google.com\/rss\/articles\/CBMikAFBVV95cUxOMzFwVzVEbGNEUHZLU25tRlNFUUp4MzB5bF9QSkRzYjJFVFVGOHR4UTZVSzNpVWRqVkRYXzRkZnBHTkpwZlh6b3RQRElfemZwU2xaekVleDFIdS1lSnpGSmRtcl9OOXdmWkpCR19FRzA5XzZxaEk2bTFZbW90YW8xZDFoNzZMaUNjdUVfei1ib3M?oc=5\" target=\"_blank\" rel=\"nofollow noopener\">Helbom for Kirkeeide p\u00e5 standplass \u2013 langt unna pallen<\/a>&nbsp;&nbsp;fvn.no<\/li>\n<li><a href=\"https:\/\/news.google.com\/rss\/articles\/CBMinAFBVV95cUxPMFNZcGR4R0V5YnhMOXQyZnZTVkdMT2pKRllrOXFqQkMxZ1ZkcVo0RVpsVmExWUpKdWUxRHk5Y1AtNjMtQ0o5ZHM5UE5VSnM4RXZ6SGFkekdCSmRVNXE3Ml9XektVZk0wckpqSnVWZ3FXd21mbFRZVGY3N1pFd2hCejgtbE9QRDUyRWMxcGVqYW5JMEs0WWJ3T3lOQks?oc=5\" target=\"_blank\" rel=\"nofollow noopener\">Resultater 4&#215;7,5 km stafett menn | Verdenscup skiskyting Oberhof 2026<\/a>&nbsp;&nbsp;Sportsidioten.no<\/li>\n<\/ol>\n","protected":false},"excerpt":{"rendered":"\u2013 Er ikkje s\u00e5 mykje meir \u00e5 tenke p\u00e5&nbsp;&nbsp;fjordingen.no Tung dag for de norske \u2013 \u00d6berg overlegen p\u00e5&hellip;\n","protected":false},"author":2,"featured_media":135708,"comment_status":"","ping_status":"","sticky":false,"template":"","format":"standard","meta":{"footnotes":""},"categories":[59],"tags":[30,28,29,83,82],"class_list":{"0":"post-135707","1":"post","2":"type-post","3":"status-publish","4":"format-standard","5":"has-post-thumbnail","7":"category-sport","8":"tag-no","9":"tag-norge","10":"tag-norway","11":"tag-sport","12":"tag-sports"},"share_on_mastodon":{"url":"https:\/\/pubeurope.com\/@no\/115885485732794552","error":""},"_links":{"self":[{"href":"https:\/\/www.europesays.com\/no\/wp-json\/wp\/v2\/posts\/135707","targetHints":{"allow":["GET"]}}],"collection":[{"href":"https:\/\/www.europesays.com\/no\/wp-json\/wp\/v2\/posts"}],"about":[{"href":"https:\/\/www.europesays.com\/no\/wp-json\/wp\/v2\/types\/post"}],"author":[{"embeddable":true,"href":"https:\/\/www.europesays.com\/no\/wp-json\/wp\/v2\/users\/2"}],"replies":[{"embeddable":true,"href":"https:\/\/www.europesays.com\/no\/wp-json\/wp\/v2\/comments?post=135707"}],"version-history":[{"count":0,"href":"https:\/\/www.europesays.com\/no\/wp-json\/wp\/v2\/posts\/135707\/revisions"}],"wp:featuredmedia":[{"embeddable":true,"href":"https:\/\/www.europesays.com\/no\/wp-json\/wp\/v2\/media\/135708"}],"wp:attachment":[{"href":"https:\/\/www.europesays.com\/no\/wp-json\/wp\/v2\/media?parent=135707"}],"wp:term":[{"taxonomy":"category","embeddable":true,"href":"https:\/\/www.europesays.com\/no\/wp-json\/wp\/v2\/categories?post=135707"},{"taxonomy":"post_tag","embeddable":true,"href":"https:\/\/www.europesays.com\/no\/wp-json\/wp\/v2\/tags?post=135707"}],"curies":[{"name":"wp","href":"https:\/\/api.w.org\/{rel}","templated":true}]}}