{"id":135717,"date":"2026-01-13T07:13:10","date_gmt":"2026-01-13T07:13:10","guid":{"rendered":"https:\/\/www.europesays.com\/no\/135717\/"},"modified":"2026-01-13T07:13:10","modified_gmt":"2026-01-13T07:13:10","slug":"drap-grue-drapssiktet-60-tok-toget-til-oslo-glamdalen","status":"publish","type":"post","link":"https:\/\/www.europesays.com\/no\/135717\/","title":{"rendered":"Drap, Grue | Drapssiktet (60) tok toget til Oslo &#8211; Gl\u00e5mdalen"},"content":{"rendered":"<ol>\n<li><a href=\"https:\/\/news.google.com\/rss\/articles\/CBMifkFVX3lxTE1Dd0ZIa2ZVOS1KZFNlVUhIOFFWU2JNTkd1SUs3NFlzeTRzaEU3elRKSDVYb0tTN2NYV2oxd3VLdl9qcDg4UkNKdjNiZXBDenNISlVEV28tbWoxYnRkSG5MbGROdnF2Vm5MajI1aFJxSURkOHVMNHJkSjJpbVN5dw?oc=5\" target=\"_blank\" rel=\"nofollow noopener\">Drap, Grue | Drapssiktet (60) tok toget til Oslo<\/a>&nbsp;&nbsp;Gl\u00e5mdalen<\/li>\n<li><a href=\"https:\/\/news.google.com\/rss\/articles\/CBMihwFBVV95cUxNVXo3ckNJN3J1b1E3dWo1N3NleE5sQ254dFRIU1U2ZWRFQ1BFU2I1RWNlWnpGODJiNV8wWG1LYlpjbDloRFJJcmM2RF9xUk1qM2U1alpHaHZLSkJHdUJqMk01VkFlT054dVB4VW1qMU9OZHBXSHhpNnVFWldxSFNkS1N1Skhvb0U?oc=5\" target=\"_blank\" rel=\"nofollow noopener\">Kirken\u00e6r-drapet: Siktede tok tog fra Kongsvinger p\u00e5 julaften<\/a>&nbsp;&nbsp;TV2.no<\/li>\n<li><a href=\"https:\/\/news.google.com\/rss\/articles\/CBMiiAFBVV95cUxPWFJHU0tPUVBHeW5Qa0Fud3YxcGNNQnlBUEZRNlJzQ3d4NjM1eU9ha1ZVVU5oZnUyR2RrMjhWNmVKM2Y3YkpwNTZnQnVBOU9hN19FeVE3TWNvRWZsYjBZOFoyellXWEJfSjBPeVhaSW1Qdkc3bXo4ZldtYzE1aHJkRmo2YlYtNTEt?oc=5\" target=\"_blank\" rel=\"nofollow noopener\">Ber om hjelp: Tror drapssiktede gikk her<\/a>&nbsp;&nbsp;Dagbladet<\/li>\n<li><a href=\"https:\/\/news.google.com\/rss\/articles\/CBMiiAFBVV95cUxQazRib05QYVJtQU85NmRIbUQ1ZGR0ODR1cFpuTWNKUFdENGszNUtsY05uOEp4cDB4X3M3VEJPRlN4V0cydjZsZkhJQXJfaXRibmI5RVZiUW9uMm4wZjM5Q0daT0hxMUpWZngtYjlXQ19lZU5vLXFkSExhZzNvWjYzWnk1T2pHTGts?oc=5\" target=\"_blank\" rel=\"nofollow noopener\">Krim, Sol\u00f8r | Drapet p\u00e5 Kirken\u00e6r: Har latt seg avh\u00f8re<\/a>&nbsp;&nbsp;\u00d8stlendingen<\/li>\n<li><a href=\"https:\/\/news.google.com\/rss\/articles\/CBMimAFBVV95cUxPcHduSlRaLTBaVU1wYWlVTHVVVkRvaFE5RzRtX25RaUJfc0JXWXFHbWt4T0J4TWRGYWF6RG9oTkdnYTJlQUZKcGp2MG4tUjQ4d2NISFRzVnNBT1JGcE80VndnSS1TTEhCYVF5OHdleXcwYzU1RHpwNHhUb0VvLVduNTFBRFNmOU5TaWVmTGotanY5Z0ZUbWJjYQ?oc=5\" target=\"_blank\" rel=\"nofollow noopener\">Kirken\u00e6r-drapet: Siktede enn\u00e5 ikke avh\u00f8rt<\/a>&nbsp;&nbsp;adressa.no<\/li>\n<\/ol>\n","protected":false},"excerpt":{"rendered":"Drap, Grue | Drapssiktet (60) tok toget til Oslo&nbsp;&nbsp;Gl\u00e5mdalen Kirken\u00e6r-drapet: Siktede tok tog fra Kongsvinger p\u00e5 julaften&nbsp;&nbsp;TV2.no Ber&hellip;\n","protected":false},"author":2,"featured_media":135718,"comment_status":"","ping_status":"","sticky":false,"template":"","format":"standard","meta":{"footnotes":""},"categories":[10],"tags":[20,21,24,25,15,22,23,13,30,28,29,14,16,26,27],"class_list":{"0":"post-135717","1":"post","2":"type-post","3":"status-publish","4":"format-standard","5":"has-post-thumbnail","7":"category-norge","8":"tag-breaking-news","9":"tag-breakingnews","10":"tag-featured-news","11":"tag-featurednews","12":"tag-headlines","13":"tag-latest-news","14":"tag-latestnews","15":"tag-news","16":"tag-no","17":"tag-norge","18":"tag-norway","19":"tag-nyheter","20":"tag-overskrifter","21":"tag-top-stories","22":"tag-topstories"},"share_on_mastodon":{"url":"https:\/\/pubeurope.com\/@no\/115886555401692617","error":""},"_links":{"self":[{"href":"https:\/\/www.europesays.com\/no\/wp-json\/wp\/v2\/posts\/135717","targetHints":{"allow":["GET"]}}],"collection":[{"href":"https:\/\/www.europesays.com\/no\/wp-json\/wp\/v2\/posts"}],"about":[{"href":"https:\/\/www.europesays.com\/no\/wp-json\/wp\/v2\/types\/post"}],"author":[{"embeddable":true,"href":"https:\/\/www.europesays.com\/no\/wp-json\/wp\/v2\/users\/2"}],"replies":[{"embeddable":true,"href":"https:\/\/www.europesays.com\/no\/wp-json\/wp\/v2\/comments?post=135717"}],"version-history":[{"count":0,"href":"https:\/\/www.europesays.com\/no\/wp-json\/wp\/v2\/posts\/135717\/revisions"}],"wp:featuredmedia":[{"embeddable":true,"href":"https:\/\/www.europesays.com\/no\/wp-json\/wp\/v2\/media\/135718"}],"wp:attachment":[{"href":"https:\/\/www.europesays.com\/no\/wp-json\/wp\/v2\/media?parent=135717"}],"wp:term":[{"taxonomy":"category","embeddable":true,"href":"https:\/\/www.europesays.com\/no\/wp-json\/wp\/v2\/categories?post=135717"},{"taxonomy":"post_tag","embeddable":true,"href":"https:\/\/www.europesays.com\/no\/wp-json\/wp\/v2\/tags?post=135717"}],"curies":[{"name":"wp","href":"https:\/\/api.w.org\/{rel}","templated":true}]}}