{"id":135719,"date":"2026-01-13T07:14:09","date_gmt":"2026-01-13T07:14:09","guid":{"rendered":"https:\/\/www.europesays.com\/no\/135719\/"},"modified":"2026-01-13T07:14:09","modified_gmt":"2026-01-13T07:14:09","slug":"vi-kan-ikke-vaere-naive","status":"publish","type":"post","link":"https:\/\/www.europesays.com\/no\/135719\/","title":{"rendered":"\u00abVi kan ikke v\u00e6re naive\u00bb"},"content":{"rendered":"\n<p class=\"_prefix_nfjwc_1 layout-padded\">Meninger<br \/>Debattinnlegg<\/p>\n<p class=\"_lead_o9xde_2 _lead_xtcu6_50 layout-component text-serif-m layout-normal text-serif-l _lead_1eue0_21 layout-component layout-normal layout-padded layout-padded\">VGs kommentator forveksler faglige r\u00e5d med moralsk pekefinger.<\/p>\n<p class=\"title-serif-xs\">Jan Christian Vestre<\/p>\n<p class=\"_description_1pdwo_10 text-sans-s\">Helse- og omsorgsminister  (Ap)<\/p>\n<p class=\"title-serif-xs\">Lene V\u00e5gslid<\/p>\n<p class=\"_description_1pdwo_10 text-sans-s\">Barne- og familieminister (Ap) <\/p>\n<p><img alt=\" Foto: Jan Haas \/ NTB\" class=\"_image_qp4xg_65 layout-component layout-wide\" data-fullscreen- data-track-element-type=\"Article image fullscreen\" data-track-name=\"ImageFullscreen\" fetchpriority=\"high\" decoding=\"sync\" loading=\"eager\" height=\"2048\" itemprop=\"image\"  src=\"https:\/\/www.europesays.com\/no\/wp-content\/uploads\/2026\/01\/1768288448_627_922795bc-552a-4f89-a687-e456766b0d4d.jpeg\"  style=\"object-position:0% 0%\" width=\"3072\"\/> Foto: Jan Haas \/ NTBMandag 12. januar kl. 13:26     <\/p>\n<p class=\"_paragraph_o9xde_4 _paragraph_xtcu6_10 layout-component text-serif-m layout-normal text-serif-m layout-padded\">De <a href=\"https:\/\/www.vg.no\/nyheter\/i\/2pGRkG\/nye-skjermraad-barn-under-12-aar-boer-unngaa-internett-uten-tilsyn\" data-track-element-type=\"Link\" data-track-id=\"link:2pGRkG\" class=\"_link_o9xde_39\" rel=\"nofollow noopener\" target=\"_blank\">nye nasjonale skjermr\u00e5dene <\/a>er noe mange sm\u00e5barnsforeldre lenge har \u00f8nsket seg, ikke et fors\u00f8k p\u00e5 \u00e5 gi noen d\u00e5rlig samvittighet, slik Astrid Meland hevder<a href=\"https:\/\/www.vg.no\/nyheter\/i\/OkpRrw\/daarlig-samvittighet-gir-ikke-bedre-foreldre\" data-track-element-type=\"Link\" data-track-id=\"link:OkpRrw\" class=\"_link_o9xde_39\" rel=\"nofollow noopener\" target=\"_blank\"> i sin kommentar.<\/a><\/p>\n<p class=\"_paragraph_o9xde_4 _paragraph_xtcu6_10 layout-component text-serif-m layout-normal text-serif-m layout-padded\">R\u00e5dene bygger p\u00e5 kunnskapsbasert praksis som kombinerer kunnskap fra forskning, kliniske erfaringer og brukerkunnskap fra barn, unge og foresatte.<\/p>\n<p class=\"_paragraph_o9xde_4 _paragraph_xtcu6_10 layout-component text-serif-m layout-normal text-serif-m layout-padded\">Det er forskning som viser at skjerm under m\u00e5ltider, under amming og flaskemating forstyrrer viktig samspill mellom barn og voksne. <\/p>\n<p class=\"_paragraph_o9xde_4 _paragraph_xtcu6_10 layout-component text-serif-m layout-normal text-serif-m layout-padded\"><strong class=\"_strong_o9xde_25\">Det er forskning som viser at mange barn ser innhold p\u00e5 nett som de opplever som skremmende eller ubehagelig. <\/strong><\/p>\n<p class=\"_paragraph_o9xde_4 _paragraph_xtcu6_10 layout-component text-serif-m layout-normal text-serif-m layout-padded\">Og det er unders\u00f8kelser som viser at to tredjedeler av barn opplever at foreldre bruker skjerm n\u00e5r de egentlig skal gj\u00f8re noe sammen, og over halvparten har f\u00f8lt seg oversett fordi foreldrene har v\u00e6rt opptatt av mobilen.<\/p>\n<p>Dette er nytt:<\/p>\n<ul class=\"_list_o9xde_3 _list_xtcu6_9 _list_16v91_9 _unordered_o9xde_106 layout-component text-serif-m layout-normal text-sans-m layout-padded\">\n<li class=\"_item_o9xde_30\">Voksne b\u00f8r begrense barn i alderen 6\u201312 \u00e5r sin tilgang til enheter med internett, og de b\u00f8r ikke ha tilgang til internett uten tilsyn og foreldrekontroll<\/li>\n<li class=\"_item_o9xde_30\">Hvis barnet m\u00e5 ha mobiltelefon, b\u00f8r voksne vurdere hvilke funksjoner som er n\u00f8dvendige<\/li>\n<li class=\"_item_o9xde_30\">Det anbefales at barn og ungdom unng\u00e5r \u00e5 bruke penger p\u00e5 kj\u00f8p i dataspill, da dette \u00f8ker risikoen for spillavhengighet<\/li>\n<li class=\"_item_o9xde_30\">Voksne b\u00f8r unng\u00e5 at det brukes skjerm under amming og flaskemating, i tillegg til m\u00e5ltider generelt.<\/li>\n<\/ul>\n<p>Vis mer<\/p>\n<p class=\"_paragraph_o9xde_4 _paragraph_xtcu6_10 layout-component text-serif-m layout-normal text-serif-m layout-padded\">Vi har forst\u00e5else for at det kan v\u00e6re vanskelig \u00e5 f\u00f8lge <a href=\"https:\/\/www.vg.no\/nyheter\/i\/2pGRkG\/nye-skjermraad-barn-under-12-aar-boer-unngaa-internett-uten-tilsyn\" data-track-element-type=\"Link\" data-track-id=\"link:2pGRkG\" class=\"_link_o9xde_39\" rel=\"nofollow noopener\" target=\"_blank\">skjermr\u00e5dene<\/a> til punkt og prikke. Det er heller ikke poenget. <\/p>\n<p class=\"_paragraph_o9xde_4 _paragraph_xtcu6_10 layout-component text-serif-m layout-normal text-serif-m layout-padded\"><a href=\"https:\/\/www.vg.no\/tag\/helsedirektoratet?utm_source=vg-article&amp;utm_medium=auto-tagger&amp;utm_campaign=n1A15Q\" class=\"_link_o9xde_39\" rel=\"nofollow noopener\" target=\"_blank\">Helsedirektoratet<\/a> understreker at dette er faglige r\u00e5d som m\u00e5 tilpasses individuelle forhold og kontekst i hver familie. <\/p>\n<p class=\"_paragraph_o9xde_4 _paragraph_xtcu6_10 layout-component text-serif-m layout-normal text-serif-m layout-padded\">Samtidig kan ikke helsemyndighetene late som at det \u00e5 lese tegneserier mens man spiser er det samme som \u00e5 ha ubegrenset tilgang til internett n\u00e5r man er barn. <\/p>\n<p class=\"_paragraph_o9xde_4 _paragraph_xtcu6_10 layout-component text-serif-m layout-normal text-serif-m layout-padded\"><strong class=\"_strong_o9xde_25\">Vi kan ikke v\u00e6re naive.<\/strong><\/p>\n<p><img alt=\"Foto: Fred Greaves \/ Reuters \/ NTB\" class=\"_image_qp4xg_65 layout-component layout-normal\" data-fullscreen- data-track-element-type=\"Article image fullscreen\" data-track-name=\"ImageFullscreen\" decoding=\"async\" loading=\"lazy\" height=\"3731\" itemprop=\"image\"  src=\"https:\/\/www.europesays.com\/no\/wp-content\/uploads\/2026\/01\/1768288448_298_2d161dbc-8920-4ee6-8363-446f9cc21de2.jpeg\"  style=\"object-position:0% 0%\" width=\"5425\"\/>Foto: Fred Greaves \/ Reuters \/ NTB<\/p>\n<p class=\"_paragraph_o9xde_4 _paragraph_xtcu6_10 layout-component text-serif-m layout-normal text-serif-m layout-padded\">Arbeiderparti-regjeringen vil sikre \u00e5penhet om algoritmer p\u00e5 digitale plattformer, og prioriterer arbeidet med \u00e5 regulere tekgigantene gjennom ny lov om digitale tjenester. <\/p>\n<p class=\"_paragraph_o9xde_4 _paragraph_xtcu6_10 layout-component text-serif-m layout-normal text-serif-m layout-padded\">Vi har innf\u00f8rt strengere sanksjoner for brudd p\u00e5 god markedsf\u00f8ringsskikk overfor barn, og vi samarbeider med andre land og EU om \u00e5 utvikle regelverket ytterligere for \u00e5 styrke barns forbrukervern. <\/p>\n<p class=\"_paragraph_o9xde_4 _paragraph_xtcu6_10 layout-component text-serif-m layout-normal text-serif-m layout-padded\">Dette kommer i tillegg til v\u00e5rt arbeid med \u00e5 innf\u00f8re en absolutt aldersgrense i sosiale medier.<\/p>\n<p><img alt=\"Helse- og omsorgsminister Jan Christian Vestre og barne- og familieminister Lene V\u00e5gslid.   Foto: Javad Parsa \/ NTB\" class=\"_image_qp4xg_65 layout-component layout-normal\" data-fullscreen- data-track-element-type=\"Article image fullscreen\" data-track-name=\"ImageFullscreen\" decoding=\"async\" loading=\"lazy\" height=\"4021\" itemprop=\"image\"  src=\"https:\/\/www.europesays.com\/no\/wp-content\/uploads\/2026\/01\/ee0b1641-5bd7-4db5-839c-b0e44c024545.jpeg\"  style=\"object-position:0% 0%\" width=\"6029\"\/>Helse- og omsorgsminister Jan Christian Vestre og barne- og familieminister Lene V\u00e5gslid.   Foto: Javad Parsa \/ NTB<\/p>\n<p class=\"_paragraph_o9xde_4 _paragraph_xtcu6_10 layout-component text-serif-m layout-normal text-serif-m layout-padded\">Skjermr\u00e5dene vi har lagt frem har v\u00e6rt gjennom flere h\u00f8ringsrunder der innspillene har v\u00e6rt mange. <\/p>\n<p class=\"_paragraph_o9xde_4 _paragraph_xtcu6_10 layout-component text-serif-m layout-normal text-serif-m layout-padded\">B\u00e5de gjennom disse h\u00f8ringsinnspillene og i m\u00f8ter med regjeringen har budskapet fra sm\u00e5barnsforeldre v\u00e6rt klart: de vil ha tydelige anbefalinger fra myndighetene n\u00e5r det kommer til skjerm. <\/p>\n<p class=\"_paragraph_o9xde_4 _paragraph_xtcu6_10 layout-component text-serif-m layout-normal text-serif-m layout-padded\"><strong class=\"_strong_o9xde_25\">De deler v\u00e5r bekymring om konsekvensene skjermbruk har p\u00e5 barna v\u00e5re.<\/strong><\/p>\n<p class=\"_paragraph_o9xde_4 _paragraph_xtcu6_10 layout-component text-serif-m layout-normal text-serif-m layout-padded\">Skjermr\u00e5dene oppdateres ogs\u00e5 som f\u00f8lge av ny kunnskap og innsikt. <\/p>\n<p class=\"_paragraph_o9xde_4 _paragraph_xtcu6_10 layout-component text-serif-m layout-normal text-serif-m layout-padded\">Siden skjermr\u00e5dene f\u00f8rst ble lansert i juni har det kommet nye studier om bruken av smarttelefon. <\/p>\n<p class=\"_paragraph_o9xde_4 _paragraph_xtcu6_10 layout-component text-serif-m layout-normal text-serif-m layout-padded\">P\u00e5 bakgrunn av denne kunnskapen, har r\u00e5dene blitt oppdatert. Foreldre anbefales \u00e5 begrense barns tilgang til digitale enheter med insternett. <\/p>\n<p class=\"_paragraph_o9xde_4 _paragraph_xtcu6_10 layout-component text-serif-m layout-normal layout-padded\"><strong class=\"_strong_o9xde_25\">Les ogs\u00e5:<\/strong> <a href=\"https:\/\/www.vg.no\/i\/2pGRkG\" data-track-element-type=\"Link\" data-track-id=\"link:2pGRkG\" class=\"_link_o9xde_39\" rel=\"nofollow noopener\" target=\"_blank\">Nye skjermr\u00e5d: Barn under 13 \u00e5r b\u00f8r unng\u00e5 internett uten tilsyn<\/a><\/p>\n<p class=\"_paragraph_o9xde_4 _paragraph_xtcu6_10 layout-component text-serif-m layout-normal text-serif-m layout-padded\">Bekymringen rundt smarttelefon er ikke ny, men det er f\u00f8rst n\u00e5r forskningen er p\u00e5 plass at den kan im\u00f8tekommes i form av r\u00e5d fra helsemyndighetene.<\/p>\n<p class=\"_paragraph_o9xde_4 _paragraph_xtcu6_10 layout-component text-serif-m layout-normal text-serif-m layout-padded\"><strong class=\"_strong_o9xde_25\">R\u00e5dene er utarbeidet p\u00e5 faglig grunnlag. <\/strong><\/p>\n<p class=\"_paragraph_o9xde_4 _paragraph_xtcu6_10 layout-component text-serif-m layout-normal text-serif-m layout-padded\">Det ligger ikke en politisk pekefinger eller moralisme til grunn, men heller en f\u00f8re-var holdning og et \u00f8nske om \u00e5 sette barn og unges trygghet i den digitale hverdagen f\u00f8rst. <\/p>\n<p class=\"_paragraph_o9xde_4 _paragraph_xtcu6_10 layout-component text-serif-m layout-normal text-serif-m layout-padded\">Derfor er skjermr\u00e5d, som et verkt\u00f8y til foreldrene, ett av mange tiltak regjeringen gj\u00f8r for \u00e5 sikre barna en bedre skjermbalanse.<\/p>\n<p>   Dette er en kronikk. Kronikken gir uttrykk for skribentens holdning. Du kan sende inn kronikker og debattinnlegg til <a class=\"_link_jv5ak_10\" href=\"https:\/\/www.vg.no\/nyheter\/i\/n1A15Q\/mailto:debatt@vg.no\" rel=\"nofollow noopener\" target=\"_blank\">debatt@vg.no<\/a>. <\/p>\n","protected":false},"excerpt":{"rendered":"MeningerDebattinnlegg VGs kommentator forveksler faglige r\u00e5d med moralsk pekefinger. Jan Christian Vestre Helse- og omsorgsminister (Ap) Lene V\u00e5gslid&hellip;\n","protected":false},"author":2,"featured_media":132048,"comment_status":"","ping_status":"","sticky":false,"template":"","format":"standard","meta":{"footnotes":""},"categories":[5],"tags":[1513,1301,20,21,24,25,15,8332,19,1511,22,23,7261,17,18,6720,13,30,28,29,14,16,433,5351,26,27,103],"class_list":{"0":"post-135719","1":"post","2":"type-post","3":"status-publish","4":"format-standard","5":"has-post-thumbnail","7":"category-overskrifter","8":"tag-arbeiderpartiet-ap","9":"tag-barn","10":"tag-breaking-news","11":"tag-breakingnews","12":"tag-featured-news","13":"tag-featurednews","14":"tag-headlines","15":"tag-helsedirektoratet","16":"tag-hovedoppslag","17":"tag-jan-christian-vestre","18":"tag-latest-news","19":"tag-latestnews","20":"tag-lene-vagslid","21":"tag-main-news","22":"tag-mainnews","23":"tag-mobiltelefon","24":"tag-news","25":"tag-no","26":"tag-norge","27":"tag-norway","28":"tag-nyheter","29":"tag-overskrifter","30":"tag-skjermtid","31":"tag-smarttelefon","32":"tag-top-stories","33":"tag-topstories","34":"tag-vgmeninger"},"share_on_mastodon":{"url":"https:\/\/pubeurope.com\/@no\/115886559249636063","error":""},"_links":{"self":[{"href":"https:\/\/www.europesays.com\/no\/wp-json\/wp\/v2\/posts\/135719","targetHints":{"allow":["GET"]}}],"collection":[{"href":"https:\/\/www.europesays.com\/no\/wp-json\/wp\/v2\/posts"}],"about":[{"href":"https:\/\/www.europesays.com\/no\/wp-json\/wp\/v2\/types\/post"}],"author":[{"embeddable":true,"href":"https:\/\/www.europesays.com\/no\/wp-json\/wp\/v2\/users\/2"}],"replies":[{"embeddable":true,"href":"https:\/\/www.europesays.com\/no\/wp-json\/wp\/v2\/comments?post=135719"}],"version-history":[{"count":0,"href":"https:\/\/www.europesays.com\/no\/wp-json\/wp\/v2\/posts\/135719\/revisions"}],"wp:featuredmedia":[{"embeddable":true,"href":"https:\/\/www.europesays.com\/no\/wp-json\/wp\/v2\/media\/132048"}],"wp:attachment":[{"href":"https:\/\/www.europesays.com\/no\/wp-json\/wp\/v2\/media?parent=135719"}],"wp:term":[{"taxonomy":"category","embeddable":true,"href":"https:\/\/www.europesays.com\/no\/wp-json\/wp\/v2\/categories?post=135719"},{"taxonomy":"post_tag","embeddable":true,"href":"https:\/\/www.europesays.com\/no\/wp-json\/wp\/v2\/tags?post=135719"}],"curies":[{"name":"wp","href":"https:\/\/api.w.org\/{rel}","templated":true}]}}