{"id":135724,"date":"2026-01-13T09:22:40","date_gmt":"2026-01-13T09:22:40","guid":{"rendered":"https:\/\/www.europesays.com\/no\/135724\/"},"modified":"2026-01-13T09:22:40","modified_gmt":"2026-01-13T09:22:40","slug":"blalys-politi-buss-med-skoleelever-blast-i-grofta","status":"publish","type":"post","link":"https:\/\/www.europesays.com\/no\/135724\/","title":{"rendered":"Bl\u00e5lys, Politi | Buss med skoleelever bl\u00e5st i gr\u00f8fta"},"content":{"rendered":"\n<p>Klokken <b>8,<\/b> mandag morgen melder politiet om en trafikkulykke p\u00e5 E10 i B\u00f8osen i Flakstad.<\/p>\n<p>\u2013 N\u00f8detatene rykker ut til en bussulykke p\u00e5 E10 ved B\u00f8osen i Flakstad. Det skal v\u00e6re snakk om en skolebuss med ungdommer i. Det er ukjent skadeomfang p\u00e5 sj\u00e5f\u00f8r og passasjerer, opplyser politiet.<\/p>\n<p>Klokken <b>08.13<\/b> melder politiet at n\u00f8detatene er framme p\u00e5 stedet.<\/p>\n<p>\u2013 Brannvesenet har startet med \u00e5 evakuere ut passasjerer og sj\u00e5f\u00f8r. Skal v\u00e6re snakk om 6\u20137 ungdommer og sj\u00e5f\u00f8r, hvor noen framst\u00e5r som lettere skadd. Ulykken framst\u00e5r ikke som alvorlig, melder politiet.<\/p>\n<p>1 til sykehus<\/p>\n<p>Klokken <b>08.22<\/b> kommer politiet med ny oppdatering.<\/p>\n<p>\u2013 6 personer involvert i ulykken. Helsepersonell er p\u00e5 stedet og f\u00e5r oversikt over skadeomfanget. Ingen skal v\u00e6re alvorlig skadet. En person er sendt p\u00e5 sykehuset for videre unders\u00f8kelser. De andre sjekkes av helsepersonell. Bussen st\u00e5r delvis i gr\u00f8fta og p\u00e5 alle fire hjul. Det er sv\u00e6rt mye vind i omr\u00e5det, melder politiet.<\/p>\n<p>En bilist som kom til stedet sier det ikke var noen tegn til panikk.<\/p>\n<p>\u2013 Bussj\u00e5f\u00f8ren sto og snakket med elevene. D\u00f8rene ligger inn mot sn\u00f8en og de kommer seg vel av den grunn ikke ut, sier han.<\/p>\n<p>Politiet opplyser at det dreier seg om en skolebuss. P\u00e5 bildene som Lofotposten har f\u00e5tt tilsendt viser at det dreier seg om rute 300, Lofotekspressen. Bussen var p\u00e5 tur \u00f8stover.<\/p>\n<p>   <img decoding=\"async\" width=\"2245\" height=\"2360\" fetchpriority=\"low\"  loading=\"lazy\"  src=\"https:\/\/www.europesays.com\/no\/wp-content\/uploads\/2026\/01\/20260112_074936%280%29+%281%29.jpg\" alt=\"\" class=\"brick-c-cFOWSL\" style=\"--brick-image-ratio: 2245 \/ 2360;\"\/><\/p>\n<p>  Mye vind og glatt<\/p>\n<p><b>Klokken 8.38 <\/b>bekrefter operasjonsleder Thomas Jarn\u00e6es Coe i Nordland politidistrikt at det er Lofotekspressen.<\/p>\n<p>\u2013 Det stemmer at det er den. Den brukes som skolebuss og alle passasjerene er skoleelever, sier Jarn\u00e6s Coe.<\/p>\n<p>\u2013 Kan du n\u00e5 bekrefte hvor mange som er sendt p\u00e5 sykehus?<\/p>\n<p>\u2013 Det er en person som er sendt p\u00e5 sykehus. Det er ikke snakk om alvorlige skader. De fem andre har p\u00e5dratt seg skrubbs\u00e5r og lettere skader og behandles av ambulansepersonellet p\u00e5 stedet.<\/p>\n<p>\u2013 Kan du si noe om forholdene?<\/p>\n<p>\u2013 Det er mye vind p\u00e5 stedet og sv\u00e6rt glatt. S\u00e5 langt s\u00e5 skyldes ulykken at bussen er blitt bl\u00e5st av veien av en vindrosse, sier operasjonslederen.<\/p>\n<p>    Vil du se neste video?<\/p>\n<p>    <a href=\"https:\/\/www.lofotposten.no\/her-gar-det-galt-for-mathias\/v\/5-29-1268210\" class=\"recommend-poster\" data-adp-clicklabel=\"video-recommend\" data-adp-clickvalue=\"poster\" rel=\"nofollow noopener\" target=\"_blank\"><br \/>\n      <img decoding=\"async\" width=\"200\" height=\"200\" loading=\"lazy\" src=\"https:\/\/www.europesays.com\/no\/wp-content\/uploads\/2026\/01\/v-i-bf19239c-9c06-4ec0-a32e-406c0f444084-1.jpg\" alt=\"\" class=\"brick-c-cFOWSL\" style=\"--brick-image-ratio: 200 \/ 200;\"\/><\/p>\n<p>Her g\u00e5r det galt for Mathias0:29<\/p>\n<p>    <\/a><\/p>\n<p>Trafikken g\u00e5r forbi i et kj\u00f8refelt. VTS melder at veien kan bli stengt p\u00e5 kort varsel.<\/p>\n<p><b>Klokken 09.36<\/b> melder politiet alle de involverte er ivaretatt.<\/p>\n<p>\u2013 Bilberger p\u00e5 vei til og entrepren\u00f8r er p\u00e5 stedet og foretar trafikkdirigering fram til bussen er berget. Politiet har avh\u00f8rt sj\u00e5f\u00f8r og vitner, og det opprettes sak p\u00e5 forholdet, opplyser operasjonsleder Thomas Jarn\u00e6s Coe.<\/p>\n<p>Klokken<b> 11.33 <\/b>er bussen berget.<\/p>\n<p>Reisnordland melder bussruten mellom Leknes og Flakstad innstilles ut dagen, men elevene fra Ramberg skole blir kj\u00f8rt hjem tidligere etter avtale med skole.<\/p>\n<p>Ulykken skjedde i samme omr\u00e5det som en utenlandsk turistbuss havna i sj\u00f8en for akkurat ett \u00e5r siden.<\/p>\n<p>  <a href=\"https:\/\/www.lofotposten.no\/5-29-1142770\" class=\"related-teaser has-image default-story-teaser article--c-eRUmMG article--c-eRUmMG-jKCPdD-design-default\" rel=\"nofollow noopener\" target=\"_blank\"><\/p>\n<p>    <img decoding=\"async\" loading=\"lazy\"  src=\"https:\/\/www.europesays.com\/no\/wp-content\/uploads\/2026\/01\/image1+%2813%29.jpeg\" alt=\"\" class=\"brick-c-cFOWSL\" style=\"\"\/><\/p>\n<p>\n            Les ogs\u00e5<\/p>\n<p>              Turbuss kj\u00f8rte av E10: \u2013 Ligger delvis i havet\n        <\/p>\n<p>  <\/a><\/p>\n<p>  <a href=\"https:\/\/www.lofotposten.no\/5-29-1259082\" class=\"related-teaser has-image default-story-teaser article--c-eRUmMG article--c-eRUmMG-jKCPdD-design-default\" rel=\"nofollow noopener\" target=\"_blank\"><\/p>\n<p>    <img decoding=\"async\" loading=\"lazy\"  src=\"https:\/\/www.europesays.com\/no\/wp-content\/uploads\/2026\/01\/5_29_1142788+Bussulykke+i+Kilanpollen.bin.jpeg\" alt=\"\" class=\"brick-c-cFOWSL\" style=\"\"\/><\/p>\n<p>\n            Les ogs\u00e5<\/p>\n<p>              Vindkast feide buss med 29 av E10 \u2013 n\u00e5 er svingen sikret for framtida\n        <\/p>\n<p>  <\/a><\/p>\n<p>  <a href=\"https:\/\/www.lofotposten.no\/5-29-1263835\" class=\"related-teaser has-image default-opinion-teaser article--c-eRUmMG article--c-eRUmMG-jKCPdD-design-default\" rel=\"nofollow noopener\" target=\"_blank\"><\/p>\n<p>    <img decoding=\"async\" loading=\"lazy\"  src=\"https:\/\/www.europesays.com\/no\/wp-content\/uploads\/2026\/01\/berging+av+buss+etter+bussulykke+e10+lofast+%2827%29.jpg\" alt=\"\" class=\"brick-c-cFOWSL\" style=\"\"\/><\/p>\n<p>\n            Les ogs\u00e5<\/p>\n<p>              Ett \u00e5r siden bussulykka: \u00ab&#8230; s\u00e5 ble det stille. Igjen\u00bb\n        <\/p>\n<p>  <\/a><\/p>\n","protected":false},"excerpt":{"rendered":"Klokken 8, mandag morgen melder politiet om en trafikkulykke p\u00e5 E10 i B\u00f8osen i Flakstad. \u2013 N\u00f8detatene rykker&hellip;\n","protected":false},"author":2,"featured_media":135725,"comment_status":"","ping_status":"","sticky":false,"template":"","format":"standard","meta":{"footnotes":""},"categories":[10],"tags":[36,2840,20,21,24,25,1186,15,22,23,13,30,28,29,14,16,254,1510,26,27],"class_list":{"0":"post-135724","1":"post","2":"type-post","3":"status-publish","4":"format-standard","5":"has-post-thumbnail","7":"category-norge","8":"tag-art","9":"tag-blalys","10":"tag-breaking-news","11":"tag-breakingnews","12":"tag-featured-news","13":"tag-featurednews","14":"tag-flakstad","15":"tag-headlines","16":"tag-latest-news","17":"tag-latestnews","18":"tag-news","19":"tag-no","20":"tag-norge","21":"tag-norway","22":"tag-nyheter","23":"tag-overskrifter","24":"tag-politi","25":"tag-story","26":"tag-top-stories","27":"tag-topstories"},"share_on_mastodon":{"url":"https:\/\/pubeurope.com\/@no\/115887062618333579","error":""},"_links":{"self":[{"href":"https:\/\/www.europesays.com\/no\/wp-json\/wp\/v2\/posts\/135724","targetHints":{"allow":["GET"]}}],"collection":[{"href":"https:\/\/www.europesays.com\/no\/wp-json\/wp\/v2\/posts"}],"about":[{"href":"https:\/\/www.europesays.com\/no\/wp-json\/wp\/v2\/types\/post"}],"author":[{"embeddable":true,"href":"https:\/\/www.europesays.com\/no\/wp-json\/wp\/v2\/users\/2"}],"replies":[{"embeddable":true,"href":"https:\/\/www.europesays.com\/no\/wp-json\/wp\/v2\/comments?post=135724"}],"version-history":[{"count":0,"href":"https:\/\/www.europesays.com\/no\/wp-json\/wp\/v2\/posts\/135724\/revisions"}],"wp:featuredmedia":[{"embeddable":true,"href":"https:\/\/www.europesays.com\/no\/wp-json\/wp\/v2\/media\/135725"}],"wp:attachment":[{"href":"https:\/\/www.europesays.com\/no\/wp-json\/wp\/v2\/media?parent=135724"}],"wp:term":[{"taxonomy":"category","embeddable":true,"href":"https:\/\/www.europesays.com\/no\/wp-json\/wp\/v2\/categories?post=135724"},{"taxonomy":"post_tag","embeddable":true,"href":"https:\/\/www.europesays.com\/no\/wp-json\/wp\/v2\/tags?post=135724"}],"curies":[{"name":"wp","href":"https:\/\/api.w.org\/{rel}","templated":true}]}}