{"id":135726,"date":"2026-01-13T09:29:50","date_gmt":"2026-01-13T09:29:50","guid":{"rendered":"https:\/\/www.europesays.com\/no\/135726\/"},"modified":"2026-01-13T09:29:50","modified_gmt":"2026-01-13T09:29:50","slug":"profil-kan-bli-kasta-ut-av-partiet-oppsiktsvekkande-smp-no","status":"publish","type":"post","link":"https:\/\/www.europesays.com\/no\/135726\/","title":{"rendered":"Profil kan bli kasta ut av partiet: \u2013 Oppsiktsvekkande &#8211; smp.no"},"content":{"rendered":"<ol>\n<li><a href=\"https:\/\/news.google.com\/rss\/articles\/CBMiekFVX3lxTFBWZjE1OUdNY1BOTGpxYUEzekhydkk4Q0xDWmVHazJiSEUzVlpIa2VVM3lOT2NHMTJWNWFrYy04YURvWDh2WkVxUE1CeUdXbURPZmZJYTNrTDBFREpTTVI0NDRPNVllVV9fV0IyM0VDWTZLSGxSaVFvbFFB?oc=5\" target=\"_blank\" rel=\"nofollow noopener\">Profil kan bli kasta ut av partiet: \u2013 Oppsiktsvekkande<\/a>&nbsp;&nbsp;smp.no<\/li>\n<li><a href=\"https:\/\/news.google.com\/rss\/articles\/CBMid0FVX3lxTE9GcG15MnlNWHpNNkV5Rk5QZXdsdmEwS3MyQmtKVEg4amQ5UVowZk05Znc4TXVXRFppVFVoWUtkVXVhWFhQazdPQ0xxWjBueld0dnM3WndYVUdSdGE4MG4tZW52TG9GZF9fWG1uZGUwNURLWVNjTndR?oc=5\" target=\"_blank\" rel=\"nofollow noopener\">Veit ikkje om dei er suspenderte<\/a>&nbsp;&nbsp;smp.no<\/li>\n<li><a href=\"https:\/\/news.google.com\/rss\/articles\/CBMiigFBVV95cUxOcFdVa0tmVVlwSEdZamFQWWZBaWMtRUtpVVp0NnJTXzladG9jQm9xenhLRTFZd21uWHVrWGRGLVFvejdJSmhHUkR1VFlDNUVub29IYWtxaW5JTXhNaEcwVU84S2FhUVBxSHM5eUFrcnh2SHRKZi1Ta0p2T3BXM1NsY3NXWmw1TEZEZ0E?oc=5\" target=\"_blank\" rel=\"nofollow noopener\">Siste om suspensjon av ex-ordf\u00f8rar<\/a>&nbsp;&nbsp;bygdebladet.com<\/li>\n<li><a href=\"https:\/\/news.google.com\/rss\/articles\/CBMiqgFBVV95cUxONGt0QnVnNjVoS3NFSGhrQnNERzkxTFFMbll3VkJqM3lZaHk0VHRxdHdpN0ZNS0dyOUVKZzZsWHJwRHhCRnZuTmk2T1VndV82VlJaQjZ4S0ZiWXo2ekYxaTc4QnVSOEJNYnJ0bVIyZGhwX0FaQW5YRXFTWXA4cWpJLUc0azd5ZmVDWV9hZnBZb2NmNGRHVGVmdGJtVjRGVVVqWXg4MV9Cc1BKUQ?oc=5\" target=\"_blank\" rel=\"nofollow noopener\">Difor vil H\u00f8gre kaste eks-ordf\u00f8raren: Partiet vert skulda for \u00e5 budsjettere med monopolpengar<\/a>&nbsp;&nbsp;Haramsnytt<\/li>\n<li><a href=\"https:\/\/news.google.com\/rss\/articles\/CBMidEFVX3lxTE1xS0VRVEMzWTdPb05ybXV5MlFrMV9HQnJLM2xzZ2V2OHc2cG1qdWdONS1PT0ZfT1RIUnhGQVVUWWt1cmJja01LbWJocmZOeHlCRFlOSnV6X3RaNHVramlkbEJ1bmx3ZTVybHVvVC03ZjBOSms0?oc=5\" target=\"_blank\" rel=\"nofollow noopener\">Ex-ordf\u00f8rar kan bli kasta ut fr\u00e5 partiet<\/a>&nbsp;&nbsp;bygdebladet.com<\/li>\n<\/ol>\n","protected":false},"excerpt":{"rendered":"Profil kan bli kasta ut av partiet: \u2013 Oppsiktsvekkande&nbsp;&nbsp;smp.no Veit ikkje om dei er suspenderte&nbsp;&nbsp;smp.no Siste om suspensjon&hellip;\n","protected":false},"author":2,"featured_media":135727,"comment_status":"","ping_status":"","sticky":false,"template":"","format":"standard","meta":{"footnotes":""},"categories":[10],"tags":[20,21,24,25,15,22,23,13,30,28,29,14,16,26,27],"class_list":{"0":"post-135726","1":"post","2":"type-post","3":"status-publish","4":"format-standard","5":"has-post-thumbnail","7":"category-norge","8":"tag-breaking-news","9":"tag-breakingnews","10":"tag-featured-news","11":"tag-featurednews","12":"tag-headlines","13":"tag-latest-news","14":"tag-latestnews","15":"tag-news","16":"tag-no","17":"tag-norge","18":"tag-norway","19":"tag-nyheter","20":"tag-overskrifter","21":"tag-top-stories","22":"tag-topstories"},"share_on_mastodon":{"url":"https:\/\/pubeurope.com\/@no\/115887094007688952","error":""},"_links":{"self":[{"href":"https:\/\/www.europesays.com\/no\/wp-json\/wp\/v2\/posts\/135726","targetHints":{"allow":["GET"]}}],"collection":[{"href":"https:\/\/www.europesays.com\/no\/wp-json\/wp\/v2\/posts"}],"about":[{"href":"https:\/\/www.europesays.com\/no\/wp-json\/wp\/v2\/types\/post"}],"author":[{"embeddable":true,"href":"https:\/\/www.europesays.com\/no\/wp-json\/wp\/v2\/users\/2"}],"replies":[{"embeddable":true,"href":"https:\/\/www.europesays.com\/no\/wp-json\/wp\/v2\/comments?post=135726"}],"version-history":[{"count":0,"href":"https:\/\/www.europesays.com\/no\/wp-json\/wp\/v2\/posts\/135726\/revisions"}],"wp:featuredmedia":[{"embeddable":true,"href":"https:\/\/www.europesays.com\/no\/wp-json\/wp\/v2\/media\/135727"}],"wp:attachment":[{"href":"https:\/\/www.europesays.com\/no\/wp-json\/wp\/v2\/media?parent=135726"}],"wp:term":[{"taxonomy":"category","embeddable":true,"href":"https:\/\/www.europesays.com\/no\/wp-json\/wp\/v2\/categories?post=135726"},{"taxonomy":"post_tag","embeddable":true,"href":"https:\/\/www.europesays.com\/no\/wp-json\/wp\/v2\/tags?post=135726"}],"curies":[{"name":"wp","href":"https:\/\/api.w.org\/{rel}","templated":true}]}}