{"id":135728,"date":"2026-01-13T09:36:48","date_gmt":"2026-01-13T09:36:48","guid":{"rendered":"https:\/\/www.europesays.com\/no\/135728\/"},"modified":"2026-01-13T09:36:48","modified_gmt":"2026-01-13T09:36:48","slug":"forste-gang-5","status":"publish","type":"post","link":"https:\/\/www.europesays.com\/no\/135728\/","title":{"rendered":"F\u00f8rste gang"},"content":{"rendered":"<p class=\"kicker \" style=\"\">Michael Carrick<\/p>\n<p>    Michael Carrick (44)\u00a0blir midlertidig manager i Manchester United, if\u00f8lge The Athletic.<\/p>\n<p>\n    NY RAPPORT: Michael Carrick blir Manchester Uniteds nye midlertidige manager, melder The Athletic. Foto: PA Photos\/NTB\n  <\/p>\n<p>MANCHESTER\/OSLO (Dagbladet): Mandag 5. januar ble det bekreftet at Ruben Amorim var <a href=\"https:\/\/www.dagbladet.no\/sport\/hvor-skal-dere-hjem\/84060360\" rel=\"nofollow noopener\" target=\"_blank\">ferdig <\/a>som Manchester United-manager.<\/p>\n<p>Etter det har ryktene svirret og Ole Gunnar Solskj\u00e6r har v\u00e6rt en av favorittene til \u00e5 bli Manchester Uniteds midlertidige manager ut sesongen.<\/p>\n<p>N\u00e5 melder <a href=\"https:\/\/www.nytimes.com\/athletic\/6944757\/2026\/01\/13\/manchester-united-michael-carrick-interim-manager\/\" rel=\"nofollow noopener\" target=\"_blank\">The Athletic <\/a>at tidligere United-spiller Michael Carrick blir midlertidig manager. Det samme melder BBC-journalist\u00a0Simon Stone\u00a0p\u00e5 <a href=\"https:\/\/x.com\/sistoney67\/status\/2010997725928501357\" rel=\"nofollow\">X<\/a>.<\/p>\n<p class=\"font-weight-bold m-font-weight-bold\" data-lab-font_weight=\"font-weight-bold\">&#8211; Manchester United har kommet til enighet om \u00e5 utnevne Carrick som midlertidig hovedtrener ut sesongen. Avtalen, som inkluderer det foresl\u00e5tte st\u00f8tteapparatet til den tidligere midtbanespilleren, er avhengig av at kontraktsdetaljene kommer p\u00e5 plass, og en offisiell kunngj\u00f8ring ventes snart, skriver nettstedet.<\/p>\n<p>&#8211; Hvis alt g\u00e5r etter planen, vil Carricks f\u00f8rste kamp som sjef v\u00e6re mot rivalene Manchester City p\u00e5 l\u00f8rdag p\u00e5 Old Trafford, heter det videre.<\/p>\n<p> Carrick ledet Manchester United som midlertidig manager i tre kamper etter at Solskj\u00e6r ble sparket h\u00f8sten 2021, og vant to kamper og spilte en uavgjort. <\/p>\n<p>Den tidligere midtbanespilleren trente Middlesbrough fra 2022 til 2025. Som aktiv spiller fikk han blant annet 464 kamper for Manchester United og 34 landskamper for England.<\/p>\n<p>Etter 21 kamper ligger United p\u00e5 en sjuendeplass i Premier League:<\/p>\n","protected":false},"excerpt":{"rendered":"Michael Carrick Michael Carrick (44)\u00a0blir midlertidig manager i Manchester United, if\u00f8lge The Athletic. NY RAPPORT: Michael Carrick blir&hellip;\n","protected":false},"author":2,"featured_media":135729,"comment_status":"","ping_status":"","sticky":false,"template":"","format":"standard","meta":{"footnotes":""},"categories":[10],"tags":[20,21,24,25,15,479,22,23,13,30,28,29,14,16,291,26,27],"class_list":{"0":"post-135728","1":"post","2":"type-post","3":"status-publish","4":"format-standard","5":"has-post-thumbnail","7":"category-norge","8":"tag-breaking-news","9":"tag-breakingnews","10":"tag-featured-news","11":"tag-featurednews","12":"tag-headlines","13":"tag-kjendis","14":"tag-latest-news","15":"tag-latestnews","16":"tag-news","17":"tag-no","18":"tag-norge","19":"tag-norway","20":"tag-nyheter","21":"tag-overskrifter","22":"tag-prinsesse-ingrid-alexandra","23":"tag-top-stories","24":"tag-topstories"},"share_on_mastodon":{"url":"https:\/\/pubeurope.com\/@no\/115887121547094326","error":""},"_links":{"self":[{"href":"https:\/\/www.europesays.com\/no\/wp-json\/wp\/v2\/posts\/135728","targetHints":{"allow":["GET"]}}],"collection":[{"href":"https:\/\/www.europesays.com\/no\/wp-json\/wp\/v2\/posts"}],"about":[{"href":"https:\/\/www.europesays.com\/no\/wp-json\/wp\/v2\/types\/post"}],"author":[{"embeddable":true,"href":"https:\/\/www.europesays.com\/no\/wp-json\/wp\/v2\/users\/2"}],"replies":[{"embeddable":true,"href":"https:\/\/www.europesays.com\/no\/wp-json\/wp\/v2\/comments?post=135728"}],"version-history":[{"count":0,"href":"https:\/\/www.europesays.com\/no\/wp-json\/wp\/v2\/posts\/135728\/revisions"}],"wp:featuredmedia":[{"embeddable":true,"href":"https:\/\/www.europesays.com\/no\/wp-json\/wp\/v2\/media\/135729"}],"wp:attachment":[{"href":"https:\/\/www.europesays.com\/no\/wp-json\/wp\/v2\/media?parent=135728"}],"wp:term":[{"taxonomy":"category","embeddable":true,"href":"https:\/\/www.europesays.com\/no\/wp-json\/wp\/v2\/categories?post=135728"},{"taxonomy":"post_tag","embeddable":true,"href":"https:\/\/www.europesays.com\/no\/wp-json\/wp\/v2\/tags?post=135728"}],"curies":[{"name":"wp","href":"https:\/\/api.w.org\/{rel}","templated":true}]}}