{"id":135730,"date":"2026-01-13T09:43:49","date_gmt":"2026-01-13T09:43:49","guid":{"rendered":"https:\/\/www.europesays.com\/no\/135730\/"},"modified":"2026-01-13T09:43:49","modified_gmt":"2026-01-13T09:43:49","slug":"finn-bjorn-tonder-debatt-finn-bjorn-tonder-ergrer-seg-over-matvareprisene-politikerne-vare-er-noen-puddinger","status":"publish","type":"post","link":"https:\/\/www.europesays.com\/no\/135730\/","title":{"rendered":"Finn Bj\u00f8rn T\u00f8nder, Debatt | Finn Bj\u00f8rn T\u00f8nder ergrer seg over matvareprisene: \u2013 Politikerne v\u00e5re er noen puddinger!"},"content":{"rendered":"\n<p><b>For det er <\/b>lurt vi blir. Stort sett av familiene Johannson og Reitan. De bak NorgesGruppen og Rema 1000.<\/p>\n<p>Til sammen er de to familiene gode for <a href=\"https:\/\/roedt.no\/blogg\/vi-er-ikke-sinte-nok\" rel=\"Follow nofollow noopener\" target=\"_blank\">136 milliarder kroner, en \u00f8kning p\u00e5 12 milliarder bare det siste \u00e5ret<\/a>. Og nesten alt har de tjent p\u00e5 at vi s\u00e5kalte vanlige folk betaler overpris p\u00e5 dagligvarer.<\/p>\n<p>De har enkelt og greit utnyttet dyrtiden. Sagt at alt er blitt dyrere og at derfor m\u00e5 matvareprisene ogs\u00e5 g\u00e5 opp til stadighet. Dessuten at vi ser det samme over hele Europa. Men det er ikke sant.<\/p>\n<p><b>Utnytterfamiliene i de <\/b>store dagligvarekjedene i Norge presser prisene ekstra opp fordi de vet at mange nordmenn har r\u00e5d til \u00e5 betale. Dessuten at vi er avhengige av mat for \u00e5 leve.<\/p>\n<p>I tillegg har vi nesten ingen valg. Vi m\u00e5 handle hos de f\u00e5 som styrer dagligvaremarkedet. Vi kan selvsagt boikotte dem, og bruke mye tid p\u00e5 \u00e5 finne en liten butikk som ikke er styrt av en kjede. Men hvor enkelt er det i en travel hverdag?<\/p>\n<p>Det vet familiene Johannson og Reitan, og s\u00e5 fortsetter de \u00e5 sko seg p\u00e5 dumme nordmenn og dumme politikere.<\/p>\n<p>Regjeringsmedlemmer har sagt at de f\u00f8lger med og at de stadig har hatt m\u00f8ter med bransjen. Men har det skjedd noe? Ikke en dritt. Prisene bare fortsetter \u00e5 g\u00e5 opp. <a href=\"https:\/\/www.tv2.no\/nyheter\/innenriks\/matvarebaronene-med-kraftig-inntektshopp\/18344069\/\" rel=\"Follow nofollow noopener\" target=\"_blank\">6,2 prosent bare det siste \u00e5ret<\/a>, noe som er nesten dobbelt s\u00e5 mye som p\u00e5 andre varer.<\/p>\n<p>   <img decoding=\"async\" width=\"4000\" height=\"2667\" fetchpriority=\"low\"  loading=\"lazy\"  src=\"https:\/\/www.europesays.com\/no\/wp-content\/uploads\/2026\/01\/collage_export_9B019A18-9F49-4AD4-B84F-59EBEA6BAA0C.JPG\" alt=\"\" class=\"brick-c-cFOWSL\" style=\"--brick-image-ratio: 4000 \/ 2667;\"\/><\/p>\n<p>      Johan Johannson og Ole Robert Reitan.<br \/>\n      Foto: Berit Roald \/ NTB &amp; Heiko Junge \/ NTB\n    <\/p>\n<p><b>Men enda verre<\/b>: <a href=\"https:\/\/www.tv2.no\/nyheter\/innenriks\/prisekspert-raser-helt-vilt\/18041687\/\" rel=\"Follow nofollow noopener\" target=\"_blank\">Siden 2021 har matvareprisene \u00f8kt med nesten 40 prosent.<\/a> Det er mye. Veldig mye! Og det har skjedd uten at vi som kj\u00f8per varene, og de som styrer landet, har klart \u00e5 foreta seg noe som helst overfor gribbene som utnytter oss.<\/p>\n<p>De bryr seg ikke en gang om at mange ikke har r\u00e5d til middag alle dagene i uken.<\/p>\n<p>Det er faktisk veldig lite vi forbrukere kan gj\u00f8re for \u00e5 stoppe denne sinnssyke prisgaloppen og egotrippen til mangemilliard\u00e6rene. Vi m\u00e5 jo ha mat. Og vi er dessverre ikke et s\u00e5nt folk som g\u00e5r for mye ut i gatene og protesterer, slik for eksempel franskmennene gj\u00f8r.<\/p>\n<p>Jeg er ogs\u00e5 usikker p\u00e5 om det hadde hatt noen virkning p\u00e5 Reitans og Johannsons om tusenvis av nordmenn hadde protestert mot dem. Det eneste de er redde for er at inntjeningen deres skal minke.<\/p>\n<p>Det er det politikerne som m\u00e5 gj\u00f8re noe med. Som m\u00e5 f\u00e5 til \u00f8kt konkurranse mellom flere som selger mat.<\/p>\n<p>Gahr St\u00f8re &amp; Co. er ikke dumme. De vet hva som m\u00e5 til. Men selv om de bekrefter at de ikke liker prisutviklingen, f\u00e5r matvareutbytterne gj\u00f8re som de vil.<\/p>\n<p>   <img decoding=\"async\" width=\"8072\" height=\"5381\" fetchpriority=\"low\"  loading=\"lazy\"  src=\"https:\/\/www.europesays.com\/no\/wp-content\/uploads\/2026\/01\/NTB_ClM-xKYgrA8.jpeg\" alt=\"Oslo 20240116. &#10;Hyller med meieriprodukter p\u00e5 Coop prix p\u00e5 Oslo S.&#10;Foto: Rodrigo Freitas \/ NTB\" class=\"brick-c-cFOWSL\" style=\"--brick-image-ratio: 8072 \/ 5381;\"\/><\/p>\n<p>      Siden 2021 har matvareprisene \u00f8kt med nesten 40 prosent.<br \/>\n      Foto: Rodrigo Freitas \/ NTB\n    <\/p>\n<p><b>S\u00e5 langt har <\/b>jeg bare sett et klokt utspill fra politisk hold om \u00e5 f\u00e5 bukt med problemet: R\u00f8dt har signalisert et supplement til de store kjedene. Rett og slett offentlige dagligvarebutikker, som holder prisene nede p\u00e5 et akseptabelt niv\u00e5, og som derfor ogs\u00e5 tvinger Rema 1000 og de andre til \u00e5 justere prisene ned.<\/p>\n<p>Id\u00e9en har trolig partiet fra New York. Mange sier at det var nettopp et slikt forslag som gjorde Zohran Mamdani til borgermester i New York nylig. Han Trump kalte for kommunist, men senere likte da han fikk m\u00f8te ham.<\/p>\n<p>Velgerne i New York var m\u00f8kk lei av at matvareprisene stadig gikk opp. Ja, faktisk s\u00e5 mye at pensjonister m\u00e5tte ta seg jobber for \u00e5 f\u00e5 r\u00e5d til mat p\u00e5 bordet.<\/p>\n<p>Derfor str\u00f8mmet de til valglokalene og stemte p\u00e5 noe s\u00e5 uvanlig som en sosialist i det politiske landskapet i USA. Og Mamdani vant trolig borgermestervalget p\u00e5 det. Til Republikanernes store skuffelse.<\/p>\n<p>Kan noe tilsvarende skje i Norge? Kan vi kanskje f\u00e5 kommunale dagligvarebutikker i Bergen? Neppe under det h\u00f8yrestyrte byr\u00e5det vi n\u00e5 har. Men det er ikke s\u00e5 lenge til neste kommunevalg!<\/p>\n<p>   <img decoding=\"async\" width=\"3634\" height=\"2430\" fetchpriority=\"low\"  loading=\"lazy\"  src=\"https:\/\/www.europesays.com\/no\/wp-content\/uploads\/2026\/01\/NTB_AbNdl922q88.jpeg\" alt=\"New York Mayor Zohran Mamdani speaks during a news conference, Wednesday, Jan. 7, 2025, in the Queens neighborhood of New York. (AP Photo\/Yuki Iwamura)\" class=\"brick-c-cFOWSL\" style=\"--brick-image-ratio: 3634 \/ 2430;\"\/><\/p>\n<p>      Trenger Norge en egen Zohran Mamdani?<br \/>\n      Foto: Yuki Iwamura \/ AP Photo \/ NTB\n    <\/p>\n<p><b>Mest sannsynlig kommer<\/b> det ikke til \u00e5 skje i Norge. Til det styrer dagligvaregigantene for mye i alle de leddene f\u00f8r varene kommer til butikkene ogs\u00e5. En offentlig butikk vil ganske sikkert f\u00e5 problemer med \u00e5 f\u00e5 varer fordi milliard\u00e6rfamiliene Reitan og Johannson styrer det meste.<\/p>\n<p>Da er sp\u00f8rsm\u00e5let: M\u00e5 det v\u00e6re slik? Skal noen f\u00e5 familier f\u00e5 tjene seg s\u00f8kkrike p\u00e5 \u00e5 utnytte faktisk alle nordmenn?<\/p>\n<p>De har jo vist helt siden verden ble rammet av korona, kriger og dermed kaos i alle markeder, at de aldri har tatt hensyn til kj\u00f8perne av n\u00f8dvendige varer for \u00e5 overleve. De har snakket om at prisene m\u00e5 g\u00e5 opp fordi alt er blitt dyrere for dem.<\/p>\n<p><b>Dessuten har de <\/b>snakket om importvern. Sagt at flere land har innf\u00f8rt importvern og dermed gjort matvareprisene i for eksempel Norge mye h\u00f8yere.<\/p>\n<p>Ogs\u00e5 det er for det meste ren nonsens.<\/p>\n<p>De fleste varene du finner i en norsk dagligvarebutikk har ikke noe importvern. Likevel er varene mye dyrere enn i land der forbrukerne har mye d\u00e5rligere \u00f8konomi enn oss i Norge.<\/p>\n<p>Dagligvaregigantene bruker rett og slett markedsmakten, og tvinger oss til \u00e5 betale overpris. Og s\u00e5 skylder de p\u00e5 noe som faktisk ikke er sant. Blant annet at b\u00f8ndene tar for mye betalt for sine varer.<\/p>\n<p><b>Sannheten er at<\/b> b\u00f8ndene tjener langt mindre p\u00e5 varene sine i dag enn tidligere. <a href=\"https:\/\/klassekampen.no\/artikkel\/2025-11-26\/fokus1\/UVR7\" rel=\"Follow nofollow noopener\" target=\"_blank\">For eksempel fikk bonden 49 prosent av prisen p\u00e5 melk p\u00e5 1980-tallet.<\/a> I dag er den halvert, fordi de som har kontroll p\u00e5 markedet presser bonden, og stikker selv av med gevinsten.<\/p>\n<p>De h\u00f8ye prisene f\u00f8rer ogs\u00e5 til at inflasjonen ikke g\u00e5r ned, og dermed setter heller ikke Norges bank ned renten.<\/p>\n<p>Det er politikerne som m\u00e5 ta grep! Men gj\u00f8r de det?<\/p>\n<p>  <a href=\"https:\/\/www.ba.no\/5-8-3261182\" class=\"related-teaser has-image default-opinion-teaser article--c-eRUmMG article--c-eRUmMG-jKCPdD-design-default\" rel=\"nofollow noopener\" target=\"_blank\"><\/p>\n<p>    <img decoding=\"async\" loading=\"lazy\"  src=\"https:\/\/www.europesays.com\/no\/wp-content\/uploads\/2026\/01\/kopi2WK.jpg\" alt=\"\" class=\"brick-c-cFOWSL\" style=\"\"\/><\/p>\n<p>\n            Les ogs\u00e5<\/p>\n<p>              Statsministeren som hadde fortjent bedre\n        <\/p>\n<p>  <\/a><\/p>\n","protected":false},"excerpt":{"rendered":"For det er lurt vi blir. Stort sett av familiene Johannson og Reitan. De bak NorgesGruppen og Rema&hellip;\n","protected":false},"author":2,"featured_media":135731,"comment_status":"","ping_status":"","sticky":false,"template":"","format":"standard","meta":{"footnotes":""},"categories":[10],"tags":[36,20,21,37,24,25,3259,15,22,23,2535,13,30,28,29,14,1533,16,2950,26,27],"class_list":{"0":"post-135730","1":"post","2":"type-post","3":"status-publish","4":"format-standard","5":"has-post-thumbnail","7":"category-norge","8":"tag-art","9":"tag-breaking-news","10":"tag-breakingnews","11":"tag-debatt","12":"tag-featured-news","13":"tag-featurednews","14":"tag-finn-bjorn-tonder","15":"tag-headlines","16":"tag-latest-news","17":"tag-latestnews","18":"tag-matvarepriser","19":"tag-news","20":"tag-no","21":"tag-norge","22":"tag-norway","23":"tag-nyheter","24":"tag-opinion","25":"tag-overskrifter","26":"tag-prisvekst","27":"tag-top-stories","28":"tag-topstories"},"share_on_mastodon":{"url":"https:\/\/pubeurope.com\/@no\/115887149109648239","error":""},"_links":{"self":[{"href":"https:\/\/www.europesays.com\/no\/wp-json\/wp\/v2\/posts\/135730","targetHints":{"allow":["GET"]}}],"collection":[{"href":"https:\/\/www.europesays.com\/no\/wp-json\/wp\/v2\/posts"}],"about":[{"href":"https:\/\/www.europesays.com\/no\/wp-json\/wp\/v2\/types\/post"}],"author":[{"embeddable":true,"href":"https:\/\/www.europesays.com\/no\/wp-json\/wp\/v2\/users\/2"}],"replies":[{"embeddable":true,"href":"https:\/\/www.europesays.com\/no\/wp-json\/wp\/v2\/comments?post=135730"}],"version-history":[{"count":0,"href":"https:\/\/www.europesays.com\/no\/wp-json\/wp\/v2\/posts\/135730\/revisions"}],"wp:featuredmedia":[{"embeddable":true,"href":"https:\/\/www.europesays.com\/no\/wp-json\/wp\/v2\/media\/135731"}],"wp:attachment":[{"href":"https:\/\/www.europesays.com\/no\/wp-json\/wp\/v2\/media?parent=135730"}],"wp:term":[{"taxonomy":"category","embeddable":true,"href":"https:\/\/www.europesays.com\/no\/wp-json\/wp\/v2\/categories?post=135730"},{"taxonomy":"post_tag","embeddable":true,"href":"https:\/\/www.europesays.com\/no\/wp-json\/wp\/v2\/tags?post=135730"}],"curies":[{"name":"wp","href":"https:\/\/api.w.org\/{rel}","templated":true}]}}