{"id":135749,"date":"2026-01-13T12:02:42","date_gmt":"2026-01-13T12:02:42","guid":{"rendered":"https:\/\/www.europesays.com\/no\/135749\/"},"modified":"2026-01-13T12:02:42","modified_gmt":"2026-01-13T12:02:42","slug":"ukraina-krig-marit-og-maria-skal-koyra-2500-kilometer-til-krigen-for-a-hjelpa-sogn-avis","status":"publish","type":"post","link":"https:\/\/www.europesays.com\/no\/135749\/","title":{"rendered":"Ukraina, Krig | Marit og Maria skal k\u00f8yra 2500 kilometer til krigen for \u00e5 hjelpa &#8211; Sogn Avis"},"content":{"rendered":"<ol>\n<li><a href=\"https:\/\/news.google.com\/rss\/articles\/CBMipwFBVV95cUxQSlJHa1NyLVRXNDB0M1ZiUTJvYXRqZ0VLTFZLcnJ2Y003MnIwaTZZa1VPRG5XV2t4Z1VLTnRSOUlEakd1YmVWRDJEb2dtM1d6cktNWHQzZ0U0aF9fMTkwbjBrQThOeFFnZkJOMnQzQXFZR1hpR25TZ2ZSNDdVTnc5RE1iYy1uZXAtTkZNbkk2YzlWdTNLUE1Pb3lHX19tMzRnb2w3YkJpYw?oc=5\" target=\"_blank\" rel=\"nofollow noopener\">Ukraina, Krig | Marit og Maria skal k\u00f8yra 2500 kilometer til krigen for \u00e5 hjelpa<\/a>&nbsp;&nbsp;Sogn Avis<\/li>\n<li><a href=\"https:\/\/news.google.com\/rss\/articles\/CBMisgFBVV95cUxORTBkRTlmemNPdHFBcnRLSGpiNHdaYUl6TjdWLVdESXdiQ1ByZHFCdDI4RUR1TThJTWYwRlFaUUdZdDNodnYwajkweHF2R0c0emJyRTc3SmlOS2ZicGxnUXdRdGZOaWdodnhSSG5YZzRlby1LSy1EOVhRSVRsdmtlWGZDZVRUTW94a2E1SmpHOU9pdkxGb1BZNDN1VEFoN2toVEdfUTVYN3BOM0pHRGdUd2tR?oc=5\" target=\"_blank\" rel=\"nofollow noopener\">K\u00f8yrde hjelpa heilt fram: Leverte buss og hundrevis av g\u00e5ver til Ukraina<\/a>&nbsp;&nbsp;Firdaposten<\/li>\n<li><a href=\"https:\/\/news.google.com\/rss\/articles\/CBMiqgFBVV95cUxOc3ZEclpCTzJVWEoxQlVjOWRwcDBvRGpXdjJjWi1zVks4ejVXLWlqemdaN2N4TmhJWkh3Tm9BVXUxc1hOLV9DQXNMNENuOGZNLUxzMDBJbVpjQlh6VGFjQVl2MU9QT2ZZYnZ6QzV1OWJDOU1sOWc5ZW5SSjlBNWpyZFg3US1PN1NaaG16Rl9xT005WkdEdk9VQUtHczJYOXFUV3dTY3llZ1k5dw?oc=5\" target=\"_blank\" rel=\"nofollow noopener\">Vi m\u00e5 fortsette st\u00f8tten til Ukraina<\/a>&nbsp;&nbsp;forsvaretsforum<\/li>\n<li><a href=\"https:\/\/news.google.com\/rss\/articles\/CBMiigFBVV95cUxOamVaY0RONEtSa2EwSXlTd3BLSmdndUQwOUNNdS1abVVTYTdSQ3FreHE3OTZwMlZUR1ZFaENKUEhRMVFPcVE0RXp4WHQ5cjZ0OVF2STY0bGExLTRFSXRydmJaSldPSENrRmRmYk9IeF9XVHZranBRN0VqbUtiU0VVTmdhWF9EZEFGdEE?oc=5\" target=\"_blank\" rel=\"nofollow noopener\">Autorit\u00e6r aktivisme og det totale sviket mot S\u00f8nsteby<\/a>&nbsp;&nbsp;Steigan.no<\/li>\n<li><a href=\"https:\/\/news.google.com\/rss\/articles\/CBMibkFVX3lxTE9rVXdueV9lWl9reWpuR3lDSGhZMnBOODM0RnJtQzFuSUE0aU9iSEVnNVIxRGZ3ZVJNZF9FTXhIUWdSdkN2ajd5WmpOSVh1N291SnFyWWNydzYyNlJZU25MVnhyeUxVSUoxNWp1ckRR?oc=5\" target=\"_blank\" rel=\"nofollow noopener\">Takket for S\u00f8nstebyprisen<\/a>&nbsp;&nbsp;Rjukan Arbeiderblad<\/li>\n<\/ol>\n","protected":false},"excerpt":{"rendered":"Ukraina, Krig | Marit og Maria skal k\u00f8yra 2500 kilometer til krigen for \u00e5 hjelpa&nbsp;&nbsp;Sogn Avis K\u00f8yrde hjelpa&hellip;\n","protected":false},"author":2,"featured_media":135750,"comment_status":"","ping_status":"","sticky":false,"template":"","format":"standard","meta":{"footnotes":""},"categories":[10],"tags":[20,21,24,25,15,22,23,13,30,28,29,14,16,26,27],"class_list":{"0":"post-135749","1":"post","2":"type-post","3":"status-publish","4":"format-standard","5":"has-post-thumbnail","7":"category-norge","8":"tag-breaking-news","9":"tag-breakingnews","10":"tag-featured-news","11":"tag-featurednews","12":"tag-headlines","13":"tag-latest-news","14":"tag-latestnews","15":"tag-news","16":"tag-no","17":"tag-norge","18":"tag-norway","19":"tag-nyheter","20":"tag-overskrifter","21":"tag-top-stories","22":"tag-topstories"},"share_on_mastodon":{"url":"https:\/\/pubeurope.com\/@no\/115887691717837641","error":""},"_links":{"self":[{"href":"https:\/\/www.europesays.com\/no\/wp-json\/wp\/v2\/posts\/135749","targetHints":{"allow":["GET"]}}],"collection":[{"href":"https:\/\/www.europesays.com\/no\/wp-json\/wp\/v2\/posts"}],"about":[{"href":"https:\/\/www.europesays.com\/no\/wp-json\/wp\/v2\/types\/post"}],"author":[{"embeddable":true,"href":"https:\/\/www.europesays.com\/no\/wp-json\/wp\/v2\/users\/2"}],"replies":[{"embeddable":true,"href":"https:\/\/www.europesays.com\/no\/wp-json\/wp\/v2\/comments?post=135749"}],"version-history":[{"count":0,"href":"https:\/\/www.europesays.com\/no\/wp-json\/wp\/v2\/posts\/135749\/revisions"}],"wp:featuredmedia":[{"embeddable":true,"href":"https:\/\/www.europesays.com\/no\/wp-json\/wp\/v2\/media\/135750"}],"wp:attachment":[{"href":"https:\/\/www.europesays.com\/no\/wp-json\/wp\/v2\/media?parent=135749"}],"wp:term":[{"taxonomy":"category","embeddable":true,"href":"https:\/\/www.europesays.com\/no\/wp-json\/wp\/v2\/categories?post=135749"},{"taxonomy":"post_tag","embeddable":true,"href":"https:\/\/www.europesays.com\/no\/wp-json\/wp\/v2\/tags?post=135749"}],"curies":[{"name":"wp","href":"https:\/\/api.w.org\/{rel}","templated":true}]}}