{"id":135753,"date":"2026-01-13T12:45:44","date_gmt":"2026-01-13T12:45:44","guid":{"rendered":"https:\/\/www.europesays.com\/no\/135753\/"},"modified":"2026-01-13T12:45:44","modified_gmt":"2026-01-13T12:45:44","slug":"prinsese-ingrid-alexandra-skal-pa-sitt-forste-oppdrag-alene","status":"publish","type":"post","link":"https:\/\/www.europesays.com\/no\/135753\/","title":{"rendered":"Prinsese Ingrid Alexandra skal p\u00e5 sitt f\u00f8rste oppdrag alene"},"content":{"rendered":"<p class=\"kicker \" style=\"\">Prinsesse Ingrid Alexandra:<\/p>\n<p>    Offisielt: Prinsessen reiser nordover p\u00e5 kongelig oppdrag. Ekspert forklarer om bakgrunnen.<\/p>\n<p>\n    UT P\u00c5 JOBB: Prinsesse Ingrid Alexandra skal f\u00e5 oppleve Finnmarksvidda, innlosjert hos en reindrift-familie! Foto: Ole Berg-Rusten \/ NTB\n  <\/p>\n<p id=\"text\" class=\"svelte-1bgec1z\">I samarbeid med<\/p>\n<p>     <img decoding=\"async\" src=\"https:\/\/www.europesays.com\/no\/wp-content\/uploads\/2025\/12\/fishermansFriend.png\" alt=\"kommersiell logo\" class=\"svelte-1bgec1z\"\/>          <\/p>\n<p>Prinsesse Ingrid Alexandra (21) skal senere denne m\u00e5neden p\u00e5 offisielt bes\u00f8k til Finnmark.<\/p>\n<p>Hun bes\u00f8ker Karasjok og Kirkenes 25.\u201327. januar, skriver Statsforvalteren i Troms og Finnmark i en\u00a0<a href=\"https:\/\/www.statsforvalteren.no\/nb\/troms-finnmark\/nyheter\/2026\/01\/h.k.h-prinsesse-ingrid-alexandra-besoker-karasjok-og-kirkenes-26.-27.-januar\" target=\"_blank\" rel=\"nofollow noopener\">pressemelding.<\/a><\/p>\n<p>    <a itemprop=\"url\" href=\"https:\/\/www.seher.no\/kongelig\/sjokkert-av-genseren\/84061139\" rel=\"nofollow noopener\" target=\"_blank\"><\/p>\n<p>        <img loading=\"lazy\" decoding=\"async\" src=\"https:\/\/www.europesays.com\/no\/wp-content\/uploads\/2026\/01\/1768308343_182_84062028.webp.webp\" width=\"980\" height=\"441\" title=\"- Jeg ble helt sjokkert\" alt=\"\" class=\"lazyload\" style=\"--aspect-ratio-image: 2.22; \"\/><\/p>\n<p>        &#8211; Jeg ble helt sjokkert<\/p>\n<p>    <\/a><\/p>\n<p>Prinsessen skal f\u00f8rst bes\u00f8ke Karasjok, hvor hun blir med en reindriftsfamilie ut p\u00e5 vinterbeite. Der skal hun f\u00e5 en innf\u00f8ring i den samiske kulturen, og hun overnatter sammen med familien p\u00e5 vidda.<\/p>\n<p>&#8211; Dette er et tydelig tegn p\u00e5 at prinsessen trer inn i rollen sin for alvor. Turen til Finnmark blir hennes aller f\u00f8rste store reise alene ut i landet. Med andre ord et historisk bes\u00f8k. Og hun g\u00e5r i sine besteforeldres fotspor. Da kronprins Harald og kronprinsesse Sonja skulle p\u00e5 sin f\u00f8rste store offisielle reise i Norge, dro de til nettopp Finnmark, forteller Se og H\u00f8rs kongehusekspert Caroline Vagle.<\/p>\n<p>        <img loading=\"lazy\" decoding=\"async\" src=\"https:\/\/www.europesays.com\/no\/wp-content\/uploads\/2026\/01\/83361759.webp.webp\" width=\"667\" height=\"474\" title=\"SAMLET: Prins Sverre Magnus, kronprinsesse Mette-Marit, prinsesse Ingrid Alexandra og kronprins Haakon fotografert i Finnmark i 2023 - da ble det tatt familiebilder i S\u00f8r-Varanger kommune. Foto: Jan Langhaug \/ NTB\" alt=\"\" class=\"\" style=\"--aspect-ratio-image: 1.41; \"\/><\/p>\n<p>\n        SAMLET: Prins Sverre Magnus, kronprinsesse Mette-Marit, prinsesse Ingrid Alexandra og kronprins Haakon fotografert i Finnmark i 2023 &#8211; da ble det tatt familiebilder i S\u00f8r-Varanger kommune. Foto: Jan Langhaug \/ NTB\n    <\/p>\n<p>Hun legger til at hun er sikker p\u00e5 at prinsessen er moden for oppgaven:<\/p>\n<p>&#8211; Ingrid har v\u00e6rt i Finnmark f\u00f8r sammen med familien p\u00e5 ferie, men denne gangen er det offisielt og hele p\u00e5 egenh\u00e5nd. Det blir spennende, men jeg er sikker p\u00e5 hun takler det med bravur. Hun virker trygg og nedp\u00e5, og det lover godt for fremtiden! <\/p>\n<p>Etter en natt i gamme bes\u00f8ker hun Karasjok skole f\u00f8r hun reiser innom Sametinget.\u00a0<\/p>\n<p>Den siste dagen skal hun kj\u00f8re hundespann med elever fra Tana videreg\u00e5ende skole.\u00a0<\/p>\n<p>        BES\u00d8KER BRANNSTASJON: Prinsesse Ingrid Alexandra og Prins Sverre Magnus f\u00e5r pr\u00f8ve seg som brannkonstabel n\u00e5r de bes\u00f8ker Sentrum brannstasjon i Oslo. Video: Danny Son Ngoc To \/Thea Hope\/ R\u00f8d L\u00f8per<\/p>\n<p>Dette er f\u00f8rste gang at prinsesse Ingrid Alexandra er p\u00e5 oppdrag alene i Norge.<\/p>\n<p>Finnmark-turen avsluttes med et m\u00f8te med lokalt n\u00e6ringsliv og frivillighet i S\u00f8r-Varanger.<\/p>\n","protected":false},"excerpt":{"rendered":"Prinsesse Ingrid Alexandra: Offisielt: Prinsessen reiser nordover p\u00e5 kongelig oppdrag. Ekspert forklarer om bakgrunnen. UT P\u00c5 JOBB: Prinsesse&hellip;\n","protected":false},"author":2,"featured_media":135754,"comment_status":"","ping_status":"","sticky":false,"template":"","format":"standard","meta":{"footnotes":""},"categories":[5],"tags":[20,21,24,25,15,19,479,2543,22,23,17,18,13,30,28,29,14,16,291,26,27],"class_list":{"0":"post-135753","1":"post","2":"type-post","3":"status-publish","4":"format-standard","5":"has-post-thumbnail","7":"category-overskrifter","8":"tag-breaking-news","9":"tag-breakingnews","10":"tag-featured-news","11":"tag-featurednews","12":"tag-headlines","13":"tag-hovedoppslag","14":"tag-kjendis","15":"tag-kjendisdesken","16":"tag-latest-news","17":"tag-latestnews","18":"tag-main-news","19":"tag-mainnews","20":"tag-news","21":"tag-no","22":"tag-norge","23":"tag-norway","24":"tag-nyheter","25":"tag-overskrifter","26":"tag-prinsesse-ingrid-alexandra","27":"tag-top-stories","28":"tag-topstories"},"share_on_mastodon":{"url":"https:\/\/pubeurope.com\/@no\/115887860797853181","error":""},"_links":{"self":[{"href":"https:\/\/www.europesays.com\/no\/wp-json\/wp\/v2\/posts\/135753","targetHints":{"allow":["GET"]}}],"collection":[{"href":"https:\/\/www.europesays.com\/no\/wp-json\/wp\/v2\/posts"}],"about":[{"href":"https:\/\/www.europesays.com\/no\/wp-json\/wp\/v2\/types\/post"}],"author":[{"embeddable":true,"href":"https:\/\/www.europesays.com\/no\/wp-json\/wp\/v2\/users\/2"}],"replies":[{"embeddable":true,"href":"https:\/\/www.europesays.com\/no\/wp-json\/wp\/v2\/comments?post=135753"}],"version-history":[{"count":0,"href":"https:\/\/www.europesays.com\/no\/wp-json\/wp\/v2\/posts\/135753\/revisions"}],"wp:featuredmedia":[{"embeddable":true,"href":"https:\/\/www.europesays.com\/no\/wp-json\/wp\/v2\/media\/135754"}],"wp:attachment":[{"href":"https:\/\/www.europesays.com\/no\/wp-json\/wp\/v2\/media?parent=135753"}],"wp:term":[{"taxonomy":"category","embeddable":true,"href":"https:\/\/www.europesays.com\/no\/wp-json\/wp\/v2\/categories?post=135753"},{"taxonomy":"post_tag","embeddable":true,"href":"https:\/\/www.europesays.com\/no\/wp-json\/wp\/v2\/tags?post=135753"}],"curies":[{"name":"wp","href":"https:\/\/api.w.org\/{rel}","templated":true}]}}