{"id":135758,"date":"2026-01-13T12:52:19","date_gmt":"2026-01-13T12:52:19","guid":{"rendered":"https:\/\/www.europesays.com\/no\/135758\/"},"modified":"2026-01-13T12:52:19","modified_gmt":"2026-01-13T12:52:19","slug":"hvorfor-er-det-barn-og-unge-som-ma-betale-prisen","status":"publish","type":"post","link":"https:\/\/www.europesays.com\/no\/135758\/","title":{"rendered":"Hvorfor er det barn og unge som m\u00e5 betale prisen?"},"content":{"rendered":"<p class=\"kicker t14 tm14 font-NotoSans\" style=\"\"><a href=\"https:\/\/www.abcnyheter.no\/stemmer\" rel=\"nofollow noopener\" target=\"_blank\">KRONIKK<\/a><\/p>\n<p>    Det er umulig \u00e5 akseptere.<\/p>\n<p>\n        Kommunal- og distriktsminister Bj\u00f8rnar Skj\u00e6ran og finansminister Jens Stoltenberg mottok kommunekommisjonens f\u00f8rste rapport fredag.<br \/>\n        Gorm Kallestad \/ NTB\n    <\/p>\n<p class=\"italic m-italic\" data-lab-italic=\"italic\"><a href=\"https:\/\/www.altinget.no\/artikkel\/fellesskolen-kan-forsvinne-i-ryddesjauen\" target=\"_blank\" rel=\"nofollow noopener\">Dette debattinnlegget<\/a>\u00a0ble f\u00f8rst publisert p\u00e5\u00a0<a href=\"https:\/\/www.altinget.no\/\" target=\"_blank\" rel=\"nofollow noopener\">Altinget<\/a>, som ABC Nyheter har et samarbeid med.\u00a0<\/p>\n<p>Norske skoler og barnehager st\u00e5r allerede i en krevende hverdag. \u00d8konomien er presset, rekruttering av kompetent personale er vanskelig, og oppgavene blir stadig mer sammensatte. Likevel foresl\u00e5s det n\u00e5 endringer som i praksis skyver regningen over p\u00e5 barn og unge. Det er vanskelig \u00e5 forst\u00e5 \u2013 og umulig \u00e5\u00a0akseptere. <\/p>\n<p class=\"quote\"> Barnehager og skoler er ikke bare poster i et budsjett.\u00a0<\/p>\n<p>        <a itemprop=\"url\" class=\"\" href=\"https:\/\/www.abcnyheter.no\/stemmer\/a-skrote-laerernormen-er-en-oppskrift-pa-darligere-skole\/1368737\" data-k5a-url=\"https:\/\/www.abcnyheter.no\/a\/1368737\" rel=\"nofollow noopener\" target=\"_blank\"><\/p>\n<p>            Kan komme til \u00e5 gj\u00f8re den samme feilen igjen<\/p>\n<p itemprop=\"section\" class=\"section\" data-tag=\"stemmer\">stemmer<\/p>\n<p>        <\/a><\/p>\n<p>Forslagene fra kommunekommisjonen vil, dersom de gjennomf\u00f8res, kunne f\u00f8re til st\u00f8rre forskjeller i kvaliteten p\u00e5 barnehage- og skoletilbudet mellom kommunene. Hvor godt tilbud barn f\u00e5r, risikerer i st\u00f8rre grad \u00e5 avhenge av hvilken kompetanse politikerne i kommunen de bor i har om oppvekst- og utdanning. Det strider mot de grunnleggende prinsippene i den norske velferdspolitikken og mot ambisjonen om like muligheter for alle, i hele landet.\u00a0<\/p>\n<p>Barnehager og skoler er ikke bare poster i et budsjett, de er sentrale fellesskap i barn og unges liv \u2013 arenaer for l\u00e6ring, tilh\u00f8righet, trygghet og mestring. N\u00e5r rammevilk\u00e5rene svekkes, f\u00e5r det umiddelbare konsekvenser: f\u00e6rre voksne i ulike yrkesgrupper til stede, mindre tid til hver enkelt, mindre rom for tidlig innsats og forebygging.\u00a0<\/p>\n<p>Derfor er vi i Skolelederforbundet n\u00e5 tydelige i v\u00e5r advarsel mot \u00e5 fjerne l\u00e6rernormen i dagens kommune\u00f8konomiske situasjon. L\u00e6rernormen har sikret flere voksne rundt barna. Den har bidratt til \u00e5 gi ledere et minimum av forutsigbarhet i arbeidet med \u00e5 l\u00f8se sitt samfunnsoppdrag med kvalitet. \u00c5 fjerne normen n\u00e5, vil kunne bety f\u00e6rre ansatte, st\u00f8rre grupper og \u00f8kte forskjeller \u2013 b\u00e5de mellom skoler og kommuner.\u00a0<\/p>\n<p>        <a itemprop=\"url\" class=\"\" href=\"https:\/\/www.abcnyheter.no\/stemmer\/barn-trenger-voksne-som-tor-a-gi-dem-plass\/1364512\" data-k5a-url=\"https:\/\/www.abcnyheter.no\/a\/1364512\" rel=\"nofollow noopener\" target=\"_blank\"><\/p>\n<p>            Hvis svaret er nei, er tiltaket feil<\/p>\n<p itemprop=\"section\" class=\"section\" data-tag=\"stemmer\">stemmer<\/p>\n<p>        <\/a><\/p>\n<p>Skolelederforbundets kunnskapsoppsummering, \u00abLokal skolemyndighet &#8211; Jakten p\u00e5 systembalanse\u00bb peker i en klar retning, og viser at mange kommuner har begrenset skolefaglig kompetanse p\u00e5 eierniv\u00e5. F\u00f8r man i det hele tatt vurderer \u00e5 radikalt endre ordninger som sikrer et minimum av ressurser, m\u00e5 kommunene v\u00e6re robuste nok \u2013 b\u00e5de \u00f8konomisk og kompetansemessig \u2013 til \u00e5 ivareta barnehage og skole p\u00e5 en forsvarlig m\u00e5te. Skolelederforbundet st\u00f8tter en l\u00f8sning hvor l\u00e6rernormen telles p\u00e5 skoleniv\u00e5, n\u00e5r kommunenes situasjon er som den er i dag.\u00a0<\/p>\n<p>For skoleeiere vil det \u00e5 ha evnen til \u00e5 bygge helhet og sammenheng i brutte del-systemer v\u00e6re en forutsetning i den fremtidige forvaltningen av v\u00e5r utdanningssektor. Her m\u00e5 skoleeier ha, eller tilegne seg, h\u00f8y kompetanse p\u00e5 fire omr\u00e5der:\u00a0<\/p>\n<p>\u25cf Arbeidsgiveransvaret\/kunnskapsforvalteren\u00a0<\/p>\n<p>\u25cf Utviklingsansvaret\/politisk fasilitator\u00a0<\/p>\n<p>\u25cf Finansiering- og resultatansvaret\u00a0<\/p>\n<p>\u25cf Organiseringsansvaret\u00a0<\/p>\n<p>Alt dette vil man kunne lese om i Skolelederforbundets kunnskapsoppsummering.\u00a0<\/p>\n<p>Jeg er bekymret for at konsekvensene av forslagene vil v\u00e6re f\u00e6rre tilgjengelige voksne, f\u00e6rre yrkesgrupper rundt barna, mindre stabilitet i hverdagen og redusert mulighet for tidlig oppf\u00f8lging. Over tid \u00f8ker risikoen for at barn med behov for ekstra st\u00f8tte ikke blir fanget opp tidlig nok, og at ulikhetene i tilbudet vokser. Dette st\u00e5r i direkte motsetning til intensjonene i <a href=\"https:\/\/www.regjeringen.no\/no\/dokumenter\/meld.-st.-28-20242025\/id3105151\/\" target=\"_blank\" rel=\"nofollow noopener\">Meld. St. 28<\/a> om like muligheter for alle, uavhengig av bakgrunn og bosted.\u00a0<\/p>\n<p>                <img decoding=\"async\" src=\"https:\/\/www.europesays.com\/no\/wp-content\/uploads\/2026\/01\/1371548.webp.jpeg\" width=\"480\" height=\"274\" title=\"Vi i Skolelederforbundet n\u00e5 tydelige i v\u00e5r advarsel mot \u00e5 fjerne l\u00e6rernormen i dagens kommune\u00f8konomiske situasjon, skriver innleggsforfatterne.\" alt=\"\" loading=\"lazy\" style=\"\"\/><\/p>\n<p>\n            Vi i Skolelederforbundet n\u00e5 tydelige i v\u00e5r advarsel mot \u00e5 fjerne l\u00e6rernormen i dagens kommune\u00f8konomiske situasjon, skriver innleggsforfatterne.<br \/>\n            Fredrik Varfjell \/ NTB\n        <\/p>\n<p>Tidlig innsats og forebygging er ikke bare gode intensjoner \u2013 det er dokumentert klok politikk. Derfor er det urovekkende at det ogs\u00e5 foresl\u00e5s \u00e5 fjerne krav til psykolog og annen fagkompetanse innen psykisk helse i kommunene. Svekkes st\u00f8tteapparatet, svekkes ogs\u00e5 skolens og barnehagens evne til \u00e5 jobbe forebyggende \u2013 til beste for b\u00e5de barn, familier og samfunnet som helhet. En kortsiktig innsparing vil etter det flere rapporter og erfaringer fra pandemien sier oss, gi oss en kostbar opprydningsjobb litt lengre ned i veien.\u00a0<\/p>\n<p>Rammefinansiering er et b\u00e6rende prinsipp i kommunesektoren. Samtidig vet vi, s\u00e6rlig fra oppvekstfeltet, at \u00f8remerkede midler i dag er avgj\u00f8rende for \u00e5 bygge opp og opprettholde tilbud som faktisk kommer barn og unge til gode. \u00c5 fjerne \u00f8remerking uten \u00e5 styrke b\u00e5de frie inntekter og kompetanse tilsvarende, inneb\u00e6rer en reell risiko for at viktige tilbud for barn og unge nedprioriteres i lokale budsjetter.\u00a0<\/p>\n<p>Vi m\u00e5 v\u00e6re helt trygge p\u00e5 at rammetilskuddene er tilstrekkelige, og at kommunene har n\u00f8dvendig kompetanse p\u00e5 oppvekstfeltet, f\u00f8r slike ordninger avvikles. For oss som leder barnehager og skoler, og som hver dag har ansvar for kvaliteten og for \u00e5 se hvert enkelt barn, fremst\u00e5r dette som et alvorlig og risikabelt veivalg slik situasjonen er i dag.\u00a0<\/p>\n<p>Effektive kommuner er viktig. Men vi kan ikke akseptere at effektivitet oppn\u00e5s ved at barn og unge betaler prisen.<\/p>\n<p class=\"italic m-italic\" data-lab-italic=\"italic\"><a href=\"https:\/\/www.abcnyheter.no\/stemmer\" target=\"_blank\" rel=\"nofollow noopener\">Stemmer<\/a>\u00a0er ABC Nyheters debattseksjon. Dette er meningsytringer, og innholdet st\u00e5r for skribentens regning. \u00d8nsker du \u00e5 bidra? Send kronikk eller debattinnlegg til\u00a0<a href=\"https:\/\/www.abcnyheter.no\/stemmer\/hvorfor-er-det-barn-og-unge-som-ma-betale-prisen\/mailto:stemmer@abcnyheter.no\" target=\"_blank\" rel=\"nofollow noopener\">stemmer@abcnyheter.no<\/a>. <\/p>\n","protected":false},"excerpt":{"rendered":"KRONIKK Det er umulig \u00e5 akseptere. Kommunal- og distriktsminister Bj\u00f8rnar Skj\u00e6ran og finansminister Jens Stoltenberg mottok kommunekommisjonens f\u00f8rste&hellip;\n","protected":false},"author":2,"featured_media":135759,"comment_status":"","ping_status":"","sticky":false,"template":"","format":"standard","meta":{"footnotes":""},"categories":[5],"tags":[20,21,24,25,15,19,22,23,17,18,13,30,28,29,14,16,26,27],"class_list":{"0":"post-135758","1":"post","2":"type-post","3":"status-publish","4":"format-standard","5":"has-post-thumbnail","7":"category-overskrifter","8":"tag-breaking-news","9":"tag-breakingnews","10":"tag-featured-news","11":"tag-featurednews","12":"tag-headlines","13":"tag-hovedoppslag","14":"tag-latest-news","15":"tag-latestnews","16":"tag-main-news","17":"tag-mainnews","18":"tag-news","19":"tag-no","20":"tag-norge","21":"tag-norway","22":"tag-nyheter","23":"tag-overskrifter","24":"tag-top-stories","25":"tag-topstories"},"share_on_mastodon":{"url":"https:\/\/pubeurope.com\/@no\/115887888321737281","error":""},"_links":{"self":[{"href":"https:\/\/www.europesays.com\/no\/wp-json\/wp\/v2\/posts\/135758","targetHints":{"allow":["GET"]}}],"collection":[{"href":"https:\/\/www.europesays.com\/no\/wp-json\/wp\/v2\/posts"}],"about":[{"href":"https:\/\/www.europesays.com\/no\/wp-json\/wp\/v2\/types\/post"}],"author":[{"embeddable":true,"href":"https:\/\/www.europesays.com\/no\/wp-json\/wp\/v2\/users\/2"}],"replies":[{"embeddable":true,"href":"https:\/\/www.europesays.com\/no\/wp-json\/wp\/v2\/comments?post=135758"}],"version-history":[{"count":0,"href":"https:\/\/www.europesays.com\/no\/wp-json\/wp\/v2\/posts\/135758\/revisions"}],"wp:featuredmedia":[{"embeddable":true,"href":"https:\/\/www.europesays.com\/no\/wp-json\/wp\/v2\/media\/135759"}],"wp:attachment":[{"href":"https:\/\/www.europesays.com\/no\/wp-json\/wp\/v2\/media?parent=135758"}],"wp:term":[{"taxonomy":"category","embeddable":true,"href":"https:\/\/www.europesays.com\/no\/wp-json\/wp\/v2\/categories?post=135758"},{"taxonomy":"post_tag","embeddable":true,"href":"https:\/\/www.europesays.com\/no\/wp-json\/wp\/v2\/tags?post=135758"}],"curies":[{"name":"wp","href":"https:\/\/api.w.org\/{rel}","templated":true}]}}