{"id":135762,"date":"2026-01-13T12:58:14","date_gmt":"2026-01-13T12:58:14","guid":{"rendered":"https:\/\/www.europesays.com\/no\/135762\/"},"modified":"2026-01-13T12:58:14","modified_gmt":"2026-01-13T12:58:14","slug":"vaer-vefsn-vaeret-skaper-utfordringer-for-shmil","status":"publish","type":"post","link":"https:\/\/www.europesays.com\/no\/135762\/","title":{"rendered":"V\u00e6r, Vefsn | V\u00e6ret skaper utfordringer for SHMIL"},"content":{"rendered":"\n<p>\u2013 Vinden skaper utfordringer for SHMIL i dag, opplyser kommunikasjonssjef Toril Haltbrekken i SHMIL.<\/p>\n<p>Det f\u00f8rer til at Alstahaug og Br\u00f8nn\u00f8y avfallsmottak holdes stengt mandag. Langdagen vil flyttes til torsdag 15. januar kl. 09:00 \u2013 18:00.<\/p>\n<p>Renovasjonen Mj\u00e5vatn mellom bommer vil ikke bli kj\u00f8rt i dag. Haltbrekken opplyser at den kj\u00f8res torsdag ettermiddag 15. januar.<\/p>\n<p>P\u00e5 L\u00f8kta flyttes renovasjon fra mandag til onsdag 14. januar.<\/p>\n<p>  <a href=\"https:\/\/www.helg.no\/5-24-1130201\" class=\"related-teaser has-image default-story-teaser article--c-eRUmMG article--c-eRUmMG-jKCPdD-design-default\" rel=\"nofollow noopener\" target=\"_blank\"><\/p>\n<p>    <img decoding=\"async\" loading=\"lazy\"  src=\"https:\/\/www.europesays.com\/no\/wp-content\/uploads\/2026\/01\/1768309094_351_stengt.jpg\" alt=\"\" class=\"brick-c-cFOWSL\" style=\"\"\/><\/p>\n<p>\n            Les ogs\u00e5<\/p>\n<p>              Sterk vind f\u00f8rer til stengte veier\n        <\/p>\n<p>  <\/a><\/p>\n","protected":false},"excerpt":{"rendered":"\u2013 Vinden skaper utfordringer for SHMIL i dag, opplyser kommunikasjonssjef Toril Haltbrekken i SHMIL. Det f\u00f8rer til at&hellip;\n","protected":false},"author":2,"featured_media":4133,"comment_status":"","ping_status":"","sticky":false,"template":"","format":"standard","meta":{"footnotes":""},"categories":[10],"tags":[465,36,20,21,24,25,15,22,23,62,13,30,28,29,14,16,1953,1510,26,27,553,1203],"class_list":{"0":"post-135762","1":"post","2":"type-post","3":"status-publish","4":"format-standard","5":"has-post-thumbnail","7":"category-norge","8":"tag-arbeidsliv","9":"tag-art","10":"tag-breaking-news","11":"tag-breakingnews","12":"tag-featured-news","13":"tag-featurednews","14":"tag-headlines","15":"tag-latest-news","16":"tag-latestnews","17":"tag-naeringsliv","18":"tag-news","19":"tag-no","20":"tag-norge","21":"tag-norway","22":"tag-nyheter","23":"tag-overskrifter","24":"tag-sandnessjoen","25":"tag-story","26":"tag-top-stories","27":"tag-topstories","28":"tag-vaer","29":"tag-vefsn"},"share_on_mastodon":{"url":"https:\/\/pubeurope.com\/@no\/115887911928665536","error":""},"_links":{"self":[{"href":"https:\/\/www.europesays.com\/no\/wp-json\/wp\/v2\/posts\/135762","targetHints":{"allow":["GET"]}}],"collection":[{"href":"https:\/\/www.europesays.com\/no\/wp-json\/wp\/v2\/posts"}],"about":[{"href":"https:\/\/www.europesays.com\/no\/wp-json\/wp\/v2\/types\/post"}],"author":[{"embeddable":true,"href":"https:\/\/www.europesays.com\/no\/wp-json\/wp\/v2\/users\/2"}],"replies":[{"embeddable":true,"href":"https:\/\/www.europesays.com\/no\/wp-json\/wp\/v2\/comments?post=135762"}],"version-history":[{"count":0,"href":"https:\/\/www.europesays.com\/no\/wp-json\/wp\/v2\/posts\/135762\/revisions"}],"wp:featuredmedia":[{"embeddable":true,"href":"https:\/\/www.europesays.com\/no\/wp-json\/wp\/v2\/media\/4133"}],"wp:attachment":[{"href":"https:\/\/www.europesays.com\/no\/wp-json\/wp\/v2\/media?parent=135762"}],"wp:term":[{"taxonomy":"category","embeddable":true,"href":"https:\/\/www.europesays.com\/no\/wp-json\/wp\/v2\/categories?post=135762"},{"taxonomy":"post_tag","embeddable":true,"href":"https:\/\/www.europesays.com\/no\/wp-json\/wp\/v2\/tags?post=135762"}],"curies":[{"name":"wp","href":"https:\/\/api.w.org\/{rel}","templated":true}]}}