{"id":135764,"date":"2026-01-13T13:33:16","date_gmt":"2026-01-13T13:33:16","guid":{"rendered":"https:\/\/www.europesays.com\/no\/135764\/"},"modified":"2026-01-13T13:33:16","modified_gmt":"2026-01-13T13:33:16","slug":"bekrefter-fortsatt-etterforskning-i-hoiby-saken-2","status":"publish","type":"post","link":"https:\/\/www.europesays.com\/no\/135764\/","title":{"rendered":"Bekrefter fortsatt etterforskning i H\u00f8iby-saken"},"content":{"rendered":"\n<p class=\"_lead_o9xde_2 _lead_xtcu6_50 layout-component text-serif-m layout-normal text-serif-l layout-component layout-wide layout-padded _wide_17hqh_1 layout-padded\">Politiet bekrefter at de fremdeles etterforsker forhold knyttet til Marius Borg H\u00f8iby.<\/p>\n<p><img alt=\"Marius Borg H\u00f8iby m\u00f8ter i retten i starten av februar. N\u00e5 bekrefter politiet at det fortsatt p\u00e5g\u00e5r etterforskning. &#10;Foto: Lise \u00c5serud \/ NTB \" class=\"_image_qp4xg_65 layout-component layout-wide\" data-fullscreen- data-track-element-type=\"Article image fullscreen\" data-track-name=\"ImageFullscreen\" fetchpriority=\"high\" decoding=\"sync\" loading=\"eager\" height=\"1511\" itemprop=\"image\"  src=\"https:\/\/www.europesays.com\/no\/wp-content\/uploads\/2026\/01\/51c778ef-2535-4d09-b265-aff40a638e35.jpeg\"  style=\"object-position:0% 0%\" width=\"2248\"\/>Marius Borg H\u00f8iby m\u00f8ter i retten i starten av februar. N\u00e5 bekrefter politiet at det fortsatt p\u00e5g\u00e5r etterforskning.<br \/>\nFoto: Lise \u00c5serud \/ NTB <\/p>\n<ul aria-hidden=\"true\" class=\"_images_ntbth_112\">\n<li><a class=\"_link_ntbth_117\" href=\"https:\/\/www.vg.no\/forfatter\/ntb\" style=\"z-index:1\" title=\"NTB\" rel=\"nofollow noopener\" target=\"_blank\"><img alt=\"Bilde av NTB\" class=\"_image_ntbth_93\" fetchpriority=\"low\" loading=\"lazy\" decoding=\"async\" itemprop=\"image\"  src=\"https:\/\/www.europesays.com\/no\/wp-content\/uploads\/2026\/01\/1768311196_121_c33980b0-5d07-4027-84a1-813f90a7c8d6.png\"  width=\"480\"\/><\/a><\/li>\n<\/ul>\n<p> Oppdatert mandag 12. januar kl. 12:13     <\/p>\n<p class=\"_paragraph_o9xde_4 _paragraph_xtcu6_10 layout-component text-serif-m layout-normal text-serif-m layout-padded\">\u2013 Jeg kan bekrefte at det fremdeles p\u00e5g\u00e5r etterforskning i saken, utover det har jeg ingen kommentarer, sier politiadvokat Andreas Kruszewski til NTB.<\/p>\n<p class=\"_paragraph_o9xde_4 _paragraph_xtcu6_10 layout-component text-serif-m layout-normal text-serif-m layout-padded\">Statsadvokat Sturla Henriksb\u00f8 har p\u00e5taleansvaret i saken, og var den som i august tok ut tiltalen om voldtekt, mishandling i n\u00e6re relasjoner og trusler. <\/p>\n<p class=\"_paragraph_o9xde_4 _paragraph_xtcu6_10 layout-component text-serif-m layout-normal text-serif-m layout-padded\"><strong class=\"_strong_o9xde_25\">Rettssaken er berammet til \u00e5 starte 3. februar i Oslo tingrett. <\/strong><\/p>\n<p class=\"_paragraph_o9xde_4 _paragraph_xtcu6_10 layout-component text-serif-m layout-normal layout-padded\"><strong class=\"_strong_o9xde_25\">Les ogs\u00e5:<\/strong> <a href=\"https:\/\/www.vg.no\/i\/M7gRjm\" data-track-element-type=\"Link\" data-track-id=\"link:M7gRjm\" class=\"_link_o9xde_39\" rel=\"nofollow noopener\" target=\"_blank\">Straffesaken mot H\u00f8iby koster millioner <\/a><\/p>\n<p class=\"_paragraph_o9xde_4 _paragraph_xtcu6_10 layout-component text-serif-m layout-normal text-serif-m layout-padded\">\u2013 Jeg \u00f8nsker ikke kommentere saker som er under etterforskning av politiet. Hvorvidt det er aktuelt \u00e5 ta ut en tileggstiltalebeslutning kommer an p\u00e5 resultatet av etterforskningen, n\u00e5r den er ferdigstilt, sier Henriksb\u00f8.<\/p>\n<p class=\"_paragraph_o9xde_4 _paragraph_xtcu6_10 layout-component text-serif-m layout-normal text-serif-m layout-padded\">Forsvarerne til <a href=\"https:\/\/www.vg.no\/tag\/marius-borg-hoeiby?utm_source=vg-article&amp;utm_medium=auto-tagger&amp;utm_campaign=8p6G6E\" class=\"_link_o9xde_39\" rel=\"nofollow noopener\" target=\"_blank\">Marius Borg H\u00f8iby<\/a>, Ellen Holager Anden\u00e6s og Petar Sekulic, vil ikke kommentere saken overfor NTB. <\/p>\n","protected":false},"excerpt":{"rendered":"Politiet bekrefter at de fremdeles etterforsker forhold knyttet til Marius Borg H\u00f8iby. Marius Borg H\u00f8iby m\u00f8ter i retten&hellip;\n","protected":false},"author":2,"featured_media":135765,"comment_status":"","ping_status":"","sticky":false,"template":"","format":"standard","meta":{"footnotes":""},"categories":[10],"tags":[20,21,24,25,15,22,23,400,13,30,28,29,14,16,26,27],"class_list":{"0":"post-135764","1":"post","2":"type-post","3":"status-publish","4":"format-standard","5":"has-post-thumbnail","7":"category-norge","8":"tag-breaking-news","9":"tag-breakingnews","10":"tag-featured-news","11":"tag-featurednews","12":"tag-headlines","13":"tag-latest-news","14":"tag-latestnews","15":"tag-marius-borg-hoiby","16":"tag-news","17":"tag-no","18":"tag-norge","19":"tag-norway","20":"tag-nyheter","21":"tag-overskrifter","22":"tag-top-stories","23":"tag-topstories"},"share_on_mastodon":{"url":"https:\/\/pubeurope.com\/@no\/115888049540955834","error":""},"_links":{"self":[{"href":"https:\/\/www.europesays.com\/no\/wp-json\/wp\/v2\/posts\/135764","targetHints":{"allow":["GET"]}}],"collection":[{"href":"https:\/\/www.europesays.com\/no\/wp-json\/wp\/v2\/posts"}],"about":[{"href":"https:\/\/www.europesays.com\/no\/wp-json\/wp\/v2\/types\/post"}],"author":[{"embeddable":true,"href":"https:\/\/www.europesays.com\/no\/wp-json\/wp\/v2\/users\/2"}],"replies":[{"embeddable":true,"href":"https:\/\/www.europesays.com\/no\/wp-json\/wp\/v2\/comments?post=135764"}],"version-history":[{"count":0,"href":"https:\/\/www.europesays.com\/no\/wp-json\/wp\/v2\/posts\/135764\/revisions"}],"wp:featuredmedia":[{"embeddable":true,"href":"https:\/\/www.europesays.com\/no\/wp-json\/wp\/v2\/media\/135765"}],"wp:attachment":[{"href":"https:\/\/www.europesays.com\/no\/wp-json\/wp\/v2\/media?parent=135764"}],"wp:term":[{"taxonomy":"category","embeddable":true,"href":"https:\/\/www.europesays.com\/no\/wp-json\/wp\/v2\/categories?post=135764"},{"taxonomy":"post_tag","embeddable":true,"href":"https:\/\/www.europesays.com\/no\/wp-json\/wp\/v2\/tags?post=135764"}],"curies":[{"name":"wp","href":"https:\/\/api.w.org\/{rel}","templated":true}]}}