{"id":135766,"date":"2026-01-13T13:40:21","date_gmt":"2026-01-13T13:40:21","guid":{"rendered":"https:\/\/www.europesays.com\/no\/135766\/"},"modified":"2026-01-13T13:40:21","modified_gmt":"2026-01-13T13:40:21","slug":"skole-helleland-helleland-trenger-skolen-og-eigersund-trenger-helleland","status":"publish","type":"post","link":"https:\/\/www.europesays.com\/no\/135766\/","title":{"rendered":"Skole, Helleland | Helleland trenger skolen og Eigersund trenger Helleland"},"content":{"rendered":"\n<p>Jeg skriver dette fra Gyadalen p\u00e5 Helleland, der vi driver en g\u00e5rd som har g\u00e5tt i arv i generasjoner. For \u00e5tte \u00e5r siden tok vi valget om \u00e5 flytte hit, fordi vi s\u00e5 store muligheter \u2013 b\u00e5de for g\u00e5rdsdrift og for \u00e5 bygge et godt familieliv. Med barnehage og skole bare 15 minutters kj\u00f8ring unna virket dette som et trygt valg for fremtiden.<\/p>\n<p>I dag har vi to barn som g\u00e5r i barnehage og skole p\u00e5 Helleland. Her trives de utrolig godt med et trygt og oversiktlig milj\u00f8 der alle blir sett. Fellesskapet er n\u00e6rt og alle kjenner alle. Her har de rom til \u00e5 utvikle seg b\u00e5de faglig og sosialt. N\u00e5r skoledagen er over er det kort vei hjem som gir god tid og overskudd til lek, venner og aktiviteter. <\/p>\n<p>Men n\u00e5 st\u00e5r vi overfor et forslag som kan snu opp-ned p\u00e5 alt dette. N\u00e5r jenta v\u00e5r skal begynne i f\u00f8rste klasse i 2027, er det foresl\u00e5tt at barna skal begynne p\u00e5 Eiger\u00f8y skole. Reiseveien fra Gya til Eiger\u00f8y er veldig lang. Inkludert trafikksituasjon, k\u00f8 og busstopp underveis vil dette ta over \u00e9n time hver vei. <\/p>\n<p>Det gj\u00f8r vondt \u00e5 tenke p\u00e5 at barna v\u00e5re skal bruke fra 2-3 timer p\u00e5 transport hver dag. Hvordan vil to timer med transport hver dag p\u00e5virke deres utvikling b\u00e5de sosialt, faglig og psykisk? De m\u00e5 st\u00e5 opp tidligere, f\u00e5r mye passiv aktivitet og mindre tid til lek og fritid. Hva med tid og overskudd til \u00e5 g\u00e5 p\u00e5 fritidsaktiviteter, barnebursdager, klassetreff og v\u00e6re med venner? N\u00e5r de har kommet hjem, spist middag og gjort lekser vil det v\u00e6re leggetid. Det vil bli en hverdag ingen foreldre \u00f8nsker for barna sine. <\/p>\n<p>\u00abHvorfor flytter de ikke bare n\u00e6rmere byen?\u00bb vil kanskje noen sp\u00f8rre seg. Fordi dette er det livet vi har valgt og dette er det livet som gir mening for oss. Og vi har en viktig jobb vi gj\u00f8r her vi bor. Vi utnytter norske ressurser for \u00e5 produsere mat! Vi, og flere andre p\u00e5 Helleland driver med norsk matproduksjon, og i praksis nasjonal beredskap. I en tid der selvforsyning og matsikkerhet er viktigere enn noen gang, er det farlig og kortsiktig \u00e5 svekke sm\u00e5samfunn som faktisk bidrar til dette. \u00c5 bygge ned bygdene er \u00e5 gamble med Norges evne til \u00e5 st\u00e5 i krise og krig. <\/p>\n<p>Vil neste generasjon ta over g\u00e5rden etter oss dersom Helleland skole blir lagt ned? Hadde vi valgt \u00e5 flytte hit og satse p\u00e5 g\u00e5rdsdrift dersom Helleland skole allerede var nedlagt? Jeg er \u00e6rlig talt usikker. Og jeg vet at vi ikke er alene om \u00e5 f\u00f8le det slik. V\u00e5re n\u00e6rmeste naboer flyttet ogs\u00e5 til Gya samtidig som oss, tok over en nedlagt g\u00e5rd og har bygget den opp for fremtiden. De har tre sm\u00e5 barn som ogs\u00e5 st\u00e5r i fare for \u00e5 miste sitt n\u00e6rmilj\u00f8 og skolens trygghet. Dette gjelder ogs\u00e5 for alle barna p\u00e5 Hetlandsheia som vil f\u00e5 minst like lang reisevei. Her er det mange som har bosatt seg, stiftet familie og satser stort. <\/p>\n<p>Ikke bare har folk p\u00e5 Helleland investert i landbruk. Mange har bosatt seg her med \u00f8nske om \u00e5 bo p\u00e5 bygda med n\u00e6rhet til skole, barnehage og butikk. N\u00e5r denne n\u00e6rheten forsvinner flytter folk fra Helleland fordi hverdagen blir for vanskelig. N\u00e5r en skole legges ned, er det ikke bare barna som rammes \u2013 hele lokalsamfunnet mister sin livsnerve. Hele bygda har investert i Helleland og i en fremtid her. \u00c5 st\u00e5 i fare for \u00e5 miste dette f\u00f8les som et stort svik. <\/p>\n<p>\u00c5 bevare Helleland skole handler om barnas beste, om \u00e5 holde liv i bygda, og om ansvarlig forvaltning av fremtidens ressurser. Det kan v\u00e6re lett for dere som ikke er fra Helleland \u00e5 tenke at \u00ab det er jo bare noen f\u00e5 elever\u00bb og at \u00absentralisering er naturlig\u00bb. Sm\u00e5 tall gj\u00f8r det lettere \u00e5 lukke \u00f8ynene. Men det som er et kortsiktig m\u00e5l for \u00e5 spare penger kan v\u00e6re et katastrofalt valg for fremtiden. <\/p>\n<p>Dette handler om verdier, og om hvilket samfunn \u00f8nsker vi \u00e5 gi videre til barna v\u00e5re. Skal vi v\u00e6re et samfunn som bygger en god fremtid for barna v\u00e5re? Eller skal vi v\u00e6re et samfunn som ikke tar vare p\u00e5 de minste og mest s\u00e5rbare? <\/p>\n<p>Skal vi v\u00e6re et samfunn der alt som ikke er stort nok legges ned? Eller skal vi v\u00e6re et samfunn med levende bygder hvor dyr beiter og barn leker? <\/p>\n<p>Ikke tenk kun p\u00e5 korte politiske m\u00e5l om \u00e5 spare penger her og n\u00e5, for n\u00e5r bygda og landbruket er borte er det for sent \u00e5 angre. <\/p>\n<p>Eigersund kommune trenger Helleland, og Helleland trenger skolen!<\/p>\n","protected":false},"excerpt":{"rendered":"Jeg skriver dette fra Gyadalen p\u00e5 Helleland, der vi driver en g\u00e5rd som har g\u00e5tt i arv i&hellip;\n","protected":false},"author":2,"featured_media":135767,"comment_status":"","ping_status":"","sticky":false,"template":"","format":"standard","meta":{"footnotes":""},"categories":[10],"tags":[36,20,21,88,24,25,15,15493,22,23,156,13,30,28,29,14,1533,16,804,26,27],"class_list":{"0":"post-135766","1":"post","2":"type-post","3":"status-publish","4":"format-standard","5":"has-post-thumbnail","7":"category-norge","8":"tag-art","9":"tag-breaking-news","10":"tag-breakingnews","11":"tag-eigersund","12":"tag-featured-news","13":"tag-featurednews","14":"tag-headlines","15":"tag-helleland","16":"tag-latest-news","17":"tag-latestnews","18":"tag-meninger","19":"tag-news","20":"tag-no","21":"tag-norge","22":"tag-norway","23":"tag-nyheter","24":"tag-opinion","25":"tag-overskrifter","26":"tag-skole","27":"tag-top-stories","28":"tag-topstories"},"share_on_mastodon":{"url":"https:\/\/pubeurope.com\/@no\/115888077050288747","error":""},"_links":{"self":[{"href":"https:\/\/www.europesays.com\/no\/wp-json\/wp\/v2\/posts\/135766","targetHints":{"allow":["GET"]}}],"collection":[{"href":"https:\/\/www.europesays.com\/no\/wp-json\/wp\/v2\/posts"}],"about":[{"href":"https:\/\/www.europesays.com\/no\/wp-json\/wp\/v2\/types\/post"}],"author":[{"embeddable":true,"href":"https:\/\/www.europesays.com\/no\/wp-json\/wp\/v2\/users\/2"}],"replies":[{"embeddable":true,"href":"https:\/\/www.europesays.com\/no\/wp-json\/wp\/v2\/comments?post=135766"}],"version-history":[{"count":0,"href":"https:\/\/www.europesays.com\/no\/wp-json\/wp\/v2\/posts\/135766\/revisions"}],"wp:featuredmedia":[{"embeddable":true,"href":"https:\/\/www.europesays.com\/no\/wp-json\/wp\/v2\/media\/135767"}],"wp:attachment":[{"href":"https:\/\/www.europesays.com\/no\/wp-json\/wp\/v2\/media?parent=135766"}],"wp:term":[{"taxonomy":"category","embeddable":true,"href":"https:\/\/www.europesays.com\/no\/wp-json\/wp\/v2\/categories?post=135766"},{"taxonomy":"post_tag","embeddable":true,"href":"https:\/\/www.europesays.com\/no\/wp-json\/wp\/v2\/tags?post=135766"}],"curies":[{"name":"wp","href":"https:\/\/api.w.org\/{rel}","templated":true}]}}