{"id":135768,"date":"2026-01-13T13:42:05","date_gmt":"2026-01-13T13:42:05","guid":{"rendered":"https:\/\/www.europesays.com\/no\/135768\/"},"modified":"2026-01-13T13:42:05","modified_gmt":"2026-01-13T13:42:05","slug":"kongsberg-forerkortbeslag-kvinne-kjorte-med-isete-frontrute-mistet-lappen","status":"publish","type":"post","link":"https:\/\/www.europesays.com\/no\/135768\/","title":{"rendered":"Kongsberg, F\u00f8rerkortbeslag | Kvinne kj\u00f8rte med isete frontrute \u2013 mistet lappen"},"content":{"rendered":"\n<p>\u2013 Ruta var s\u00e5pass isete at det var sv\u00e6rt begrenset utsyn fra f\u00f8rersetet. Det kvalifiserte til anmeldelse og f\u00f8rerkortbeslag, skriver operasjonsleder Roger Aaser i S\u00f8r\u00f8st politidistrikt p\u00e5 politiloggen.<\/p>\n<p>Kvinnen ble stoppet av utrykningspolitiet i Sandsv\u00e6rveien i Kongsberg klokken 11.15 mandag formiddag.<\/p>\n<p>Politiets eget bilde fra inne i bilen, viser at det var sv\u00e6rt d\u00e5rlig utsyn fra f\u00f8rersetet.<\/p>\n<p>(\u00a9NTB)<\/p>\n","protected":false},"excerpt":{"rendered":"\u2013 Ruta var s\u00e5pass isete at det var sv\u00e6rt begrenset utsyn fra f\u00f8rersetet. Det kvalifiserte til anmeldelse og&hellip;\n","protected":false},"author":2,"featured_media":135769,"comment_status":"","ping_status":"","sticky":false,"template":"","format":"standard","meta":{"footnotes":""},"categories":[5],"tags":[20,21,24,25,15,19,22,23,17,18,13,30,28,29,14,16,26,27],"class_list":{"0":"post-135768","1":"post","2":"type-post","3":"status-publish","4":"format-standard","5":"has-post-thumbnail","7":"category-overskrifter","8":"tag-breaking-news","9":"tag-breakingnews","10":"tag-featured-news","11":"tag-featurednews","12":"tag-headlines","13":"tag-hovedoppslag","14":"tag-latest-news","15":"tag-latestnews","16":"tag-main-news","17":"tag-mainnews","18":"tag-news","19":"tag-no","20":"tag-norge","21":"tag-norway","22":"tag-nyheter","23":"tag-overskrifter","24":"tag-top-stories","25":"tag-topstories"},"share_on_mastodon":{"url":"https:\/\/pubeurope.com\/@no\/115888084940681738","error":""},"_links":{"self":[{"href":"https:\/\/www.europesays.com\/no\/wp-json\/wp\/v2\/posts\/135768","targetHints":{"allow":["GET"]}}],"collection":[{"href":"https:\/\/www.europesays.com\/no\/wp-json\/wp\/v2\/posts"}],"about":[{"href":"https:\/\/www.europesays.com\/no\/wp-json\/wp\/v2\/types\/post"}],"author":[{"embeddable":true,"href":"https:\/\/www.europesays.com\/no\/wp-json\/wp\/v2\/users\/2"}],"replies":[{"embeddable":true,"href":"https:\/\/www.europesays.com\/no\/wp-json\/wp\/v2\/comments?post=135768"}],"version-history":[{"count":0,"href":"https:\/\/www.europesays.com\/no\/wp-json\/wp\/v2\/posts\/135768\/revisions"}],"wp:featuredmedia":[{"embeddable":true,"href":"https:\/\/www.europesays.com\/no\/wp-json\/wp\/v2\/media\/135769"}],"wp:attachment":[{"href":"https:\/\/www.europesays.com\/no\/wp-json\/wp\/v2\/media?parent=135768"}],"wp:term":[{"taxonomy":"category","embeddable":true,"href":"https:\/\/www.europesays.com\/no\/wp-json\/wp\/v2\/categories?post=135768"},{"taxonomy":"post_tag","embeddable":true,"href":"https:\/\/www.europesays.com\/no\/wp-json\/wp\/v2\/tags?post=135768"}],"curies":[{"name":"wp","href":"https:\/\/api.w.org\/{rel}","templated":true}]}}