{"id":135770,"date":"2026-01-13T13:48:50","date_gmt":"2026-01-13T13:48:50","guid":{"rendered":"https:\/\/www.europesays.com\/no\/135770\/"},"modified":"2026-01-13T13:48:50","modified_gmt":"2026-01-13T13:48:50","slug":"osterfjorden-alver-hundrevis-av-tommerstokkar-i-fjorden","status":"publish","type":"post","link":"https:\/\/www.europesays.com\/no\/135770\/","title":{"rendered":"Osterfjorden, Alver | Hundrevis av t\u00f8mmerstokkar i fjorden"},"content":{"rendered":"\n<p>Mellom 200 og 300 t\u00f8mmerstokkar ligg no i Osterfjorden etter at dei raste utfor kaien p\u00e5 Eidsnes, s\u00f8ndag kveld.<\/p>\n<p>\u2013 Dei som eig t\u00f8mmeret er no i gang med \u00e5 lokalisere t\u00f8mmeret, seier ansvarleg for samfunnstryggleik og beredskap i Alver kommune, St\u00e5le Hauge.<\/p>\n<p>P\u00e5 grunn av v\u00earet er det utfordringar med \u00e5 f\u00e5 opp t\u00f8mmerstokkane.<\/p>\n<p>   <img decoding=\"async\" width=\"6240\" height=\"4160\" fetchpriority=\"low\"  loading=\"lazy\"  src=\"https:\/\/www.europesays.com\/no\/wp-content\/uploads\/2026\/01\/FUJI0684.JPG\" alt=\"\" class=\"brick-c-cFOWSL\" style=\"--brick-image-ratio: 6240 \/ 4160;\"\/><\/p>\n<p>      Mykje har samla seg i vikene i n\u00e6rleiken.<br \/>\n      Foto: Kasper Valestrand\n    <\/p>\n<p>   <img decoding=\"async\" width=\"6240\" height=\"4160\" fetchpriority=\"low\"  loading=\"lazy\"  src=\"https:\/\/www.europesays.com\/no\/wp-content\/uploads\/2026\/01\/FUJI0685.JPG\" alt=\"\" class=\"brick-c-cFOWSL\" style=\"--brick-image-ratio: 6240 \/ 4160;\"\/><\/p>\n<p>Hauge ber b\u00e5tf\u00f8rarar vere merksame p\u00e5 stokkar som kan flyte rundt i fjorden. Samstundes presiserer han at oppdrettsanlegga som eventuelt kunne bli treft, er tomme.<\/p>\n<p>\u2013 Det er difor ikkje fare for r\u00f8mming av fisk etter dette.<\/p>\n<p>Mykje av t\u00f8mmeret har drive inn i viker i n\u00e6rleiken av t\u00f8mmerkaien.<\/p>\n<p>T\u00f8mmerkaien p\u00e5 Eidsnes opna i 2016 og \u00e5rleg skipast det over 80.000 kubikk med t\u00f8mmer fr\u00e5 staden.<\/p>\n<p>   <img decoding=\"async\" width=\"6240\" height=\"4160\" fetchpriority=\"low\"  loading=\"lazy\"  src=\"https:\/\/www.europesays.com\/no\/wp-content\/uploads\/2026\/01\/FUJI0679.JPG\" alt=\"\" class=\"brick-c-cFOWSL\" style=\"--brick-image-ratio: 6240 \/ 4160;\"\/><\/p>\n","protected":false},"excerpt":{"rendered":"Mellom 200 og 300 t\u00f8mmerstokkar ligg no i Osterfjorden etter at dei raste utfor kaien p\u00e5 Eidsnes, s\u00f8ndag&hellip;\n","protected":false},"author":2,"featured_media":135771,"comment_status":"","ping_status":"","sticky":false,"template":"","format":"standard","meta":{"footnotes":""},"categories":[10],"tags":[1751,36,20,21,24,25,15,22,23,13,30,28,29,14,15578,16,1510,26,27,7544],"class_list":{"0":"post-135770","1":"post","2":"type-post","3":"status-publish","4":"format-standard","5":"has-post-thumbnail","7":"category-norge","8":"tag-alver","9":"tag-art","10":"tag-breaking-news","11":"tag-breakingnews","12":"tag-featured-news","13":"tag-featurednews","14":"tag-headlines","15":"tag-latest-news","16":"tag-latestnews","17":"tag-news","18":"tag-no","19":"tag-norge","20":"tag-norway","21":"tag-nyheter","22":"tag-osterfjorden","23":"tag-overskrifter","24":"tag-story","25":"tag-top-stories","26":"tag-topstories","27":"tag-tommer"},"share_on_mastodon":{"url":"https:\/\/pubeurope.com\/@no\/115888112464874311","error":""},"_links":{"self":[{"href":"https:\/\/www.europesays.com\/no\/wp-json\/wp\/v2\/posts\/135770","targetHints":{"allow":["GET"]}}],"collection":[{"href":"https:\/\/www.europesays.com\/no\/wp-json\/wp\/v2\/posts"}],"about":[{"href":"https:\/\/www.europesays.com\/no\/wp-json\/wp\/v2\/types\/post"}],"author":[{"embeddable":true,"href":"https:\/\/www.europesays.com\/no\/wp-json\/wp\/v2\/users\/2"}],"replies":[{"embeddable":true,"href":"https:\/\/www.europesays.com\/no\/wp-json\/wp\/v2\/comments?post=135770"}],"version-history":[{"count":0,"href":"https:\/\/www.europesays.com\/no\/wp-json\/wp\/v2\/posts\/135770\/revisions"}],"wp:featuredmedia":[{"embeddable":true,"href":"https:\/\/www.europesays.com\/no\/wp-json\/wp\/v2\/media\/135771"}],"wp:attachment":[{"href":"https:\/\/www.europesays.com\/no\/wp-json\/wp\/v2\/media?parent=135770"}],"wp:term":[{"taxonomy":"category","embeddable":true,"href":"https:\/\/www.europesays.com\/no\/wp-json\/wp\/v2\/categories?post=135770"},{"taxonomy":"post_tag","embeddable":true,"href":"https:\/\/www.europesays.com\/no\/wp-json\/wp\/v2\/tags?post=135770"}],"curies":[{"name":"wp","href":"https:\/\/api.w.org\/{rel}","templated":true}]}}