{"id":135778,"date":"2026-01-13T14:10:20","date_gmt":"2026-01-13T14:10:20","guid":{"rendered":"https:\/\/www.europesays.com\/no\/135778\/"},"modified":"2026-01-13T14:10:20","modified_gmt":"2026-01-13T14:10:20","slug":"vaer-og-vind-trafikk-fullt-kjor-for-bilbergerne-dalane-tidende","status":"publish","type":"post","link":"https:\/\/www.europesays.com\/no\/135778\/","title":{"rendered":"V\u00e6r og vind, Trafikk | Fullt kj\u00f8r for bilbergerne &#8211; Dalane Tidende"},"content":{"rendered":"<ol>\n<li><a href=\"https:\/\/news.google.com\/rss\/articles\/CBMie0FVX3lxTFBjVkcwLWN1OTc1T1BCM3BwVDEzeGx3YmhLaEp5UTg3aFBZQTVpaVg4Q0xzMG1IdEpLQ0tiYWwzT3RWdGZjY2xWUENibHoteEU3TWJKTmpEQkR3R0JOYjhOVzFvZ3BMQzBzYkIyV0dtOVoxQV80SDhVSXRCQQ?oc=5\" target=\"_blank\" rel=\"nofollow noopener\">V\u00e6r og vind, Trafikk | Fullt kj\u00f8r for bilbergerne<\/a>&nbsp;&nbsp;Dalane Tidende<\/li>\n<li><a href=\"https:\/\/news.google.com\/rss\/articles\/CBMimgFBVV95cUxNSlczU2JrR1htWDVSX2VfQ091d3VBaDNha1BPbk5hbzZqajI5aDdSZEc2U0RZeC10SFF4NEUzRGs4cDJDVDVueE5iNTBRODY4MG5zR2dRT1NRcVQ5OTQ2ekxlSnYzczdZZGJtOGZJeUR0WmNkbjVqMlFYX3hUZGxra296NEVrOGVsVHM3TzBFb2RkcE95V1prMjh3?oc=5\" target=\"_blank\" rel=\"nofollow noopener\">S\u00f8r-Norge rammes av sn\u00f8v\u00e6r \u2013 Nytt farevarsel sendt ut<\/a>&nbsp;&nbsp;NRK<\/li>\n<li><a href=\"https:\/\/news.google.com\/rss\/articles\/CBMilgFBVV95cUxPWjhLLTRSYVhyX18yWnFmWDVoczFBakFyLU1kSTZxSlNIbldNbHBsT2RueWNaS3V0RUZUdmdiSVc4dmN0MHJwanNrLVktSUhVSWUwSVJfRjlIZFVYalJ1ck9jUVZTR1JyRUY3T0dNREEwUkJsRmN2VnRrS0R3Ri11aWFwM3NXRFFnMERHSVNHU1lqNWVxZVE?oc=5\" target=\"_blank\" rel=\"nofollow noopener\">Trafikken direkte &#8211; Bart p\u00e5 hovedveiene &#8211; glatte sideveier<\/a>&nbsp;&nbsp;Stavanger Aftenblad<\/li>\n<li><a href=\"https:\/\/news.google.com\/rss\/articles\/CBMihgFBVV95cUxOUWRwQmJINGxuQzJLRkxINVFrTXZkdWJvaS1vVXpGYmV0YUdBSGJYSGNGaklCT2pwX2xCcnNkbW5Pd2xVLWNNRC10WUVzU0xKd0dJcGloRlN1VkJxZzBQQmdHMml5cU9YTVZ2bzNCTGRkS2tPSm1HRlFWc25ZTHAtYUZlNkR4dw?oc=5\" target=\"_blank\" rel=\"nofollow noopener\">\u2013 Har kj\u00f8rt ut alt av br\u00f8ytemannskaper<\/a>&nbsp;&nbsp;lister24.no<\/li>\n<li><a href=\"https:\/\/news.google.com\/rss\/articles\/CBMifEFVX3lxTE1ER3FKb2txZGp6TElMWU9DNlNzNDFILUVGOUlUUjZWckNmRWNkRV9lS1F1MDZhck1hN2JnZ0RFODB5RnBYajZGTi1jVjNuOXJvTFNENGRhLXFwSHh6NjZZVzVwdWJLWG1ySEU2dklRMV9RcERIaU9YRkdkU3A?oc=5\" target=\"_blank\" rel=\"nofollow noopener\">V\u00e6r og vind, Trafikk | Fortsatt glatt \u2013 flere havner i gr\u00f8fta<\/a>&nbsp;&nbsp;Dalane Tidende<\/li>\n<\/ol>\n","protected":false},"excerpt":{"rendered":"V\u00e6r og vind, Trafikk | Fullt kj\u00f8r for bilbergerne&nbsp;&nbsp;Dalane Tidende S\u00f8r-Norge rammes av sn\u00f8v\u00e6r \u2013 Nytt farevarsel sendt&hellip;\n","protected":false},"author":2,"featured_media":15627,"comment_status":"","ping_status":"","sticky":false,"template":"","format":"standard","meta":{"footnotes":""},"categories":[10],"tags":[20,21,24,25,15,22,23,13,30,28,29,14,16,26,27],"class_list":{"0":"post-135778","1":"post","2":"type-post","3":"status-publish","4":"format-standard","5":"has-post-thumbnail","7":"category-norge","8":"tag-breaking-news","9":"tag-breakingnews","10":"tag-featured-news","11":"tag-featurednews","12":"tag-headlines","13":"tag-latest-news","14":"tag-latestnews","15":"tag-news","16":"tag-no","17":"tag-norge","18":"tag-norway","19":"tag-nyheter","20":"tag-overskrifter","21":"tag-top-stories","22":"tag-topstories"},"share_on_mastodon":{"url":"https:\/\/pubeurope.com\/@no\/115888194990162264","error":""},"_links":{"self":[{"href":"https:\/\/www.europesays.com\/no\/wp-json\/wp\/v2\/posts\/135778","targetHints":{"allow":["GET"]}}],"collection":[{"href":"https:\/\/www.europesays.com\/no\/wp-json\/wp\/v2\/posts"}],"about":[{"href":"https:\/\/www.europesays.com\/no\/wp-json\/wp\/v2\/types\/post"}],"author":[{"embeddable":true,"href":"https:\/\/www.europesays.com\/no\/wp-json\/wp\/v2\/users\/2"}],"replies":[{"embeddable":true,"href":"https:\/\/www.europesays.com\/no\/wp-json\/wp\/v2\/comments?post=135778"}],"version-history":[{"count":0,"href":"https:\/\/www.europesays.com\/no\/wp-json\/wp\/v2\/posts\/135778\/revisions"}],"wp:featuredmedia":[{"embeddable":true,"href":"https:\/\/www.europesays.com\/no\/wp-json\/wp\/v2\/media\/15627"}],"wp:attachment":[{"href":"https:\/\/www.europesays.com\/no\/wp-json\/wp\/v2\/media?parent=135778"}],"wp:term":[{"taxonomy":"category","embeddable":true,"href":"https:\/\/www.europesays.com\/no\/wp-json\/wp\/v2\/categories?post=135778"},{"taxonomy":"post_tag","embeddable":true,"href":"https:\/\/www.europesays.com\/no\/wp-json\/wp\/v2\/tags?post=135778"}],"curies":[{"name":"wp","href":"https:\/\/api.w.org\/{rel}","templated":true}]}}