{"id":135781,"date":"2026-01-13T14:16:10","date_gmt":"2026-01-13T14:16:10","guid":{"rendered":"https:\/\/www.europesays.com\/no\/135781\/"},"modified":"2026-01-13T14:16:10","modified_gmt":"2026-01-13T14:16:10","slug":"sjokkerende-detaljer-om-parteringsdrap-i-sverige-kroppsdelene-funnet-i-fryseren","status":"publish","type":"post","link":"https:\/\/www.europesays.com\/no\/135781\/","title":{"rendered":"Sjokkerende detaljer om parteringsdrap i Sverige: Kroppsdelene funnet i fryseren"},"content":{"rendered":"<p class=\"kicker text-red color_mobile_text-red\" style=\"\">TV4:\u00a0<\/p>\n<p>    Politiet fulgte mannen i elleve timer f\u00f8r de slo til. Da kom erkjennelsen som gjorde det klart at den savnede kvinnen var d\u00f8d.<\/p>\n<p>\n    ERKJENNELSE: Vilma Andersson, som tidligere het Robin Andersson, er siktet for parteringsdrap p\u00e5 en 25 \u00e5r gammel kvinne i Sverige. Foto: LinkedIn \/ Skjermdump\n  <\/p>\n<p>Den 26 \u00e5r gamle mannen Robin Andersson, som n\u00e5 g\u00e5r under navnet \u00abVilma\u00bb, er siktet for parteringsdrap p\u00e5 en 25 \u00e5r gammel kvinne i\u00a0Sverige.\u00a0<\/p>\n<p>Mannen erkjente deler av forbrytelsen da politiet p\u00e5grep ham, melder\u00a0<a href=\"https:\/\/www.tv4.se\/artikel\/3S4PWCAP4BkmmLh7DtDw4f\/26-aringens-kusliga-ord-vid-mordgripandet-kroppsdelar-i-frysen?utm_source=sdrn%3Avg%3Aarticle%3ARj9jqJ\" rel=\"nofollow noopener\" target=\"_blank\">TV4 Nyheterna<\/a>.<\/p>\n<p>Overv\u00e5kingskameraer p\u00e5 togstasjonen i R\u00f6nninge i Salem kommune i Sverige fanget opp hvordan den 25 \u00e5r gamle kvinnen gikk av toget rundt klokken 01.20 andre juledag.\u00a0<\/p>\n<p>Utenfor stasjonen ble det senere funnet strips, en hammer og kvinnens eiendeler.\u00a0<\/p>\n<p>Deretter stoppet alle spor.<\/p>\n<p>    <a itemprop=\"url\" href=\"https:\/\/sol.no\/nyheter\/onsdag-far-du-varsel\/84081191\" rel=\"nofollow noopener\" target=\"_blank\"><\/p>\n<p>        <img loading=\"lazy\" decoding=\"async\" src=\"https:\/\/www.europesays.com\/no\/wp-content\/uploads\/2026\/01\/84081199.webp.webp\" width=\"980\" height=\"441\" title=\"Onsdag f\u00e5r du varsel\" alt=\"\" class=\"lazyload\" style=\"--aspect-ratio-image: 2.22; \"\/><\/p>\n<p>        Onsdag f\u00e5r du varsel<\/p>\n<p>sol.no<\/p>\n<p>    <\/a><\/p>\n<p>Tilfeldig offer\t<\/p>\n<p>Andersson skal ha sett p\u00e5 kriminaldokumentarer og s\u00f8kt p\u00e5 internett om hvordan man kommer unna med drap, if\u00f8lge\u00a0<a href=\"https:\/\/www.expressen.se\/nyheter\/krim\/uppgifter-polisen-missade-kroppen--hemma-hos-vilma-andersson\/\" rel=\"nofollow noopener\" target=\"_blank\">Expressen<\/a>.\u00a0<\/p>\n<p>Avisen skriver at da han fikk \u00f8ye p\u00e5 den 25 \u00e5r gamle kvinnen som var p\u00e5 vei hjem fra togstasjonen, kj\u00f8rte han fram og blokkerte veien for henne.\u00a0<\/p>\n<p>Han skal ha v\u00e6rt bev\u00e6pnet med hammer og strips.<\/p>\n<p>Gjenstandene ble sendt til analyse med h\u00f8yeste prioritet. Morgenen etter kom svaret: Vilma Anderssons DNA.<\/p>\n<p>If\u00f8lge p\u00e5talemyndigheten tyder alt p\u00e5 at Andersson valgte sitt offer tilfeldig, og at han og kvinnen ikke kjente hverandre.<\/p>\n<p>    <a itemprop=\"url\" href=\"https:\/\/sol.no\/nyheter\/aftenposten-hoiby-siktet-for-nye-lovbrudd\/84086042\" rel=\"nofollow noopener\" target=\"_blank\"><\/p>\n<p>        <img loading=\"lazy\" decoding=\"async\" src=\"https:\/\/www.europesays.com\/no\/wp-content\/uploads\/2026\/01\/84086243.webp.webp\" width=\"980\" height=\"441\" title=\"Aftenposten: H\u00f8iby siktet for nye lovbrudd\" alt=\"\" class=\"lazyload\" style=\"--aspect-ratio-image: 2.22; \"\/><\/p>\n<p>        Aftenposten: H\u00f8iby siktet for nye lovbrudd<\/p>\n<p>sol.no<\/p>\n<p>    <\/a><\/p>\n<p>I skogen med spade og pose\t<\/p>\n<p>Politiet spante p\u00e5 mannen i elleve timer f\u00f8r de observerte at 26-\u00e5ringen begynte \u00e5 grave i et skogsomr\u00e5de s\u00f8r for Stockholm. Han hadde blant annet med seg en spade og en pose.\u00a0<\/p>\n<p>Politiet slo til og p\u00e5grepet ham p\u00e5 stedet.<\/p>\n<p>Da skal mannen ha kommet med en erkjennelse som gjorde det klart for politiet at kvinnen ikke ville bli funnet i live.\u00a0<\/p>\n<p>\u2013 Jeg har kroppsdelene i fryseren, skal Andersson ha sagt til politiet etter p\u00e5gripelsen.<\/p>\n<p>Andersson erkjenner likskjending, men har nektet for drap.<\/p>\n<p>Politiet skal i tiden f\u00f8r p\u00e5gripelsen, ha gjort en hemmelig ransaking hjemme hos Andersson mens han var p\u00e5 jobb. Da oppdaget de ikke at det l\u00e5 kroppsdeler i fryseren, har\u00a0<a href=\"https:\/\/www.expressen.se\/nyheter\/krim\/uppgifter-polisen-missade-kroppen--hemma-hos-vilma-andersson\/?utm_source=sdrn%3Avg%3Aarticle%3ARj9jqJ\" rel=\"nofollow noopener\" target=\"_blank\">Expressen<\/a>\u00a0tidligere meldt.<\/p>\n<p>Motivet for drapet er fortsatt ukjent.<\/p>\n<p>    <a itemprop=\"url\" href=\"https:\/\/sol.no\/nyheter\/advarer-om-ukjent-innstilling-hva-mer-prover-de-a-skjule\/84065027\" rel=\"nofollow noopener\" target=\"_blank\"><\/p>\n<p>        <img loading=\"lazy\" decoding=\"async\" src=\"https:\/\/www.europesays.com\/no\/wp-content\/uploads\/2026\/01\/84073504.webp.webp\" width=\"147\" height=\"109\" title=\"Advarer om ukjent innstilling:- Hva mer pr\u00f8ver de \u00e5 skjule\" alt=\"\" class=\"lazyload\" style=\"--aspect-ratio-image: 1.35; \"\/><\/p>\n<p>        Advarer om ukjent innstilling:- Hva mer pr\u00f8ver de \u00e5 skjule <\/p>\n<p>sol.no<\/p>\n<p>    <\/a><\/p>\n<p>Byttet navn etter overgrepsdom\t<\/p>\n<p>Vilma Andersson ble i 2019 d\u00f8mt til to \u00e5r og fire m\u00e5neder i fengsel for kidnappingsfors\u00f8k og besittelse av grove overgrepsbilder av barn.<\/p>\n<p>Han hadde fors\u00f8kt \u00e5 kidnappe en ti \u00e5r gammel jente p\u00e5 Eker\u00f6 utenfor Stockholm, skrive <a href=\"https:\/\/www.vg.no\/nyheter\/i\/j0Ba9q\/nye-detaljer-om-parteringsdrapet-i-ronninge\" rel=\"nofollow noopener\" target=\"_blank\">VG<\/a>.\u00a0<\/p>\n<p>PC-en hans inneholdt titusenvis av filmer og bilder av grove overgrep mot barn og mange bilder av d\u00f8de og nakne kvinnekropper.<\/p>\n<p>Ogs\u00e5 n\u00e5 ble det funnet store mengder overgrepsmateriale av barn p\u00e5 Anderssons telefon.\u00a0<\/p>\n<p>Andersson het opprinnelig Robin, men har byttet navn flere ganger de siste \u00e5rene.\u00a0<\/p>\n<p>Selv om Andersson bruker et kvinnenavn for tiden, har han ikke byttet juridisk kj\u00f8nn og st\u00e5r oppf\u00f8rt som mann i det svenske folkeregisteret.\u00a0<\/p>\n<p>Derfor omtaler vi Vilma med pronomenet \u00abhan\u00bb.<\/p>\n","protected":false},"excerpt":{"rendered":"TV4:\u00a0 Politiet fulgte mannen i elleve timer f\u00f8r de slo til. Da kom erkjennelsen som gjorde det klart&hellip;\n","protected":false},"author":2,"featured_media":135782,"comment_status":"","ping_status":"","sticky":false,"template":"","format":"standard","meta":{"footnotes":""},"categories":[12],"tags":[20,21,377,24,25,15,983,22,23,13,30,28,29,14,16,1359,26,27,42,43,44,45],"class_list":{"0":"post-135781","1":"post","2":"type-post","3":"status-publish","4":"format-standard","5":"has-post-thumbnail","7":"category-verden","8":"tag-breaking-news","9":"tag-breakingnews","10":"tag-drap","11":"tag-featured-news","12":"tag-featurednews","13":"tag-headlines","14":"tag-krim","15":"tag-latest-news","16":"tag-latestnews","17":"tag-news","18":"tag-no","19":"tag-norge","20":"tag-norway","21":"tag-nyheter","22":"tag-overskrifter","23":"tag-sverige","24":"tag-top-stories","25":"tag-topstories","26":"tag-verden","27":"tag-world","28":"tag-world-news","29":"tag-worldnews"},"share_on_mastodon":{"url":"https:\/\/pubeurope.com\/@no\/115888218658123106","error":""},"_links":{"self":[{"href":"https:\/\/www.europesays.com\/no\/wp-json\/wp\/v2\/posts\/135781","targetHints":{"allow":["GET"]}}],"collection":[{"href":"https:\/\/www.europesays.com\/no\/wp-json\/wp\/v2\/posts"}],"about":[{"href":"https:\/\/www.europesays.com\/no\/wp-json\/wp\/v2\/types\/post"}],"author":[{"embeddable":true,"href":"https:\/\/www.europesays.com\/no\/wp-json\/wp\/v2\/users\/2"}],"replies":[{"embeddable":true,"href":"https:\/\/www.europesays.com\/no\/wp-json\/wp\/v2\/comments?post=135781"}],"version-history":[{"count":0,"href":"https:\/\/www.europesays.com\/no\/wp-json\/wp\/v2\/posts\/135781\/revisions"}],"wp:featuredmedia":[{"embeddable":true,"href":"https:\/\/www.europesays.com\/no\/wp-json\/wp\/v2\/media\/135782"}],"wp:attachment":[{"href":"https:\/\/www.europesays.com\/no\/wp-json\/wp\/v2\/media?parent=135781"}],"wp:term":[{"taxonomy":"category","embeddable":true,"href":"https:\/\/www.europesays.com\/no\/wp-json\/wp\/v2\/categories?post=135781"},{"taxonomy":"post_tag","embeddable":true,"href":"https:\/\/www.europesays.com\/no\/wp-json\/wp\/v2\/tags?post=135781"}],"curies":[{"name":"wp","href":"https:\/\/api.w.org\/{rel}","templated":true}]}}