{"id":135786,"date":"2026-01-13T14:31:47","date_gmt":"2026-01-13T14:31:47","guid":{"rendered":"https:\/\/www.europesays.com\/no\/135786\/"},"modified":"2026-01-13T14:31:47","modified_gmt":"2026-01-13T14:31:47","slug":"krim-frogner-tok-seg-inn-pa-ambassade-tagging-og-tilsoling","status":"publish","type":"post","link":"https:\/\/www.europesays.com\/no\/135786\/","title":{"rendered":"Krim, Frogner | Tok seg inn p\u00e5 am\u00adbas\u00adsa\u00adde: \u2013 Tag\u00adging og til\u00ads\u00f8\u00adling"},"content":{"rendered":"\n<p>Rett f\u00f8r mid\u00adnatt fikk po\u00adli\u00adti\u00adet mel\u00adding om opp til seks per\u00adso\u00adner som tok seg inn p\u00e5 den irans\u00adke am\u00adbas\u00adsa\u00adden p\u00e5 Frog\u00adner. <\/p>\n<p>\u2013 Det er gjen\u00adnom\u00adf\u00f8rt ska\u00adde\u00adverk i form av tag\u00adging og til\u00ads\u00f8\u00adling med for\u00adment\u00adlig ma\u00adling, skrev ope\u00adra\u00adsjons\u00adle\u00adder Alexander \u00d8s\u00adter\u00adhaug i natt. <\/p>\n<p>Po\u00adli\u00adti\u00adet s\u00f8k\u00adte et\u00adter per\u00adso\u00adne\u00adne, men uten hell. P\u00e5 \u00e5ste\u00addet har de sik\u00adret di\u00adver\u00adse spor, blant an\u00adnet inn\u00adhen\u00adting av vi\u00addeo\u00adma\u00adte\u00adria\u00adle.<\/p>\n<p>Per\u00adso\u00adne\u00adne er mis\u00adtenkt for mi\u00adnst to lov\u00adbrudd. Ska\u00adde\u00adverk og kren\u00adkel\u00adse av re\u00adpre\u00adsen\u00adta\u00adsjon til en frem\u00admed stat. Straf\u00adfe\u00adram\u00admen for sist\u00adnevn\u00adte er bot el\u00adler feng\u00adsel opp til to \u00e5r. <\/p>\n<p>\u2013 Kan ikke ute\u00adluk\u00adke at and\u00adre lov\u00adbrudd ogs\u00e5 kan gj\u00f8\u00adre seg gjel\u00adden\u00adde her, skrev po\u00adli\u00adti\u00adet vi\u00adde\u00adre. <\/p>\n<p>Rett f\u00f8r klok\u00adken 02 meld\u00adte po\u00adli\u00adti\u00adet at s\u00f8ket et\u00adter per\u00adso\u00adne\u00adne ble av\u00adslut\u00adtet, og at sa\u00adken h\u00e5nd\u00adte\u00adres vi\u00adde\u00adre i et\u00adter\u00adforsk\u00adnings\u00adspo\u00adret. <\/p>\n<p>Det iranske flagget ble ogs\u00e5 erstattet med det gamle flagget fra f\u00f8r revolusjonen i 1979. Det ble ogs\u00e5 sprayet \u00abJavid shah\u00bb \u2013 \u00ableve sjahen\u00bb \u2013 p\u00e5 veggen, <\/p>\n","protected":false},"excerpt":{"rendered":"Rett f\u00f8r mid\u00adnatt fikk po\u00adli\u00adti\u00adet mel\u00adding om opp til seks per\u00adso\u00adner som tok seg inn p\u00e5 den irans\u00adke&hellip;\n","protected":false},"author":2,"featured_media":135787,"comment_status":"","ping_status":"","sticky":false,"template":"","format":"standard","meta":{"footnotes":""},"categories":[10],"tags":[36,20,21,24,25,1402,15,15579,983,22,23,13,30,28,29,14,16,1510,26,27],"class_list":{"0":"post-135786","1":"post","2":"type-post","3":"status-publish","4":"format-standard","5":"has-post-thumbnail","7":"category-norge","8":"tag-art","9":"tag-breaking-news","10":"tag-breakingnews","11":"tag-featured-news","12":"tag-featurednews","13":"tag-frogner","14":"tag-headlines","15":"tag-irans-ambassade","16":"tag-krim","17":"tag-latest-news","18":"tag-latestnews","19":"tag-news","20":"tag-no","21":"tag-norge","22":"tag-norway","23":"tag-nyheter","24":"tag-overskrifter","25":"tag-story","26":"tag-top-stories","27":"tag-topstories"},"share_on_mastodon":{"url":"https:\/\/pubeurope.com\/@no\/115888281509229748","error":""},"_links":{"self":[{"href":"https:\/\/www.europesays.com\/no\/wp-json\/wp\/v2\/posts\/135786","targetHints":{"allow":["GET"]}}],"collection":[{"href":"https:\/\/www.europesays.com\/no\/wp-json\/wp\/v2\/posts"}],"about":[{"href":"https:\/\/www.europesays.com\/no\/wp-json\/wp\/v2\/types\/post"}],"author":[{"embeddable":true,"href":"https:\/\/www.europesays.com\/no\/wp-json\/wp\/v2\/users\/2"}],"replies":[{"embeddable":true,"href":"https:\/\/www.europesays.com\/no\/wp-json\/wp\/v2\/comments?post=135786"}],"version-history":[{"count":0,"href":"https:\/\/www.europesays.com\/no\/wp-json\/wp\/v2\/posts\/135786\/revisions"}],"wp:featuredmedia":[{"embeddable":true,"href":"https:\/\/www.europesays.com\/no\/wp-json\/wp\/v2\/media\/135787"}],"wp:attachment":[{"href":"https:\/\/www.europesays.com\/no\/wp-json\/wp\/v2\/media?parent=135786"}],"wp:term":[{"taxonomy":"category","embeddable":true,"href":"https:\/\/www.europesays.com\/no\/wp-json\/wp\/v2\/categories?post=135786"},{"taxonomy":"post_tag","embeddable":true,"href":"https:\/\/www.europesays.com\/no\/wp-json\/wp\/v2\/tags?post=135786"}],"curies":[{"name":"wp","href":"https:\/\/api.w.org\/{rel}","templated":true}]}}